{"id":10002,"date":"2021-11-28T20:39:37","date_gmt":"2021-11-28T19:39:37","guid":{"rendered":"https:\/\/bmin.info\/WP\/?p=10002"},"modified":"2021-11-29T08:53:31","modified_gmt":"2021-11-29T07:53:31","slug":"michael-svoboda-zum-praesidenten-des-oesterreichischen-behindertenrates-gewaehlt","status":"publish","type":"post","link":"https:\/\/bmin.info\/WP\/2021\/11\/28\/michael-svoboda-zum-praesidenten-des-oesterreichischen-behindertenrates-gewaehlt\/","title":{"rendered":"Michael Svoboda zum Pr\u00e4sidenten des \u00d6sterreichischen Behindertenrates gew\u00e4hlt"},"content":{"rendered":"\n<p>Text: \u00d6sterreichischer Behindertenrat<br \/><strong><em>Der Weg von Herbert Pichler wird inhaltlich fortgesetzt<\/em><\/strong><br \/>Wien (OTS) &#8211; Am 25.11.2021 fand der Delegiertentag des \u00d6sterreichischen Behindertenrates statt, diesmal in virtueller Form. Nach dem tragischen <a href=\"https:\/\/bmin.info\/WP\/2021\/04\/03\/herbert-pichler-toedlich-verunglueckt\/\" target=\"_blank\" rel=\"noreferrer noopener\">Unfalltod von Herbert Pichler<\/a> im Fr\u00fchjahr 2021 \u00fcbernahm <a href=\"https:\/\/bmin.info\/WP\/2021\/04\/23\/behindertenrat-praesident-michael-svoboda-und-oeziv-praesident-rudolf-kravanja-vorgestellt\/\" target=\"_blank\" rel=\"noreferrer noopener\">Mag. Michael Svoboda (Pr\u00e4sident des KOBV) als kooptierter Pr\u00e4sident<\/a>, nun wurde er von den Mitgliedsorganisationen zum Pr\u00e4sidenten des \u00d6sterreichischen Behindertenrates gew\u00e4hlt.<\/p>\n\n\n\n<div class=\"wp-block-image\"><figure class=\"alignleft size-large is-resized\"><a href=\"https:\/\/bmin.info\/WP\/wp-content\/uploads\/2021\/04\/H.-Pichler.jpg\"><img decoding=\"async\" src=\"https:\/\/bmin.info\/WP\/wp-content\/uploads\/2021\/04\/H.-Pichler.jpg\" alt=\"\" class=\"wp-image-8608\" width=\"120\" height=\"NaN\" srcset=\"https:\/\/bmin.info\/WP\/wp-content\/uploads\/2021\/04\/H.-Pichler.jpg 194w, https:\/\/bmin.info\/WP\/wp-content\/uploads\/2021\/04\/H.-Pichler-108x144.jpg 108w\" sizes=\"(max-width: 194px) 100vw, 194px\" \/><\/a><figcaption>Herbert Pichler<\/figcaption><\/figure><\/div>\n\n\n\n<div class=\"wp-block-image\"><figure class=\"alignright size-large is-resized\"><a href=\"https:\/\/bmin.info\/WP\/wp-content\/uploads\/2021\/11\/Michael-Svoboda.jpg\"><img loading=\"lazy\" decoding=\"async\" src=\"https:\/\/bmin.info\/WP\/wp-content\/uploads\/2021\/11\/Michael-Svoboda.jpg\" alt=\"\" class=\"wp-image-10011\" width=\"150\" height=\"150\" srcset=\"https:\/\/bmin.info\/WP\/wp-content\/uploads\/2021\/11\/Michael-Svoboda.jpg 200w, https:\/\/bmin.info\/WP\/wp-content\/uploads\/2021\/11\/Michael-Svoboda-150x150.jpg 150w, https:\/\/bmin.info\/WP\/wp-content\/uploads\/2021\/11\/Michael-Svoboda-144x144.jpg 144w\" sizes=\"auto, (max-width: 150px) 100vw, 150px\" \/><\/a><figcaption>Mag. Michael Svoboda&nbsp;<\/figcaption><\/figure><\/div>\n\n\n\n<p>Einen wichtigen Teil des Delegiertentages machte das Gedenken an den verstorbenen Pr\u00e4sidenten Herbert Pichler aus. Es wurde gemeinsam daran erinnert, dass er sich als Pr\u00e4sident f\u00fcr alle Menschen mit Behinderungen einsetzte. Ein besonderes Anliegen waren f\u00fcr ihn jene, die keine gro\u00dfe Lobby haben: Menschen mit Lernschwierigkeiten, Menschen mit psychischen Erkrankungen, Frauen mit Behinderungen, geh\u00f6rlose Menschen, taubblinde Menschen. Mag. Michael Svoboda bekr\u00e4ftigte als Pr\u00e4sident den Weg von Herbert Pichler fortf\u00fchren zu wollen.<\/p>\n\n\n\n<div class=\"wp-block-image\"><figure class=\"aligncenter size-large is-resized\"><a href=\"https:\/\/bmin.info\/WP\/wp-content\/uploads\/2021\/11\/10206.jpg\"><img loading=\"lazy\" decoding=\"async\" src=\"https:\/\/bmin.info\/WP\/wp-content\/uploads\/2021\/11\/10206.jpg\" alt=\"\" class=\"wp-image-10014\" width=\"349\" height=\"115\"\/><\/a><\/figure><\/div>\n\n\n\n<p><em>\u201eWir als die Gemeinschaft der Behindertenorganisationen werden uns weiterhin daf\u00fcr einsetzen, dass es Menschen mit Behinderungen in \u00d6sterreich k\u00fcnftig besser geht\u201c,<\/em> so Pr\u00e4sident Svoboda bei seiner Schlussansprache.<\/p>\n\n\n\n<p><strong>Das Pr\u00e4sidium des \u00d6sterreichischen Behindertenrates besteht nun aus:<\/strong><br \/>Pr\u00e4sident: Michael Svoboda (KOBV)<br \/>1. Vizepr\u00e4sident: Klaus Widl (CBMF)<br \/>2. Vizepr\u00e4sident Erich Schmid (BSV\u00d6)<br \/>3. Vizepr\u00e4sidentin: Markus Neuherz (Lebenshilfe)<br \/>4. Vizepr\u00e4sidentin: Eva Leutner, MAS (pro mente Austria)<br \/>5. Vizepr\u00e4sidentin: Roswitha Schachinger (WAG Assistenzgenossenschaft)<br \/>6. Vizepr\u00e4sident: Rudolf Kravanja (\u00d6ZIV)<br \/>Kassier: Franz Groschan (KOBV) \/ Kassier Stellvertretung: Christina Schneyder (dabei-austria)<br \/>Schriftf\u00fchrerin: Silvia Kunz (BBRZ) \/ Schriftf\u00fchrerin Stellvertretung: Johanna Pisecky (Diakonie)<br \/>Selbstvertreter: Andreas Zehetner (Forum Selbstvertretung)<br \/>Ehrenpr\u00e4sident: Klaus Voget<\/p>\n\n\n\n<p>Mit Roswitha Schachinger von der WAG Assistenzgenossenschaft ist erstmals auch eine Vertreterin der Selbstbestimmt-Leben-Bewegung Teil des Pr\u00e4sidiums des \u00d6sterreichischen Behindertenrates.<\/p>\n","protected":false},"excerpt":{"rendered":"<p>Text: \u00d6sterreichischer BehindertenratDer Weg von Herbert Pichler wird inhaltlich fortgesetztWien (OTS) &#8211; Am 25.11.2021 fand der Delegiertentag des \u00d6sterreichischen Behindertenrates statt, diesmal in virtueller Form. Nach dem tragischen Unfalltod von Herbert Pichler im Fr\u00fchjahr 2021 \u00fcbernahm Mag. Michael Svoboda (Pr\u00e4sident des KOBV) als kooptierter Pr\u00e4sident, nun wurde er von den Mitgliedsorganisationen zum Pr\u00e4sidenten des \u00d6sterreichischen&#8230; <a href=\"https:\/\/bmin.info\/WP\/2021\/11\/28\/michael-svoboda-zum-praesidenten-des-oesterreichischen-behindertenrates-gewaehlt\/\" class=\"more-link\">Continue reading <span class=\"screen-reader-text\">Michael Svoboda zum Pr\u00e4sidenten des \u00d6sterreichischen Behindertenrates gew\u00e4hlt<\/span><\/a><\/p>\n","protected":false},"author":3,"featured_media":0,"comment_status":"closed","ping_status":"closed","sticky":false,"template":"","format":"standard","meta":{"footnotes":""},"categories":[3],"tags":[],"class_list":["post-10002","post","type-post","status-publish","format-standard","hentry","category-info"],"_links":{"self":[{"href":"https:\/\/bmin.info\/WP\/wp-json\/wp\/v2\/posts\/10002","targetHints":{"allow":["GET"]}}],"collection":[{"href":"https:\/\/bmin.info\/WP\/wp-json\/wp\/v2\/posts"}],"about":[{"href":"https:\/\/bmin.info\/WP\/wp-json\/wp\/v2\/types\/post"}],"author":[{"embeddable":true,"href":"https:\/\/bmin.info\/WP\/wp-json\/wp\/v2\/users\/3"}],"replies":[{"embeddable":true,"href":"https:\/\/bmin.info\/WP\/wp-json\/wp\/v2\/comments?post=10002"}],"version-history":[{"count":11,"href":"https:\/\/bmin.info\/WP\/wp-json\/wp\/v2\/posts\/10002\/revisions"}],"predecessor-version":[{"id":10025,"href":"https:\/\/bmin.info\/WP\/wp-json\/wp\/v2\/posts\/10002\/revisions\/10025"}],"wp:attachment":[{"href":"https:\/\/bmin.info\/WP\/wp-json\/wp\/v2\/media?parent=10002"}],"wp:term":[{"taxonomy":"category","embeddable":true,"href":"https:\/\/bmin.info\/WP\/wp-json\/wp\/v2\/categories?post=10002"},{"taxonomy":"post_tag","embeddable":true,"href":"https:\/\/bmin.info\/WP\/wp-json\/wp\/v2\/tags?post=10002"}],"curies":[{"name":"wp","href":"https:\/\/api.w.org\/{rel}","templated":true}]}}