{"id":10030,"date":"2021-12-01T12:49:36","date_gmt":"2021-12-01T11:49:36","guid":{"rendered":"https:\/\/bmin.info\/WP\/?p=10030"},"modified":"2021-12-02T09:16:30","modified_gmt":"2021-12-02T08:16:30","slug":"licht-ins-dunkel-ist-das-gegenteil-von-inklusion","status":"publish","type":"post","link":"https:\/\/bmin.info\/WP\/2021\/12\/01\/licht-ins-dunkel-ist-das-gegenteil-von-inklusion\/","title":{"rendered":"&#8222;Licht ins Dunkel&#8220; ist das Gegenteil von Inklusion!"},"content":{"rendered":"\n<p>Text: <a href=\"https:\/\/bernhardjenny.blog\/tag\/wikipedia\/\">Bernhard Jenny<\/a>&nbsp;<br \/><em>Bevor die Frage, wer wen wie wo im ORF-Gala-Studio fotografiert hat, alles verdeckt, sollten wir das Prinzip &#8222;Licht ins Dunkel&#8220; hinterfragen<\/em><\/p>\n\n\n\n<p>Die defektorientierte Wahrnehmung von Menschen ist in der Weihnachtszeit besonders beliebt. &#8222;Licht ins Dunkel&#8220; feiert sich \u2013 neben \u00e4hnlichen Trittbrettaktionen \u2013 wieder einmal selbst, da soll Freude aufkommen, wenn die Spendenden sich Wohlf\u00fchleinheiten erkaufen. Motto: &#8222;Toll, wie viel Licht wir wieder ins Dunkel gebracht haben.&#8220;<\/p>\n\n\n\n<div class=\"wp-block-image\"><figure class=\"aligncenter size-large\"><a href=\"https:\/\/bmin.info\/WP\/wp-content\/uploads\/2021\/12\/LichtinsDunkelKoglerSchallenberg2021111.jpg\"><img loading=\"lazy\" decoding=\"async\" width=\"600\" height=\"337\" src=\"https:\/\/bmin.info\/WP\/wp-content\/uploads\/2021\/12\/LichtinsDunkelKoglerSchallenberg2021111.jpg\" alt=\"\" class=\"wp-image-10048\" srcset=\"https:\/\/bmin.info\/WP\/wp-content\/uploads\/2021\/12\/LichtinsDunkelKoglerSchallenberg2021111.jpg 600w, https:\/\/bmin.info\/WP\/wp-content\/uploads\/2021\/12\/LichtinsDunkelKoglerSchallenberg2021111-300x169.jpg 300w, https:\/\/bmin.info\/WP\/wp-content\/uploads\/2021\/12\/LichtinsDunkelKoglerSchallenberg2021111-144x81.jpg 144w\" sizes=\"auto, (max-width: 600px) 100vw, 600px\" \/><\/a><\/figure><\/div>\n\n\n\n<p>Es geht nicht darum, dass eine Unterst\u00fctzung diverser Projekte nicht wichtig w\u00e4re. Aber einen Teil der Menschen zu einer gro\u00dfen Masse von Hilfsempf\u00e4nger zu machen, die angeblich im &#8222;Dunkeln&#8220; sitzen, ist erniedrigend. Trotz der bereits seit Jahren anhaltenden Proteste bleibt die Aktion so schwerf\u00e4llig wie die Gesellschaft selbst. In einem typischen &#8222;Licht ins Dunkel&#8220;-Spot hie\u00df es ein Mal: &#8222;Mit einer Behinderung ist der Weg zum Gl\u00fcck l\u00e4nger.&#8220; Solche Denkweisen teilen unsere Welt in Helfende und Hilfsbed\u00fcrftige, in jene, die Licht haben und jene, die im Dunkeln sitzen.<\/p>\n\n\n\n<p>Dabei sitzen wir alle selbst oft genug im Dunkeln. Im Dunkeln des Konsumismus, im Dunkeln des Wachstums, im Dunkeln der heilen Welt. Menschen, die die eine oder andere Beeintr\u00e4chtigung oder Behinderung haben, d\u00fcrfen niemals zu Objekten, auch nicht von Begl\u00fcckungsaktionen, werden, sie sind Wert und Licht in dieser Welt wie wir alle.<\/p>\n\n\n\n<p><strong>Es geht um Augenh\u00f6he<\/strong><br \/>Gemeinsam an einem Tisch sitzen und nicht auf die Schulter klopfen, gemeinsam die Gesellschaft gestalten, damit alle bekommen, was sie zu ihrem Leben brauchen, Menschen in ihrem Verm\u00f6gen und Dasein anerkennen und nicht auf den Defekt reduzieren.<\/p>\n\n\n\n<p>Da haben sehr viele noch nicht verstanden, was Inklusion bedeutet. Dass Segregation grunds\u00e4tzlich niemals mit Inklusion vereinbar ist, dass jede Form von <em>Sonder<\/em>anstalten und <em>Sonder<\/em>einrichtungen das genaue Gegenteil von Inklusion sind, egal wie viele Ausfl\u00fcge und Besuche stattfinden. Die <a href=\"http:\/\/www.ris.bka.gv.at\/Dokumente\/BgblAuth\/BGBLA_2008_III_155\/COO_2026_100_2_483536.pdf\">&#8222;UN-Konvention \u00fcber die Rechte von Menschen mit Behinderungen&#8220;<\/a> sinnerfassend lesen, w\u00fcrde nicht schaden.<\/p>\n\n\n\n<p><strong>Inklusion betrifft alle<\/strong><br \/>Inklusion ist kein Prinzip der Erziehung, Betreuung oder Wohnformen f\u00fcr Menschen mit Behinderung. Inklusion ist das Prinzip, dass Menschen grunds\u00e4tzlich verschieden sind, die Unterschiede aber niemals zum Anlass f\u00fcr Segregation \u2013 in welcher Form auch immer \u2013 werden d\u00fcrfen.<\/p>\n\n\n\n<p>An dem Tag, wo uns \u201cBehindertenheime\u201d so absurd vorkommen wie \u201cSonderanstalten f\u00fcr Rechtsh\u00e4nder\u201d, \u201cBrillentr\u00e4gerheime\u201d oder \u201cArbeitslosenheime\u201d w\u00e4re ein wesentlicher Schritt geschafft. Traurig, dass sie uns in Zusammenhang mit Pflegebed\u00fcrftigen, aber auch im Falle von fl\u00fcchtenden Menschen so ungemein gel\u00e4ufig sind. \u201eHeim\u201c ist allzu oft ein Synonym daf\u00fcr, dass die Gesellschaft nicht wei\u00df, wohin mit jenen Menschen, die ein \u201ebesonderes\u201c Kriterium erf\u00fcllen.<\/p>\n\n\n\n<p>Aber zugegeben: medienwirksamer sind sch\u00f6n ausgestattete Heimzimmer, supergefederte Rollst\u00fchle und dankbare Spendenempf\u00e4nger. Weihnachten eben. Wem das immer noch zu tragisch ist, der kann mit seiner Spendenwut ja auf Gnadenh\u00f6fe f\u00fcr Tiere ausweichen.<\/p>\n\n\n\n<p>Das Problem ist aber nicht, dass x oder y einen besonderen Rollstuhl braucht, sondern, dass dieser Rollstuhl nicht von uns selbstverst\u00e4ndlich bereitgestellt wird. Spendenaktionen sollten f\u00fcr marode Banken eingef\u00fchrt werden und im Gegenzug staatliche Garantien f\u00fcr Menschen. Ich w\u00fcnsche dem Diskurs jenseits von Partei- und Ideologiegrenzen einen Durchbruch in der Erkenntnis, wie revolution\u00e4r und bereichernd f\u00fcr <em>alle<\/em> die Umsetzung der Inklusion sein kann und dass Inklusion keine Verlierer produziert. Von der Gestaltung der Lebensm\u00f6glichkeiten f\u00fcr <em>alle<\/em> profitieren eben auch <em>alle<\/em>.<\/p>\n\n\n\n<p><strong>Die ganze Gesellschaft<\/strong><br \/>Eine \u201eganze Gesellschaft\u201c spendet nicht f\u00fcr jene, die ausgegrenzt werden, eine \u201eganze Gesellschaft\u201c grenzt sie erst gar nicht aus.<\/p>\n\n\n\n<div class=\"wp-block-image\"><figure class=\"alignright size-large is-resized\"><a href=\"https:\/\/about.me\/bernhardjenny\"><img loading=\"lazy\" decoding=\"async\" src=\"https:\/\/bmin.info\/WP\/wp-content\/uploads\/2021\/12\/bernhard_jenny.jpg\" alt=\"\" class=\"wp-image-10054\" width=\"228\" height=\"301\"\/><\/a><figcaption><em>Bernhard Jenny<\/em><\/figcaption><\/figure><\/div>\n\n\n\n<p>Eine Wandlung unserer segregierenden Gesellschaft zu einer inklusiven gibt es nicht zum Nulltarif. Soviel muss auch klar sein. Nichts ist zynischer als Pseudoinklusion ohne entsprechender Bereitstellung von Mitteln.<\/p>\n\n\n\n<p>Gerade in Zeiten der Pandemie sind nun ganz neue Betroffene auf verschiedenste Hilfen angewiesen, die ihnen von der Gesellschaft vorenthalten werden. Die Folgen f\u00fcr Long-Covid-Erkrankte sind derzeit noch nicht einmal richtig wahrgenommen, Menschen werden neuerlich allein gelassen. Wir brauchen viel mehr Energie und \u00c4nderungswillen als die gr\u00f6\u00dfte Spende ins Dunkel.&nbsp;Aber es w\u00e4re wirklich Licht!<\/p>\n\n\n\n<p>Viele Betroffene beziehungsweise Menschen aus Institutionen wollen oder k\u00f6nnen nicht offen kritisieren, weil sie auf die Mittel durch die Aktion \u201eLicht ins Dunkel\u201c angewiesen sind. Sie sind zum \u201emitspielen\u201c gezwungen. So geht Segregation \u2013 nicht Inklusion!<\/p>\n\n\n\n<p>Solange Spenden Segregation f\u00f6rdern, machen sie Weihnachten ganz finster.<\/p>\n\n\n\n<p>PS. Wer Menschen hinter ihrem R\u00fccken zu Objekten macht, disqualifiziert sich nachhaltig. Soviel zum &#8222;Fotogate&#8220; in der Galashow. (<a href=\"https:\/\/about.me\/bernhardjenny\">Bernhard Jenny<\/a>, 30.11.2021)<\/p>\n\n\n\n<p>Artikel zum Thema:<br \/><a href=\"https:\/\/bmin.info\/WP\/2021\/09\/11\/licht-ins-dunkel-inklusions-medienpreis-im-sinne-von-herbert-pichler\/\">LICHT INS DUNKEL \u2013 INKLUSIONS-MEDIENPREIS im Sinne von Herbert Pichler?<\/a><br \/><strong>Vorgeschichte: <\/strong>Herbert Pichler, Pr\u00e4sident des \u00d6sterreichischen Behindertenrates ist im April 2021 t\u00f6dlich verungl\u00fcckt. Er setzte sich u.a. beim ORF daf\u00fcr ein, dass mehr Sendezeit f\u00fcr \u2026<\/p>\n","protected":false},"excerpt":{"rendered":"<p>Text: Bernhard Jenny&nbsp;Bevor die Frage, wer wen wie wo im ORF-Gala-Studio fotografiert hat, alles verdeckt, sollten wir das Prinzip &#8222;Licht ins Dunkel&#8220; hinterfragen Die defektorientierte Wahrnehmung von Menschen ist in der Weihnachtszeit besonders beliebt. &#8222;Licht ins Dunkel&#8220; feiert sich \u2013 neben \u00e4hnlichen Trittbrettaktionen \u2013 wieder einmal selbst, da soll Freude aufkommen, wenn die Spendenden sich&#8230; <a href=\"https:\/\/bmin.info\/WP\/2021\/12\/01\/licht-ins-dunkel-ist-das-gegenteil-von-inklusion\/\" class=\"more-link\">Continue reading <span class=\"screen-reader-text\">&#8222;Licht ins Dunkel&#8220; ist das Gegenteil von Inklusion!<\/span><\/a><\/p>\n","protected":false},"author":3,"featured_media":0,"comment_status":"closed","ping_status":"closed","sticky":false,"template":"","format":"standard","meta":{"footnotes":""},"categories":[3],"tags":[],"class_list":["post-10030","post","type-post","status-publish","format-standard","hentry","category-info"],"_links":{"self":[{"href":"https:\/\/bmin.info\/WP\/wp-json\/wp\/v2\/posts\/10030","targetHints":{"allow":["GET"]}}],"collection":[{"href":"https:\/\/bmin.info\/WP\/wp-json\/wp\/v2\/posts"}],"about":[{"href":"https:\/\/bmin.info\/WP\/wp-json\/wp\/v2\/types\/post"}],"author":[{"embeddable":true,"href":"https:\/\/bmin.info\/WP\/wp-json\/wp\/v2\/users\/3"}],"replies":[{"embeddable":true,"href":"https:\/\/bmin.info\/WP\/wp-json\/wp\/v2\/comments?post=10030"}],"version-history":[{"count":9,"href":"https:\/\/bmin.info\/WP\/wp-json\/wp\/v2\/posts\/10030\/revisions"}],"predecessor-version":[{"id":10064,"href":"https:\/\/bmin.info\/WP\/wp-json\/wp\/v2\/posts\/10030\/revisions\/10064"}],"wp:attachment":[{"href":"https:\/\/bmin.info\/WP\/wp-json\/wp\/v2\/media?parent=10030"}],"wp:term":[{"taxonomy":"category","embeddable":true,"href":"https:\/\/bmin.info\/WP\/wp-json\/wp\/v2\/categories?post=10030"},{"taxonomy":"post_tag","embeddable":true,"href":"https:\/\/bmin.info\/WP\/wp-json\/wp\/v2\/tags?post=10030"}],"curies":[{"name":"wp","href":"https:\/\/api.w.org\/{rel}","templated":true}]}}