{"id":10047,"date":"2021-12-01T20:09:00","date_gmt":"2021-12-01T19:09:00","guid":{"rendered":"https:\/\/bmin.info\/WP\/?p=10047"},"modified":"2021-12-04T08:24:26","modified_gmt":"2021-12-04T07:24:26","slug":"inklusion-gibt-es-nicht-zum-nulltarif","status":"publish","type":"post","link":"https:\/\/bmin.info\/WP\/2021\/12\/01\/inklusion-gibt-es-nicht-zum-nulltarif\/","title":{"rendered":"Inklusion gibt es nicht zum Nulltarif!"},"content":{"rendered":"\n<p>Text: Behindertenanwaltschaft<br \/>Wien (OTS) &#8211; Am 3. Dezember 2021 wird der internationale Tag der Menschen mit Behinderungen begangen. Gleichzeitig steht der Nationale Aktionsplan Behinderung (NAP) f\u00fcr die Jahre 2022 bis 2030, zu dessen Umsetzung ein Inklusionsfonds unbedingt ben\u00f6tigt wird, vor seiner Fertigstellung.<\/p>\n\n\n\n<p>Der Nationale Aktionsplan Behinderung wurde geschaffen, um die Umsetzung der von \u00d6sterreich im Jahr 2008 ratifizierten UN-Konvention \u00fcber die Rechte von Menschen mit Behinderungen voranzutreiben und ist damit eine zentrale Leitlinie \u00f6sterreichischer Behindertenpolitik. Er soll konkrete Ma\u00dfnahmen enthalten, um die Teilhabe und Gleichstellung von Menschen mit Behinderungen in \u00d6sterreich zu forcieren. Die \u00f6ffentliche Begutachtung des \u201eneuen\u201c Nationalen Aktionsplans Behinderung wird voraussichtlich im J\u00e4nner 2022 beginnen.<\/p>\n\n\n\n<p>Ob der Nationale Aktionsplan Behinderung 2022-2030 tats\u00e4chlich die Lebensrealit\u00e4ten von Menschen mit Behinderungen positiv ver\u00e4ndern wird, h\u00e4ngt zu einem gro\u00dfen Teil davon ab, ob die im Nationalen Aktionsplan Behinderung festgeschriebenen Ma\u00dfnahmen auch budget\u00e4r bedeckt sind und damit durchgef\u00fchrt werden k\u00f6nnen. Es darf n\u00e4mlich nicht vom Wohlwollen des oder der jeweiligen Finanzverantwortlichen abh\u00e4ngen, ob die von der Bundesregierung beschlossenen Vorhaben tats\u00e4chlich durchgef\u00fchrt werden k\u00f6nnen, oder nicht. Dazu ist eine klare Finanzierungszusage unbedingt vonn\u00f6ten!<\/p>\n\n\n\n<p>Der \u00d6sterreichische Behindertenrat, BIZEPS &#8211; Zentrum f\u00fcr Selbstbestimmtes Leben, der Blinden- und Sehbehindertenverband \u00d6sterreich (BSV\u00d6), die Lebenshilfe \u00d6sterreich, der Monitoringausschuss, SLI\u00d6 -Selbstbestimmt Leben \u00d6sterreich und der Behindertenanwalt fordern daher eine bedarfsgerechte Finanzierung der im Nationalen Aktionsplan Behinderung enthaltenen Ma\u00dfnahmen.<\/p>\n\n\n\n<p>Daf\u00fcr ist, wie im Regierungsprogramm angedacht, die Einrichtung eines Inklusionsfonds zur Finanzierung von Ma\u00dfnahmen, die in der Schnittstelle zwischen Bundes- und Landeskompetenz liegen, unbedingt erforderlich.<\/p>\n\n\n\n<div class=\"wp-block-image\"><figure class=\"aligncenter size-large is-resized\"><a href=\"http:\/\/www.behindertenanwalt.gv.at\/\"><img loading=\"lazy\" decoding=\"async\" src=\"https:\/\/bmin.info\/WP\/wp-content\/uploads\/2021\/12\/Logo-Behindertenanwalt.png\" alt=\"\" class=\"wp-image-10061\" width=\"615\" height=\"135\" srcset=\"https:\/\/bmin.info\/WP\/wp-content\/uploads\/2021\/12\/Logo-Behindertenanwalt.png 346w, https:\/\/bmin.info\/WP\/wp-content\/uploads\/2021\/12\/Logo-Behindertenanwalt-300x66.png 300w, https:\/\/bmin.info\/WP\/wp-content\/uploads\/2021\/12\/Logo-Behindertenanwalt-144x32.png 144w\" sizes=\"auto, (max-width: 615px) 100vw, 615px\" \/><\/a><\/figure><\/div>\n\n\n\n<p>Der Inklusionsfonds soll, \u00e4hnlich dem Pflegefonds, aus finanziellen Mitteln des Bundes und der L\u00e4nder gespeist werden und der Finanzierung individuell ben\u00f6tigter Leistungen mit dem Ziel einer umfassenden Teilhabe von Menschen mit Behinderungen dienen. \u201eBeispiele daf\u00fcr sind die Bereitstellung umfassender Pers\u00f6nlicher Assistenz f\u00fcr alle die sie ben\u00f6tigen sowie die energische Intensivierung einer umfassenden De-Institutionalisierung,\u201c erl\u00e4utert Behindertenanwalt Hansj\u00f6rg Hofer.<\/p>\n\n\n\n<p>&#8222;Die gleichberechtigte Teilhabe und Inklusion aller darf nicht zu einer Frage der Finanzierung werden. Mit dem NAP k\u00f6nnen wichtige Fortschritte erzielt werden &#8211; daf\u00fcr ist die Finanzierungsfrage aber rechtzeitig und umfassend zu kl\u00e4ren&#8220;, gibt Dr. Markus Wolf, Pr\u00e4sident des Blinden- und Sehbehindertenverbandes \u00d6sterreich zu bedenken.<\/p>\n\n\n\n<p>\u201eBesonders in jenen Bereichen, die sich resistent gegen\u00fcber der Umsetzung der UN-Konvention \u00fcber die Rechte von Menschen mit Behinderungen erwiesen haben, ist der NAP ein wichtiges Instrument. Die besten Ma\u00dfnahmen greifen nur, wenn sie budget\u00e4r abgesichert sind. Das im Regierungsprogramm enthaltene Bekenntnis zur Inklusion von Menschen mit Behinderungen darf kein Lippenbekenntnis sein, sondern muss eine entsprechende Finanzierung garantieren&#8220;, so Christine Steger &#8211; Vorsitzende des Unabh\u00e4ngigen Monitoringausschusses.<\/p>\n\n\n\n<p>\u201eVolle Inklusion und uneingeschr\u00e4nkte Teilhabe von 1,4 Millionen Menschen mit Behinderungen ist nicht zum Nulltarif zu haben. Die n\u00f6tigen Investitionen sind zu t\u00e4tigen und werden sogar volkswirtschaftlichen Nutzen stiften. Selbstbestimmtes Leben von Menschen mit Behinderungen rechnet sich f\u00fcr alle,\u201c f\u00fchrt Michael Svoboda \u2013 Pr\u00e4sident des \u00d6sterreichischen Behindertenrats &#8211; an.<\/p>\n\n\n\n<p>Artikel und Presseaussendungen zum Thema:<br \/><a href=\"https:\/\/www.ots.at\/presseaussendung\/OTS_20211203_OTS0026\/mueckstein-umfassende-barrierefreie-teilhabe-von-menschen-mit-behinderungen-in-allen-bereichen-des-lebens-ist-das-ziel\">M\u00fcckstein: Umfassende, barrierefreie Teilhabe von Menschen mit Behinderungen in allen Bereichen des Lebens ist das Ziel<\/a> (BMSGPK)<br \/>&nbsp;<em>Sozialministerium setzt 2022 gezielt Schwerpunkte, um Lebensrealit\u00e4ten von Menschen mit Behinderungen zu verbessern<\/em><\/p>\n\n\n\n<p><a href=\"https:\/\/www.ots.at\/presseaussendung\/OTS_20211203_OTS0175\/internationaler-tag-der-menschen-mit-behinderungen\">Internationaler Tag der Menschen mit Behinderungen<\/a><strong> (<\/strong>\u00d6ZIV Burgenland)<br \/><em>Echte Inklusion braucht endlich Taten!<\/em><br \/><br \/><a href=\"https:\/\/bmin.info\/WP\/2021\/12\/03\/doebling-internationaler-tag-der-menschen-mit-behinderungen\/\">D\u00f6bling: Internationaler Tag der Menschen mit Behinderungen<\/a> (BMIN)<br \/><em>Jedes Jahr findet seit 1993 am 3. Dezember von den Vereinten Nationen ausgerufenen Gedenktag der Menschen mit Behinderung (engl. International Day of Persons with Disabilities) \u2026<\/em><br \/><br \/><a href=\"https:\/\/kurier.at\/chronik\/wien\/tag-der-menschen-mit-behinderung-eine-ganz-besondere-messe-im-stephansdom\/401829085\">Tag der Menschen mit Behinderung: Eine ganz besondere Messe im Stephansdom<\/a> (Kurier)<br \/><em>Am Freitag wurde ein Gottesdienst von eben diesen Menschen mit vielen Highlights selbst gestaltet<\/em><\/p>\n","protected":false},"excerpt":{"rendered":"<p>Text: BehindertenanwaltschaftWien (OTS) &#8211; Am 3. Dezember 2021 wird der internationale Tag der Menschen mit Behinderungen begangen. Gleichzeitig steht der Nationale Aktionsplan Behinderung (NAP) f\u00fcr die Jahre 2022 bis 2030, zu dessen Umsetzung ein Inklusionsfonds unbedingt ben\u00f6tigt wird, vor seiner Fertigstellung. Der Nationale Aktionsplan Behinderung wurde geschaffen, um die Umsetzung der von \u00d6sterreich im Jahr&#8230; <a href=\"https:\/\/bmin.info\/WP\/2021\/12\/01\/inklusion-gibt-es-nicht-zum-nulltarif\/\" class=\"more-link\">Continue reading <span class=\"screen-reader-text\">Inklusion gibt es nicht zum Nulltarif!<\/span><\/a><\/p>\n","protected":false},"author":3,"featured_media":0,"comment_status":"closed","ping_status":"closed","sticky":false,"template":"","format":"standard","meta":{"footnotes":""},"categories":[3],"tags":[],"class_list":["post-10047","post","type-post","status-publish","format-standard","hentry","category-info"],"_links":{"self":[{"href":"https:\/\/bmin.info\/WP\/wp-json\/wp\/v2\/posts\/10047","targetHints":{"allow":["GET"]}}],"collection":[{"href":"https:\/\/bmin.info\/WP\/wp-json\/wp\/v2\/posts"}],"about":[{"href":"https:\/\/bmin.info\/WP\/wp-json\/wp\/v2\/types\/post"}],"author":[{"embeddable":true,"href":"https:\/\/bmin.info\/WP\/wp-json\/wp\/v2\/users\/3"}],"replies":[{"embeddable":true,"href":"https:\/\/bmin.info\/WP\/wp-json\/wp\/v2\/comments?post=10047"}],"version-history":[{"count":7,"href":"https:\/\/bmin.info\/WP\/wp-json\/wp\/v2\/posts\/10047\/revisions"}],"predecessor-version":[{"id":10088,"href":"https:\/\/bmin.info\/WP\/wp-json\/wp\/v2\/posts\/10047\/revisions\/10088"}],"wp:attachment":[{"href":"https:\/\/bmin.info\/WP\/wp-json\/wp\/v2\/media?parent=10047"}],"wp:term":[{"taxonomy":"category","embeddable":true,"href":"https:\/\/bmin.info\/WP\/wp-json\/wp\/v2\/categories?post=10047"},{"taxonomy":"post_tag","embeddable":true,"href":"https:\/\/bmin.info\/WP\/wp-json\/wp\/v2\/tags?post=10047"}],"curies":[{"name":"wp","href":"https:\/\/api.w.org\/{rel}","templated":true}]}}