{"id":10058,"date":"2021-12-03T10:38:00","date_gmt":"2021-12-03T09:38:00","guid":{"rendered":"https:\/\/bmin.info\/WP\/?p=10058"},"modified":"2021-12-04T08:23:50","modified_gmt":"2021-12-04T07:23:50","slug":"doebling-internationaler-tag-der-menschen-mit-behinderungen","status":"publish","type":"post","link":"https:\/\/bmin.info\/WP\/2021\/12\/03\/doebling-internationaler-tag-der-menschen-mit-behinderungen\/","title":{"rendered":"D\u00f6bling: Internationaler Tag der Menschen mit Behinderungen"},"content":{"rendered":"\n<p>Text: Pepo Meia, Daniel Ray<br \/>Jedes Jahr findet seit 1993 am 3. Dezember von den Vereinten Nationen ausgerufenen <a href=\"https:\/\/de.wikipedia.org\/wiki\/Internationaler_Tag_der_Menschen_mit_Behinderungen\">Gedenktag der Menschen mit Behinderung<\/a> (engl. International Day of Persons with Disabilities) statt. Mit dem Ziel, das Bewusstsein der \u00d6ffentlichkeit f\u00fcr die Probleme von Menschen mit Behinderungen zu sensibilisieren.<\/p>\n\n\n\n<p>BMIN m\u00f6chte daran erinnern, dass D\u00f6bling in Wien einen anderen Weg geht als andere Wiener Gemeindebezirke. Im Mai 2021 wurde unser Vorschlag aufgegriffen und von Bezirksvorsteher <a href=\"https:\/\/de.wikipedia.org\/wiki\/Daniel_Resch\">Daniel Resch<\/a> (\u00d6VP), ein Behindertenbeauftragter installiert.<\/p>\n\n\n\n<div class=\"wp-block-image\"><figure class=\"alignright size-large is-resized\"><a href=\"https:\/\/bmin.info\/WP\/wp-content\/uploads\/2021\/12\/gregor_lautner-1.jpg\"><img loading=\"lazy\" decoding=\"async\" src=\"https:\/\/bmin.info\/WP\/wp-content\/uploads\/2021\/12\/gregor_lautner-1-768x1024.jpg\" alt=\"\" class=\"wp-image-10069\" width=\"192\" height=\"256\" srcset=\"https:\/\/bmin.info\/WP\/wp-content\/uploads\/2021\/12\/gregor_lautner-1-768x1024.jpg 768w, https:\/\/bmin.info\/WP\/wp-content\/uploads\/2021\/12\/gregor_lautner-1-225x300.jpg 225w, https:\/\/bmin.info\/WP\/wp-content\/uploads\/2021\/12\/gregor_lautner-1-108x144.jpg 108w, https:\/\/bmin.info\/WP\/wp-content\/uploads\/2021\/12\/gregor_lautner-1.jpg 960w\" sizes=\"auto, (max-width: 192px) 100vw, 192px\" \/><\/a><figcaption><em>Gregor Lautner<\/em><\/figcaption><\/figure><\/div>\n\n\n\n<p>Wir begr\u00fc\u00dfen, dass Bezirksrat <a href=\"https:\/\/bmin.info\/WP\/2021\/05\/10\/wien-doebling-gregor-lautner-ist-behindertenbeauftragter\/\">Gregor Lautner<\/a> (\u00d6VP) im lokalen Bereich auch ein Ansprechpartner f\u00fcr die Anliegen von Menschen mit Behinderungen ist. Lautner ist gut vernetzt. Er ist Vorsitzender der Bezirksentwicklungskommission f\u00fcr D\u00f6bling, Hauptmitglied des Umweltausschusses&nbsp;und Hauptmitglied der Sicherheitskommission.<br \/><br \/>Lautner: <em>\u201eIch m\u00f6chte alle D\u00f6blinger in unserem Bezirk mitnehmen, egal welche Bed\u00fcrfnisse Menschen haben. Jeder Mensch der in unserem sch\u00f6nen Bezirk lebt oder arbeitet ist ein Teil unserer Gemeinschaft!\u201c<\/em><\/p>\n\n\n\n<p>D\u00f6bling hat in Bezug auf behindertengerechte Ma\u00dfnahmen gro\u00dfen Nachholbedarf. Oft wurden in der Vergangenheit auf die Anliegen von Menschen mit Behinderungen \u201evergessen\u201c. Vor allem Barrierefreiheit ist ein essentieller Bestandteil, damit Menschen mit Behinderungen am \u00f6ffentlichen Leben teilhaben k\u00f6nnen.<\/p>\n\n\n\n<p><strong>Anm.<\/strong>: Die Schaffung einer unabh\u00e4ngigen Anlaufstelle in Wien f\u00fcr die Anliegen von Menschen mit Behinderung ist notwendig. Eine Art B\u00fcrgerdienst f\u00fcr Menschen mit Behinderung. Die jedoch nicht nur beratende Funktion hat, wie die MA 25, sondern die Richtlinien bzw. gesetzlichen Rahmenbedingungen bei den verschiedenen Stellen auch einfordern kann.<br \/><br \/><\/p>\n\n\n\n<p>Artikel und Presseaussendungen zum Thema:<br \/><a href=\"https:\/\/bmin.info\/WP\/2021\/12\/01\/inklusion-gibt-es-nicht-zum-nulltarif\/\">Inklusion gibt es nicht zum Nulltarif<\/a> (Behindertenanwaltschaft)<br \/><em>Wien (OTS) &#8211; Am 3. Dezember 2021 wird der internationale Tag der Menschen mit Behinderungen begangen.<\/em><\/p>\n\n\n\n<p><a href=\"https:\/\/www.ots.at\/presseaussendung\/OTS_20211203_OTS0026\/mueckstein-umfassende-barrierefreie-teilhabe-von-menschen-mit-behinderungen-in-allen-bereichen-des-lebens-ist-das-ziel\">M\u00fcckstein: Umfassende, barrierefreie Teilhabe von Menschen mit Behinderungen in allen Bereichen des Lebens ist das Ziel<\/a> (BMSGPK)<br \/>&nbsp;<em>Sozialministerium setzt 2022 gezielt Schwerpunkte, um Lebensrealit\u00e4ten von Menschen mit Behinderungen zu verbessern<\/em><\/p>\n\n\n\n<p><a href=\"https:\/\/www.ots.at\/presseaussendung\/OTS_20211203_OTS0175\/internationaler-tag-der-menschen-mit-behinderungen\">Internationaler Tag der Menschen mit Behinderungen<\/a> (\u00d6ZIV Burgenland)<br \/><em>Echte Inklusion braucht endlich Taten!<\/em><br \/><br \/><a href=\"https:\/\/kurier.at\/chronik\/wien\/tag-der-menschen-mit-behinderung-eine-ganz-besondere-messe-im-stephansdom\/401829085\">Tag der Menschen mit Behinderung: Eine ganz besondere Messe im Stephansdom<\/a> (Kurier)<br \/><em>Am Freitag wurde ein Gottesdienst von eben diesen Menschen mit vielen Highlights selbst gestaltet<\/em><\/p>\n","protected":false},"excerpt":{"rendered":"<p>Text: Pepo Meia, Daniel RayJedes Jahr findet seit 1993 am 3. Dezember von den Vereinten Nationen ausgerufenen Gedenktag der Menschen mit Behinderung (engl. International Day of Persons with Disabilities) statt. Mit dem Ziel, das Bewusstsein der \u00d6ffentlichkeit f\u00fcr die Probleme von Menschen mit Behinderungen zu sensibilisieren. BMIN m\u00f6chte daran erinnern, dass D\u00f6bling in Wien einen&#8230; <a href=\"https:\/\/bmin.info\/WP\/2021\/12\/03\/doebling-internationaler-tag-der-menschen-mit-behinderungen\/\" class=\"more-link\">Continue reading <span class=\"screen-reader-text\">D\u00f6bling: Internationaler Tag der Menschen mit Behinderungen<\/span><\/a><\/p>\n","protected":false},"author":3,"featured_media":0,"comment_status":"closed","ping_status":"closed","sticky":false,"template":"","format":"standard","meta":{"footnotes":""},"categories":[3],"tags":[],"class_list":["post-10058","post","type-post","status-publish","format-standard","hentry","category-info"],"_links":{"self":[{"href":"https:\/\/bmin.info\/WP\/wp-json\/wp\/v2\/posts\/10058","targetHints":{"allow":["GET"]}}],"collection":[{"href":"https:\/\/bmin.info\/WP\/wp-json\/wp\/v2\/posts"}],"about":[{"href":"https:\/\/bmin.info\/WP\/wp-json\/wp\/v2\/types\/post"}],"author":[{"embeddable":true,"href":"https:\/\/bmin.info\/WP\/wp-json\/wp\/v2\/users\/3"}],"replies":[{"embeddable":true,"href":"https:\/\/bmin.info\/WP\/wp-json\/wp\/v2\/comments?post=10058"}],"version-history":[{"count":10,"href":"https:\/\/bmin.info\/WP\/wp-json\/wp\/v2\/posts\/10058\/revisions"}],"predecessor-version":[{"id":10087,"href":"https:\/\/bmin.info\/WP\/wp-json\/wp\/v2\/posts\/10058\/revisions\/10087"}],"wp:attachment":[{"href":"https:\/\/bmin.info\/WP\/wp-json\/wp\/v2\/media?parent=10058"}],"wp:term":[{"taxonomy":"category","embeddable":true,"href":"https:\/\/bmin.info\/WP\/wp-json\/wp\/v2\/categories?post=10058"},{"taxonomy":"post_tag","embeddable":true,"href":"https:\/\/bmin.info\/WP\/wp-json\/wp\/v2\/tags?post=10058"}],"curies":[{"name":"wp","href":"https:\/\/api.w.org\/{rel}","templated":true}]}}