{"id":10293,"date":"2022-02-12T07:55:32","date_gmt":"2022-02-12T06:55:32","guid":{"rendered":"https:\/\/bmin.info\/WP\/?p=10293"},"modified":"2022-02-12T09:01:00","modified_gmt":"2022-02-12T08:01:00","slug":"ivmb-zielplan-2022-bis-2025-beschlossen-und-der-politik-vorgelegt","status":"publish","type":"post","link":"https:\/\/bmin.info\/WP\/2022\/02\/12\/ivmb-zielplan-2022-bis-2025-beschlossen-und-der-politik-vorgelegt\/","title":{"rendered":"IVMB-Zielplan 2022 bis 2025 beschlossen und der Politik vorgelegt"},"content":{"rendered":"\n<p>Text: Bernhard Schmid<br \/><em>Die Interessenvertretung der Menschen mit Behinderung des Landes Wien steckt sich die Ziele von 2022 bis 2025 und legt diese der Politik vor<\/em><\/p>\n\n\n\n<p>Die Wiener Interessenvertretung der Menschen mit Behinderung ist ein gesetzlich legitimiertes Gremium aus Expertinnen und Experten, welches die Wiener Landesregierung in allen Angelegenheiten ber\u00e4t, die Menschen mit Behinderung betreffen. Sie besteht aus 15 Mitgliedern und 15 Ersatzmitgliedern mit unterschiedlichen Behinderungen, ihr Vorsitzender ist seit Juni 2021 <strong>Klaus Widl.<\/strong><\/p>\n\n\n\n<div class=\"wp-block-image\"><figure class=\"aligncenter size-full\"><a href=\"https:\/\/bmin.info\/WP\/wp-content\/uploads\/2022\/02\/image018-1.jpg\"><img loading=\"lazy\" decoding=\"async\" width=\"1024\" height=\"576\" src=\"https:\/\/bmin.info\/WP\/wp-content\/uploads\/2022\/02\/image018-1.jpg\" alt=\"\" class=\"wp-image-10316\" srcset=\"https:\/\/bmin.info\/WP\/wp-content\/uploads\/2022\/02\/image018-1.jpg 1024w, https:\/\/bmin.info\/WP\/wp-content\/uploads\/2022\/02\/image018-1-300x169.jpg 300w, https:\/\/bmin.info\/WP\/wp-content\/uploads\/2022\/02\/image018-1-768x432.jpg 768w, https:\/\/bmin.info\/WP\/wp-content\/uploads\/2022\/02\/image018-1-144x81.jpg 144w\" sizes=\"auto, (max-width: 1024px) 100vw, 1024px\" \/><\/a><\/figure><\/div>\n\n\n\n<p>Der j\u00fcngst beschlossene Zielplan enth\u00e4lt rund 50 Ziele zu den Bereichen Barrierefreiheit, Pers\u00f6nliche Assistenz, Pers\u00f6nliches Budget, Arbeiten, Wohnen, Gesundheit, Freizeit, Peer-Beratung, Menschenrechte, Finanzhilfen, Strukturen und \u00d6ffentlichkeitsarbeit. Diese Ziele will die IVMB in drei Priorit\u00e4tsstufen bearbeiten und erreichen: kurzfristig, bis 2023 und bis 2025.<\/p>\n\n\n\n<p><a href=\"https:\/\/www.bizeps.or.at\/wp-content\/uploads\/2022\/02\/IVMB-Zielplan-2022-2025.pdf\"><strong>Hier geht\u2019s zum Zielplan im vollen Wortlaut<\/strong><\/a><br \/>Der Zielplan ist das Ergebnis einer ausf\u00fchrlichen Befassung unter zahlreicher Mitwirkung der einzelnen Mitglieder der IVMB im Rahmen zweier Klausuren und vorgelagerter und nachgelagerter Beitr\u00e4ge und R\u00fcckmeldungen.<\/p>\n\n\n\n<p>Diese Woche wurde der Zielplan an alle wichtigen Akteure der Wiener Behindertenpolitik ausgesendet, angef\u00fchrt vom Wiener B\u00fcrgermeister und dem Sozialstadtrat, an die Klubvorsitzenden und ausgew\u00e4hlte Abgeordnete aller im Gemeinderat vertretenen Parteien, an den Magistratsdirektor, den Fonds Soziales Wien, den Dachverband Wiener Sozialeinrichtungen und die Wiener Monitoringstelle.<\/p>\n\n\n\n<p><strong>Mag. Bernhard Schmid<\/strong>, stellvertretender Vorsitzender der IVMB und Koordinator der ZIelplanerstellung, zeigt sich zufrieden: \u201eIn diesen Zielplan ist die geballte, vielf\u00e4ltige Kompetenz und das Herzblut von uns Mitgliedern eingeflossen! Er wird uns als wichtige Arbeitsgrundlage bis 2025 dienen.\u201c<\/p>\n\n\n\n<p><strong>Klaus Widl<\/strong>, Vorsitzender der IVMB, pr\u00e4zisiert: \u201eDie Wiener Interessenvertretung der Menschen mit Behinderung sieht die Verbesserung der Lebenslagen von Menschen mit Behinderungen in Wien als ihre wichtigste Aufgabe an. Der vorliegende Zielplan soll dabei als Orientierung und Leitfaden dienen. Ich w\u00fcnsche mir eine Fortsetzung der bisherigen guten Kooperation mit den Entscheidungstr\u00e4gerInnen der Stadt Wien, um die Ziele gemeinsam umzusetzen, wird der Erfolg unserer Arbeit doch ausschlie\u00dflich danach bemessen, was wir nach Ablauf der 5-j\u00e4hrigen Funktionsperiode zur Verbesserung der Lebenssituation f\u00fcr Menschen mit Behinderungen erreichen und beitragen konnten!<\/p>\n","protected":false},"excerpt":{"rendered":"<p>Text: Bernhard SchmidDie Interessenvertretung der Menschen mit Behinderung des Landes Wien steckt sich die Ziele von 2022 bis 2025 und legt diese der Politik vor Die Wiener Interessenvertretung der Menschen mit Behinderung ist ein gesetzlich legitimiertes Gremium aus Expertinnen und Experten, welches die Wiener Landesregierung in allen Angelegenheiten ber\u00e4t, die Menschen mit Behinderung betreffen. Sie&#8230; <a href=\"https:\/\/bmin.info\/WP\/2022\/02\/12\/ivmb-zielplan-2022-bis-2025-beschlossen-und-der-politik-vorgelegt\/\" class=\"more-link\">Continue reading <span class=\"screen-reader-text\">IVMB-Zielplan 2022 bis 2025 beschlossen und der Politik vorgelegt<\/span><\/a><\/p>\n","protected":false},"author":3,"featured_media":0,"comment_status":"closed","ping_status":"closed","sticky":false,"template":"","format":"standard","meta":{"footnotes":""},"categories":[3],"tags":[],"class_list":["post-10293","post","type-post","status-publish","format-standard","hentry","category-info"],"_links":{"self":[{"href":"https:\/\/bmin.info\/WP\/wp-json\/wp\/v2\/posts\/10293","targetHints":{"allow":["GET"]}}],"collection":[{"href":"https:\/\/bmin.info\/WP\/wp-json\/wp\/v2\/posts"}],"about":[{"href":"https:\/\/bmin.info\/WP\/wp-json\/wp\/v2\/types\/post"}],"author":[{"embeddable":true,"href":"https:\/\/bmin.info\/WP\/wp-json\/wp\/v2\/users\/3"}],"replies":[{"embeddable":true,"href":"https:\/\/bmin.info\/WP\/wp-json\/wp\/v2\/comments?post=10293"}],"version-history":[{"count":6,"href":"https:\/\/bmin.info\/WP\/wp-json\/wp\/v2\/posts\/10293\/revisions"}],"predecessor-version":[{"id":10322,"href":"https:\/\/bmin.info\/WP\/wp-json\/wp\/v2\/posts\/10293\/revisions\/10322"}],"wp:attachment":[{"href":"https:\/\/bmin.info\/WP\/wp-json\/wp\/v2\/media?parent=10293"}],"wp:term":[{"taxonomy":"category","embeddable":true,"href":"https:\/\/bmin.info\/WP\/wp-json\/wp\/v2\/categories?post=10293"},{"taxonomy":"post_tag","embeddable":true,"href":"https:\/\/bmin.info\/WP\/wp-json\/wp\/v2\/tags?post=10293"}],"curies":[{"name":"wp","href":"https:\/\/api.w.org\/{rel}","templated":true}]}}