{"id":10347,"date":"2022-02-19T08:08:39","date_gmt":"2022-02-19T07:08:39","guid":{"rendered":"https:\/\/bmin.info\/WP\/?p=10347"},"modified":"2022-02-21T22:59:38","modified_gmt":"2022-02-21T21:59:38","slug":"wien-startet-neues-impfangebot-fuer-menschen-mit-aengsten-und-sorgen-rund-um-den-stich","status":"publish","type":"post","link":"https:\/\/bmin.info\/WP\/2022\/02\/19\/wien-startet-neues-impfangebot-fuer-menschen-mit-aengsten-und-sorgen-rund-um-den-stich\/","title":{"rendered":"Wien startet neues Impfangebot f\u00fcr Menschen mit \u00c4ngsten und Sorgen rund um den Stich"},"content":{"rendered":"\n<p>Text: Rathauskorrespondenz<br \/><em>\u201eSorgen-los Impfen\u201c mit speziell geschultem Personal und neuem Impfstandort \u2013 Hacker: \u201eWir gehen auf Sorgen ein\u201c<\/em><br \/>Mit der Initiative \u201eSorgen-los Impfen\u201c macht die Stadt Wien ab sofort jenen Menschen ein Angebot, die sich bisher noch nicht gegen den Coronavirus impfen lie\u00dfen, weil ihnen das Thema Impfen Sorgen bereitet oder angstbesetzt ist.<\/p>\n\n\n\n<div class=\"wp-block-image\"><figure class=\"alignright size-full is-resized\"><a href=\"https:\/\/bmin.info\/WP\/wp-content\/uploads\/2022\/02\/Impfsalon.jpg\"><img loading=\"lazy\" decoding=\"async\" src=\"https:\/\/bmin.info\/WP\/wp-content\/uploads\/2022\/02\/Impfsalon.jpg\" alt=\"\" class=\"wp-image-10357\" width=\"388\" height=\"291\" srcset=\"https:\/\/bmin.info\/WP\/wp-content\/uploads\/2022\/02\/Impfsalon.jpg 517w, https:\/\/bmin.info\/WP\/wp-content\/uploads\/2022\/02\/Impfsalon-300x225.jpg 300w, https:\/\/bmin.info\/WP\/wp-content\/uploads\/2022\/02\/Impfsalon-144x108.jpg 144w\" sizes=\"auto, (max-width: 388px) 100vw, 388px\" \/><\/a><figcaption><em>Foto:  David Bohmann<\/em><\/figcaption><\/figure><\/div>\n\n\n\n<p>Bei der bereits seit Beginn der Pandemie bestehenden Corona Sorgenhotline Wien werden telefonische Beratungen, Terminvereinbarungen und \u2013 wenn gew\u00fcnscht \u2013 die weitere Begleitung durchgef\u00fchrt. Im speziell ausgestatten Impf-Salon im 20. Bezirk werden von eigens geschultem Personal die Impfungen durchgef\u00fchrt. Damit erweitert Wien sein umfangreiches Impfangebot um ein zus\u00e4tzliches und international einmaliges Projekt.<\/p>\n\n\n\n<p>Der Impf-Salon ist ein Angebot des Wiener Gesundheitsdienstes (MA 15) und wird basierend auf einem Konzept der Psychosozialen Dienste in Wien (PSD-Wien) durch den Samariterbund Wien betrieben.<\/p>\n\n\n\n<p><strong>SERVICE:<\/strong><br \/>Corona Sorgenhotline Wien:<br \/>01\/4000 53000 &#8211; T\u00e4glich: 8:00 Uhr \u2013 20:00<\/p>\n\n\n\n<p><strong>Impf-Salon:<\/strong><br \/>Brigittenauer Hallenbad &#8211; Klosterneuburger Stra\u00dfe 93-97, 1200 Wien<br \/>\u00d6ffnungszeiten: Montag bis Sonntag 7:00 bis 19:00 Uhr<br \/>Terminvereinbarung erfolgt \u00fcber die Corona-Sorgenhotline Wien<br \/>Bis 13:00 Uhr ist die Impfung auch ohne Terminvereinbarung m\u00f6glich<br \/><strong>Keine barrierefreie Zug\u00e4nglichkeit<\/strong><\/p>\n\n\n\n<p>Der komplette Artikel: <a href=\"https:\/\/www.wien.gv.at\/presse\/2022\/02\/17\/wien-startet-neues-impfangebot-fuer-menschen-mit-aengsten-und-sorgen-rund-um-den-stich\">Wien startet neues Impfangebot \u2026<\/a><\/p>\n\n\n\n<p><strong>Coronavirus<\/strong>: <a href=\"https:\/\/www.bizeps.or.at\/coronavirus-wichtige-informationen-fuer-menschen-mit-behinderungen-und-deren-angehoerige-in-wien\/\">Wichtige Informationen f\u00fcr Menschen mit Behinderungen und deren Angeh\u00f6rige in Wien<\/a> (BIZEPS-online)<\/p>\n","protected":false},"excerpt":{"rendered":"<p>Text: Rathauskorrespondenz\u201eSorgen-los Impfen\u201c mit speziell geschultem Personal und neuem Impfstandort \u2013 Hacker: \u201eWir gehen auf Sorgen ein\u201cMit der Initiative \u201eSorgen-los Impfen\u201c macht die Stadt Wien ab sofort jenen Menschen ein Angebot, die sich bisher noch nicht gegen den Coronavirus impfen lie\u00dfen, weil ihnen das Thema Impfen Sorgen bereitet oder angstbesetzt ist. Bei der bereits seit&#8230; <a href=\"https:\/\/bmin.info\/WP\/2022\/02\/19\/wien-startet-neues-impfangebot-fuer-menschen-mit-aengsten-und-sorgen-rund-um-den-stich\/\" class=\"more-link\">Continue reading <span class=\"screen-reader-text\">Wien startet neues Impfangebot f\u00fcr Menschen mit \u00c4ngsten und Sorgen rund um den Stich<\/span><\/a><\/p>\n","protected":false},"author":3,"featured_media":0,"comment_status":"closed","ping_status":"closed","sticky":false,"template":"","format":"standard","meta":{"footnotes":""},"categories":[3],"tags":[],"class_list":["post-10347","post","type-post","status-publish","format-standard","hentry","category-info"],"_links":{"self":[{"href":"https:\/\/bmin.info\/WP\/wp-json\/wp\/v2\/posts\/10347","targetHints":{"allow":["GET"]}}],"collection":[{"href":"https:\/\/bmin.info\/WP\/wp-json\/wp\/v2\/posts"}],"about":[{"href":"https:\/\/bmin.info\/WP\/wp-json\/wp\/v2\/types\/post"}],"author":[{"embeddable":true,"href":"https:\/\/bmin.info\/WP\/wp-json\/wp\/v2\/users\/3"}],"replies":[{"embeddable":true,"href":"https:\/\/bmin.info\/WP\/wp-json\/wp\/v2\/comments?post=10347"}],"version-history":[{"count":9,"href":"https:\/\/bmin.info\/WP\/wp-json\/wp\/v2\/posts\/10347\/revisions"}],"predecessor-version":[{"id":10371,"href":"https:\/\/bmin.info\/WP\/wp-json\/wp\/v2\/posts\/10347\/revisions\/10371"}],"wp:attachment":[{"href":"https:\/\/bmin.info\/WP\/wp-json\/wp\/v2\/media?parent=10347"}],"wp:term":[{"taxonomy":"category","embeddable":true,"href":"https:\/\/bmin.info\/WP\/wp-json\/wp\/v2\/categories?post=10347"},{"taxonomy":"post_tag","embeddable":true,"href":"https:\/\/bmin.info\/WP\/wp-json\/wp\/v2\/tags?post=10347"}],"curies":[{"name":"wp","href":"https:\/\/api.w.org\/{rel}","templated":true}]}}