{"id":10396,"date":"2022-02-28T19:29:33","date_gmt":"2022-02-28T18:29:33","guid":{"rendered":"https:\/\/bmin.info\/WP\/?p=10396"},"modified":"2022-02-28T19:29:33","modified_gmt":"2022-02-28T18:29:33","slug":"xiii-paralympische-winterspiele-in-peking","status":"publish","type":"post","link":"https:\/\/bmin.info\/WP\/2022\/02\/28\/xiii-paralympische-winterspiele-in-peking\/","title":{"rendered":"XIII. Paralympische Winterspiele in Peking"},"content":{"rendered":"\n<p>Text: David Herrmann<br \/>Die <a href=\"https:\/\/www.bundessportmagazin.at\/xiii-paralympischen-winterspiele-in-peking\/\">13. Paralympics<\/a> werden \u00fcber 10 Tage vom 4. bis zum 13. M\u00e4rz in Peking stattfinden.\u00a0<\/p>\n\n\n\n<p><strong>ORF \u00fcbertr\u00e4gt ab 4. M\u00e4rz<\/strong><br \/>Die Liveberichterstattung des <a href=\"https:\/\/sport.orf.at\/stories\/3092060\/\">ORF<\/a> von den Paralympics startet mit der Er\u00f6ffnung am 4. M\u00e4rz. T\u00e4glich wird in ORF1 und ORF Sport + \u00fcber Alpin- und Langlauf-Bewerbe berichtet, aufgrund der Zeitumstellung gibt es aber auch t\u00e4glich ausf\u00fchrliche Zusammenfassungen der Wettkampftage. Es gibt wie in Tokio auch wieder das virtuelle \u00d6sterreich-Haus, aus dem t\u00e4glich um 19.30 Uhr MEZ aus Wien und Peking berichtet wird.<\/p>\n\n\n\n<div class=\"wp-block-image\"><figure class=\"alignright size-full is-resized\"><a href=\"https:\/\/bmin.info\/WP\/wp-content\/uploads\/2022\/02\/paralympics-logo.png\"><img loading=\"lazy\" decoding=\"async\" src=\"https:\/\/bmin.info\/WP\/wp-content\/uploads\/2022\/02\/paralympics-logo.png\" alt=\"\" class=\"wp-image-10422\" width=\"155\" height=\"184\" srcset=\"https:\/\/bmin.info\/WP\/wp-content\/uploads\/2022\/02\/paralympics-logo.png 206w, https:\/\/bmin.info\/WP\/wp-content\/uploads\/2022\/02\/paralympics-logo-121x144.png 121w\" sizes=\"auto, (max-width: 155px) 100vw, 155px\" \/><\/a><\/figure><\/div>\n\n\n\n<p><strong>\u00d6sterreichs Medaillenhoffnungen starten in vier Sportarten<\/strong><br \/>Die Athleten werden in 78 verschiedenen Wettbewerben in sechs Sportarten in zwei Disziplinen antreten: Schneesport (Ski Alpin, Skilanglauf, Biathlon und Snowboard) und Eissport (Para-Eishockey und Rollstuhl-Curling).<\/p>\n\n\n\n<p>\u00d6sterreich wird in vier Sportarten vertreten sein: Ski Alpin, Skilanglauf, Biathlon und Snowboard. Das gr\u00f6\u00dfte Team ist jenes der Sparte Ski Alpin, wo 13 Athleten in den verschiedenen Disziplinen am Start sein werden.<\/p>\n\n\n\n<p><strong>\u00d6PC-Team f\u00fcr Peking (Gesamt 22\/16 plus sechs Guides)<\/strong><br \/><strong>Ski alpin<\/strong>: Barbara Aigner (N\u00d6\/Guide Klara Sykora), Johannes Aigner (N\u00d6\/Guide Matteo Fleischmann), Veronika Aigner (N\u00d6\/Guide Elisabeth Aigner), Markus Gfatterhofer (S), Thomas Grochar (K), Eva-Maria J\u00f6chl (T), Nico Pajantschitsch (K), Roman Rabl (T), Manuel Rachbauer (T), Markus Salcher (K), Michael Scharnagl (T\/Guide Florian Erharter), Christoph Schneider (S), Elina Stary (K\/Guide Celine Arthofer)<br \/><strong>Ski nordisch<\/strong> (Biathlon und Langlauf): Carina Edlinger (S\/Guide Lorenz Lampl)<br \/><strong>Snowboard:<\/strong> Rene Eckhart (T), Bernhard Hammerl (T)<\/p>\n\n\n\n<p><strong>\u00d6PC-Generalsekret\u00e4rin Petra Huber<\/strong><br \/><em>\u201eWir haben f\u00fcr Peking ein starkes Team mit einigen Medaillenkandidaten und blicken dem Start der Paralympics voller Optimismus entgegen. Die Paralympics sind immer etwas Besonderes.\u201c<\/em><\/p>\n\n\n\n<p><strong>\u00d6PC-Pr\u00e4sidentin Maria Rauch-Kallat<\/strong><br \/><em>\u201eWir sind sehr froh, dass es nun endlich losgeht und der Vorbereitungsprozess erfolgreich abgeschlossen ist. Es waren sehr intensive Wochen mit einigen Herausforderungen, die wir aber wieder gut meistern konnten. Jetzt hoffen wir, dass auch in der letzten Phase alle Athletinnen und Athleten gesund bleiben. Ich w\u00fcnsche dem ganzen Paralympic Team Austria viel Gl\u00fcck und Erfolg!\u201c<\/em><\/p>\n\n\n\n<p>BMIN schlie\u00dft sich den W\u00fcnschen an.<\/p>\n","protected":false},"excerpt":{"rendered":"<p>Text: David HerrmannDie 13. Paralympics werden \u00fcber 10 Tage vom 4. bis zum 13. M\u00e4rz in Peking stattfinden.\u00a0 ORF \u00fcbertr\u00e4gt ab 4. M\u00e4rzDie Liveberichterstattung des ORF von den Paralympics startet mit der Er\u00f6ffnung am 4. M\u00e4rz. T\u00e4glich wird in ORF1 und ORF Sport + \u00fcber Alpin- und Langlauf-Bewerbe berichtet, aufgrund der Zeitumstellung gibt es aber&#8230; <a href=\"https:\/\/bmin.info\/WP\/2022\/02\/28\/xiii-paralympische-winterspiele-in-peking\/\" class=\"more-link\">Continue reading <span class=\"screen-reader-text\">XIII. Paralympische Winterspiele in Peking<\/span><\/a><\/p>\n","protected":false},"author":3,"featured_media":0,"comment_status":"closed","ping_status":"closed","sticky":false,"template":"","format":"standard","meta":{"footnotes":""},"categories":[3],"tags":[],"class_list":["post-10396","post","type-post","status-publish","format-standard","hentry","category-info"],"_links":{"self":[{"href":"https:\/\/bmin.info\/WP\/wp-json\/wp\/v2\/posts\/10396","targetHints":{"allow":["GET"]}}],"collection":[{"href":"https:\/\/bmin.info\/WP\/wp-json\/wp\/v2\/posts"}],"about":[{"href":"https:\/\/bmin.info\/WP\/wp-json\/wp\/v2\/types\/post"}],"author":[{"embeddable":true,"href":"https:\/\/bmin.info\/WP\/wp-json\/wp\/v2\/users\/3"}],"replies":[{"embeddable":true,"href":"https:\/\/bmin.info\/WP\/wp-json\/wp\/v2\/comments?post=10396"}],"version-history":[{"count":4,"href":"https:\/\/bmin.info\/WP\/wp-json\/wp\/v2\/posts\/10396\/revisions"}],"predecessor-version":[{"id":10424,"href":"https:\/\/bmin.info\/WP\/wp-json\/wp\/v2\/posts\/10396\/revisions\/10424"}],"wp:attachment":[{"href":"https:\/\/bmin.info\/WP\/wp-json\/wp\/v2\/media?parent=10396"}],"wp:term":[{"taxonomy":"category","embeddable":true,"href":"https:\/\/bmin.info\/WP\/wp-json\/wp\/v2\/categories?post=10396"},{"taxonomy":"post_tag","embeddable":true,"href":"https:\/\/bmin.info\/WP\/wp-json\/wp\/v2\/tags?post=10396"}],"curies":[{"name":"wp","href":"https:\/\/api.w.org\/{rel}","templated":true}]}}