{"id":10420,"date":"2022-03-02T10:08:37","date_gmt":"2022-03-02T09:08:37","guid":{"rendered":"https:\/\/bmin.info\/WP\/?p=10420"},"modified":"2022-03-06T03:02:34","modified_gmt":"2022-03-06T02:02:34","slug":"oeklos-schlichtungsgespraech-mit-der-asfinag","status":"publish","type":"post","link":"https:\/\/bmin.info\/WP\/2022\/03\/02\/oeklos-schlichtungsgespraech-mit-der-asfinag\/","title":{"rendered":"\u00f6Klos: Schlichtungsgespr\u00e4ch mit der ASFINAG"},"content":{"rendered":"\n<p>Text: Ing. G\u00fcnther Vagner<br \/>Das Schlichtungsgespr\u00e4ch mit der ASFINAG \u00fcber die <a href=\"https:\/\/bmin.info\/WP\/2021\/11\/02\/barrierefreies-oeklo-im-test\/\">\u00f6Klos<\/a> auf einigen Autobahnrastst\u00e4tten fand wie geplant am 25.02.2022 statt. Wegen Corona wurde das Gespr\u00e4ch als Videokonferenz durchgef\u00fchrt. Von der ASFINAG waren drei Teilnehmer anwesend.&nbsp;Au\u00dferdem ich selbst,&nbsp;wurde&nbsp;unterst\u00fctzt von der Behindertenanwaltschaft. Moderiert wurde die Schlichtung vom einer Angestellten des Sozialministeriumservice.<\/p>\n\n\n\n<div class=\"wp-block-image\"><figure class=\"alignright size-large is-resized\"><a href=\"https:\/\/bmin.info\/WP\/wp-content\/uploads\/2021\/11\/OEKlo3.jpg\"><img loading=\"lazy\" decoding=\"async\" src=\"https:\/\/bmin.info\/WP\/wp-content\/uploads\/2021\/11\/OEKlo3-768x1024.jpg\" alt=\"\" class=\"wp-image-9881\" width=\"192\" height=\"256\" srcset=\"https:\/\/bmin.info\/WP\/wp-content\/uploads\/2021\/11\/OEKlo3-768x1024.jpg 768w, https:\/\/bmin.info\/WP\/wp-content\/uploads\/2021\/11\/OEKlo3-225x300.jpg 225w, https:\/\/bmin.info\/WP\/wp-content\/uploads\/2021\/11\/OEKlo3-108x144.jpg 108w, https:\/\/bmin.info\/WP\/wp-content\/uploads\/2021\/11\/OEKlo3.jpg 960w\" sizes=\"auto, (max-width: 192px) 100vw, 192px\" \/><\/a><\/figure><\/div>\n\n\n\n<p><strong>Kosten f\u00fcr Errichtung&nbsp;unverh\u00e4ltnism\u00e4\u00dfig hoch?<\/strong><br \/>Ziel der Schlichtung war es, eine barrierefreie L\u00f6sung f\u00fcr jene Autobahn-Parkpl\u00e4tze&nbsp;zu finden, auf welchen&nbsp;derzeit mobile \u00f6Klos &nbsp;(ohne Wasser und Kanalanschluss) stehen.&nbsp;Die ASFINAG wies am Beginn des Gespr\u00e4chs darauf hin, dass bereits zahlreiche barrierefrei Anlagen auf Autobahnrastst\u00e4tten oder Parkpl\u00e4tze, f\u00fcr welche die ASFINAG zust\u00e4ndig ist, errichtet wurden.&nbsp;Sie best\u00e4tigte&nbsp;jedoch&nbsp;auch, dass es noch immer einige Anlagen&nbsp;gibt, die nicht barrierefreien sind. Diese Anlagen befinden sich vorwiegend auf jenen Parkpl\u00e4tzen,&nbsp;wo es keine M\u00f6glichkeit f\u00fcr einen Kanal- und Wasseranschluss gibt, oder die Kosten f\u00fcr eine Errichtung&nbsp;unverh\u00e4ltnism\u00e4\u00dfig hoch&nbsp;w\u00e4ren.<\/p>\n\n\n\n<p><strong>Barrierefreie WCs: Wille vorhanden<\/strong><br \/>Seitens der&nbsp;ASFINAG wurde der Wille bekundet, f\u00fcr die derzeit nicht barrierefreien Anlagen eine barrierefrei L\u00f6sung&nbsp;zu&nbsp;finden. Die ASFING wird deshalb eine&nbsp;Erhebung und&nbsp;entsprechende&nbsp;Ausschreibungen durchf\u00fchren. Nachdem&nbsp;daf\u00fcr Zeit ben\u00f6tigt wird, ist&nbsp;mit den ersten Ergebnissen fr\u00fchestens Ende 2022 zu rechnen. Die ASFINAG wird mich bis Dezember 2022 informieren, wieweit die Planung bzw. die&nbsp;Umsetzung&nbsp;fortgeschritten&nbsp;sein wird. Das Sozialministeriumservice erh\u00e4lt von mir&nbsp;dann&nbsp;eine R\u00fcckmeldung,&nbsp;ob es zu einer Einigung gekommen ist, oder der Weg zum Gericht&nbsp;beschritten werden muss. Das Schlichtungsverfahren bleibt also&nbsp;bist zur R\u00fcckmeldung an das Sozialministerumservice offen.<\/p>\n\n\n\n<p>Das Schlichtungsgespr\u00e4ch\u00a0verlief in einer\u00a0verst\u00e4ndnisvollen und angenehmen\u00a0Atmosph\u00e4re. Die Mitarbeiter der ASFINAG bedauerten, dass es mir nicht m\u00f6glich war,\u00a0die derzeitigen WC-Anlagen auf dem Parkplatz ben\u00fctzen zu k\u00f6nnen. Wenn nun aus dem\u00a0Bedauern, das\u00a0versproche Handeln erfolgt und tats\u00e4chlich die bestehenden Anlagen auf barrierefreie Anlagen ausgetauscht werden, w\u00e4re das ein Erfolg f\u00fcr alle\u00a0Beteiligten.<\/p>\n\n\n\n<p>Artikel zum Thema:<br \/><a href=\"https:\/\/bmin.info\/WP\/2022\/01\/27\/waehring-auch-oeklos-muessen-barrierefrei-sein-ein-zwischenbericht\/\">W\u00e4hring: Auch \u00f6Klos m\u00fcssen barrierefrei sein \u2013 ein Zwischenbericht<\/a> (27.01.2022)<br \/><a href=\"https:\/\/bmin.info\/WP\/2021\/11\/02\/barrierefreies-oeklo-im-test\/\">\u201eBarrierefreies\u201c \u00f6Klo im Test<\/a> (02.11.2021)<br \/><a href=\"https:\/\/bmin.info\/WP\/2021\/06\/16\/waehring-auch-oeklos-muessen-barrierefrei-sein\/\">W\u00e4hring: Auch \u00f6Klos m\u00fcssen barrierefrei sein<\/a> (16.06.2021)<\/p>\n","protected":false},"excerpt":{"rendered":"<p>Text: Ing. G\u00fcnther VagnerDas Schlichtungsgespr\u00e4ch mit der ASFINAG \u00fcber die \u00f6Klos auf einigen Autobahnrastst\u00e4tten fand wie geplant am 25.02.2022 statt. Wegen Corona wurde das Gespr\u00e4ch als Videokonferenz durchgef\u00fchrt. Von der ASFINAG waren drei Teilnehmer anwesend.&nbsp;Au\u00dferdem ich selbst,&nbsp;wurde&nbsp;unterst\u00fctzt von der Behindertenanwaltschaft. Moderiert wurde die Schlichtung vom einer Angestellten des Sozialministeriumservice. Kosten f\u00fcr Errichtung&nbsp;unverh\u00e4ltnism\u00e4\u00dfig hoch?Ziel der Schlichtung&#8230; <a href=\"https:\/\/bmin.info\/WP\/2022\/03\/02\/oeklos-schlichtungsgespraech-mit-der-asfinag\/\" class=\"more-link\">Continue reading <span class=\"screen-reader-text\">\u00f6Klos: Schlichtungsgespr\u00e4ch mit der ASFINAG<\/span><\/a><\/p>\n","protected":false},"author":3,"featured_media":0,"comment_status":"closed","ping_status":"closed","sticky":false,"template":"","format":"standard","meta":{"footnotes":""},"categories":[3],"tags":[],"class_list":["post-10420","post","type-post","status-publish","format-standard","hentry","category-info"],"_links":{"self":[{"href":"https:\/\/bmin.info\/WP\/wp-json\/wp\/v2\/posts\/10420","targetHints":{"allow":["GET"]}}],"collection":[{"href":"https:\/\/bmin.info\/WP\/wp-json\/wp\/v2\/posts"}],"about":[{"href":"https:\/\/bmin.info\/WP\/wp-json\/wp\/v2\/types\/post"}],"author":[{"embeddable":true,"href":"https:\/\/bmin.info\/WP\/wp-json\/wp\/v2\/users\/3"}],"replies":[{"embeddable":true,"href":"https:\/\/bmin.info\/WP\/wp-json\/wp\/v2\/comments?post=10420"}],"version-history":[{"count":5,"href":"https:\/\/bmin.info\/WP\/wp-json\/wp\/v2\/posts\/10420\/revisions"}],"predecessor-version":[{"id":10479,"href":"https:\/\/bmin.info\/WP\/wp-json\/wp\/v2\/posts\/10420\/revisions\/10479"}],"wp:attachment":[{"href":"https:\/\/bmin.info\/WP\/wp-json\/wp\/v2\/media?parent=10420"}],"wp:term":[{"taxonomy":"category","embeddable":true,"href":"https:\/\/bmin.info\/WP\/wp-json\/wp\/v2\/categories?post=10420"},{"taxonomy":"post_tag","embeddable":true,"href":"https:\/\/bmin.info\/WP\/wp-json\/wp\/v2\/tags?post=10420"}],"curies":[{"name":"wp","href":"https:\/\/api.w.org\/{rel}","templated":true}]}}