{"id":10431,"date":"2022-03-02T13:55:36","date_gmt":"2022-03-02T12:55:36","guid":{"rendered":"https:\/\/bmin.info\/WP\/?p=10431"},"modified":"2022-03-09T11:13:52","modified_gmt":"2022-03-09T10:13:52","slug":"wien-pge-kuerzung-intervention-von-bmin-bisher-erfolglos","status":"publish","type":"post","link":"https:\/\/bmin.info\/WP\/2022\/03\/02\/wien-pge-kuerzung-intervention-von-bmin-bisher-erfolglos\/","title":{"rendered":"Wien: PGE-K\u00fcrzung &#8211; Intervention von BMIN bisher erfolglos"},"content":{"rendered":"\n<p>Text: Pepo Meia, Niels Cimpa<br \/>Seit 1. J\u00e4nner 2020 wird das Bundespflegegeld (<strong>BPG<\/strong>) endlich j\u00e4hrlich erh\u00f6ht (wertangepasst). Die Pflegegelderg\u00e4nzungsleistung (<strong>PGE<\/strong>) f\u00fcr Pers\u00f6nliche Assistenz (PGE f\u00fcr PA)&nbsp;ist eine <strong>Erg\u00e4nzung<\/strong> zum bestehenden Pflegegeld. Durch die Ber\u00fccksichtigung der Valorisierung w\u00fcrde sich &#8211; laut FSW &#8211; die PGE-F\u00f6rdersumme f\u00fcr alle Wiener PGE-Bezieher eigentlich verringern.<\/p>\n\n\n\n<div class=\"wp-block-image\"><figure class=\"alignright size-full is-resized\"><a href=\"https:\/\/bmin.info\/WP\/wp-content\/uploads\/2021\/01\/FSW-image.jpg\"><img loading=\"lazy\" decoding=\"async\" src=\"https:\/\/bmin.info\/WP\/wp-content\/uploads\/2021\/01\/FSW-image.jpg\" alt=\"\" class=\"wp-image-8319\" width=\"225\" height=\"113\" srcset=\"https:\/\/bmin.info\/WP\/wp-content\/uploads\/2021\/01\/FSW-image.jpg 300w, https:\/\/bmin.info\/WP\/wp-content\/uploads\/2021\/01\/FSW-image-144x72.jpg 144w\" sizes=\"auto, (max-width: 225px) 100vw, 225px\" \/><\/a><\/figure><\/div>\n\n\n\n<p>Der <strong>FSW<\/strong> hat die Valorisierung des BPG 2020 bei der Berechnung der F\u00f6rdersumme nicht ber\u00fccksichtigt. Aus diesem Grund hat sich die PGE-F\u00f6rdersumme&nbsp;nicht verringert. Auch 2021 wurde diese Praxis kommentarlos vom <strong>FSW<\/strong> \u00fcbernommen und die PGE-F\u00f6rdersumme wurde nicht reduziert (diese <a href=\"https:\/\/bmin.info\/WP\/2019\/12\/06\/interview-mit-stadtrat-peter-hacker\/\">Sonderl\u00f6sung wurde 2019 von BMIN mit Stadtrat Peter Hacker vereinbart<\/a>).<\/p>\n\n\n\n<p><strong>PGE-Stundensatz wurde 2021 um 12,5% (\u20ac 2,-) erh\u00f6ht<\/strong><br \/>Pers\u00f6nliche Assistenz im Privatbereich &#8211; Pflegegelderg\u00e4nzungsleistung (<strong>PGE f\u00fcr PA<\/strong>) &#8211; wurde ab 1.1.2021 um 12,5 Prozent erh\u00f6ht. Gleichzeitig sollte die Sonderl\u00f6sung vom FSW wieder eingestellt werden, jedoch wurde dies nicht vollzogen.<\/p>\n\n\n\n<p>Seit der Einf\u00fchrung der <a href=\"https:\/\/www.fsw.at\/p\/pflegegeldergaenzungsleistung\">Pflegegelderg\u00e4nzungsleistung<\/a> im Jahr 2008 betrug der Stundenrichtsatz der durch den Fonds Soziales Wien (FSW) ausbezahlten Leistung 16 Euro.&nbsp;Mit 1. J\u00e4nner 2021 wurde der entsprechende Stundensatz vom FSW <a href=\"https:\/\/bmin.info\/WP\/2020\/10\/05\/wien-erhoeht-stundensatz-fuer-persoenliche-assistenz\/\">auf 18 Euro angehoben<\/a>.<\/p>\n\n\n\n<p><strong>Pflegegelderh\u00f6hung 2022 wieder abgezogen<\/strong><br \/>Ende J\u00e4nner 2022 bekamen einige PGE-Bezieher einen Brief vom FSW, in dem angek\u00fcndigt wurde, dass diese \u201ePGE-Sonderl\u00f6sung\u201c von 2020 nicht weitergef\u00fchrt werde und damit die Erh\u00f6hung des Pflegegeldes wieder abgezogen wird.<\/p>\n\n\n\n<p><strong>Ein Beispiel<\/strong>:<br \/>Bei einer Pflegegelderh\u00f6hung von \u20ac 20,- pro Monat verringert sich die PGE-F\u00f6rdersumme um genau diesen Betrag &#8211; \u20ac 240,- pro Jahr. Dies bedeutet auch weniger Assistenzstunden. Trotz stark steigender Inflation soll die Pflegegelderh\u00f6hung von der PGE wieder abgezogen werden. <strong>Dies ist eine Ungleichbehandlung (Schlechterstellung) gegen\u00fcber allen anderen Pflegegeldbeziehern<\/strong>.<br \/><br \/>Es darf nicht sein, dass die Betroffenen vom Bund mehr Pflegegeld erhalten, welches den PGE-Beziehern vom FSW wieder abgezogen wird, der dadurch auf Kosten der Betroffenen diesen Betrag einspart. Bei gesch\u00e4tzten 400 PGE-Bezieher_innen in Wien erspart sich der FSW (Land Wien) \u20ac 96.000,- j\u00e4hrlich.<\/p>\n\n\n\n<p><strong>Anm.<\/strong>: Das Pflegegeld wird auch zur Abdeckung von au\u00dfergew\u00f6hnlichen Belastungen aufgrund einer Behinderung verwendet &#8211; wie z.B. Betteinlagen, Pflegeartikel, Selbstbehalte bei Reparaturen von Rollst\u00fchlen, au\u00dfergew\u00f6hnlichen Ausgaben, usw. <\/p>\n\n\n\n<p><strong>Von der PGE-Sonderl\u00f6sung zur Normall\u00f6sung<\/strong><br \/>Wir haben auch den ehemaligen Gesch\u00e4ftsf\u00fchrer vom FSW und jetzigen zust\u00e4ndigen Stadtrat <strong>Peter Hacker<\/strong> informiert. Wir warten noch auf eine schriftliche Antwort, da alle anderen Interventionen beim <strong>FSW<\/strong> bisher erfolglos waren. <br \/>Es wird vermutet, dass dies eine politische Entscheidung sei. Dem Bund soll so vermittelt werden, dass eine gesamt \u00f6sterreichische L\u00f6sung f\u00fcr die Pers\u00f6nliche Assistenz notwendig ist.<\/p>\n\n\n\n<p>Wir sind guter Hoffnung, dass <strong>Stadtrat Hacker<\/strong> Verst\u00e4ndnis zeigt und sich f\u00fcr die Verankerung dieser sogenannten \u201eSonderl\u00f6sung\u201c einsetzt, damit diese zur Normall\u00f6sung wird.<\/p>\n\n\n\n<p>Au\u00dferdem m\u00fcsste eine j\u00e4hrliche PGE-Valorisierung samt einem ad\u00e4quaten Stundensatz, damit prek\u00e4re Arbeitsverh\u00e4ltnisse der Vergangenheit angeh\u00f6ren, verankert werden. Dies w\u00e4re gerecht und auch nachvollziehbar, bis eine bundesweite L\u00f6sung zur PA gefunden wird. Es wird zudem immer schwerer geeignete pers\u00f6nliche Assistenz zum momentanen Stundensatz in Wien zu finden.<br \/><br \/><strong>Update<\/strong>: Nach dem R\u00fccktritt von Bundesminister <strong>Wolfgang M\u00fcckstein<\/strong> am 3. M\u00e4rz 2022, hat sich Stadtrat <strong>Peter Hacker<\/strong> eine Auszeit genommen und ist bis Mitte M\u00e4rz auf &#8222;Reha-Urlaub&#8220;.<\/p>\n\n\n\n<p>Artikel zum Thema:<br \/><a href=\"https:\/\/bmin.info\/WP\/2021\/01\/07\/pge-sonderloesung-von-2020-ab-2022-fix-verankern-pflegegelderhoehung-darf-nicht-abgezogen-werden\/\">PGE: Sonderl\u00f6sung von 2020 ab 2022 fix verankern \u2013 Pflegegelderh\u00f6hung darf nicht abgezogen werden<\/a> &#8211; 07. J\u00e4nner 2021<\/p>\n","protected":false},"excerpt":{"rendered":"<p>Text: Pepo Meia, Niels CimpaSeit 1. J\u00e4nner 2020 wird das Bundespflegegeld (BPG) endlich j\u00e4hrlich erh\u00f6ht (wertangepasst). Die Pflegegelderg\u00e4nzungsleistung (PGE) f\u00fcr Pers\u00f6nliche Assistenz (PGE f\u00fcr PA)&nbsp;ist eine Erg\u00e4nzung zum bestehenden Pflegegeld. Durch die Ber\u00fccksichtigung der Valorisierung w\u00fcrde sich &#8211; laut FSW &#8211; die PGE-F\u00f6rdersumme f\u00fcr alle Wiener PGE-Bezieher eigentlich verringern. Der FSW hat die Valorisierung des&#8230; <a href=\"https:\/\/bmin.info\/WP\/2022\/03\/02\/wien-pge-kuerzung-intervention-von-bmin-bisher-erfolglos\/\" class=\"more-link\">Continue reading <span class=\"screen-reader-text\">Wien: PGE-K\u00fcrzung &#8211; Intervention von BMIN bisher erfolglos<\/span><\/a><\/p>\n","protected":false},"author":3,"featured_media":0,"comment_status":"closed","ping_status":"closed","sticky":false,"template":"","format":"standard","meta":{"footnotes":""},"categories":[3],"tags":[],"class_list":["post-10431","post","type-post","status-publish","format-standard","hentry","category-info"],"_links":{"self":[{"href":"https:\/\/bmin.info\/WP\/wp-json\/wp\/v2\/posts\/10431","targetHints":{"allow":["GET"]}}],"collection":[{"href":"https:\/\/bmin.info\/WP\/wp-json\/wp\/v2\/posts"}],"about":[{"href":"https:\/\/bmin.info\/WP\/wp-json\/wp\/v2\/types\/post"}],"author":[{"embeddable":true,"href":"https:\/\/bmin.info\/WP\/wp-json\/wp\/v2\/users\/3"}],"replies":[{"embeddable":true,"href":"https:\/\/bmin.info\/WP\/wp-json\/wp\/v2\/comments?post=10431"}],"version-history":[{"count":25,"href":"https:\/\/bmin.info\/WP\/wp-json\/wp\/v2\/posts\/10431\/revisions"}],"predecessor-version":[{"id":10507,"href":"https:\/\/bmin.info\/WP\/wp-json\/wp\/v2\/posts\/10431\/revisions\/10507"}],"wp:attachment":[{"href":"https:\/\/bmin.info\/WP\/wp-json\/wp\/v2\/media?parent=10431"}],"wp:term":[{"taxonomy":"category","embeddable":true,"href":"https:\/\/bmin.info\/WP\/wp-json\/wp\/v2\/categories?post=10431"},{"taxonomy":"post_tag","embeddable":true,"href":"https:\/\/bmin.info\/WP\/wp-json\/wp\/v2\/tags?post=10431"}],"curies":[{"name":"wp","href":"https:\/\/api.w.org\/{rel}","templated":true}]}}