{"id":10442,"date":"2022-03-02T13:40:00","date_gmt":"2022-03-02T12:40:00","guid":{"rendered":"https:\/\/bmin.info\/WP\/?p=10442"},"modified":"2022-03-02T19:24:57","modified_gmt":"2022-03-02T18:24:57","slug":"neue-kurzparkordnung-ausnahmeregelung-fuer-persoenliche-assistenz-gefordert","status":"publish","type":"post","link":"https:\/\/bmin.info\/WP\/2022\/03\/02\/neue-kurzparkordnung-ausnahmeregelung-fuer-persoenliche-assistenz-gefordert\/","title":{"rendered":"Neue Kurzparkordnung: Ausnahmeregelung f\u00fcr Pers\u00f6nliche Assistenz gefordert"},"content":{"rendered":"\n<p>Text: <a href=\"https:\/\/www.sound-design.at\/de\/geschichte.html\">Ing. Norbert Hofer, MSM<\/a><br \/>Die Neuregelung der Kurzparkordnung (max. Parkdauer 2 Stunden und Ausdehnung von Mo.-Fr., 9-22 Uhr) bringt f\u00fcr Menschen mit Behinderung, die Pers\u00f6nliche Assistenz in Anspruch nehmen, massive Probleme und Verschlechterungen.<\/p>\n\n\n\n<div class=\"wp-block-image\"><figure class=\"alignright size-full\"><a href=\"https:\/\/bmin.info\/WP\/wp-content\/uploads\/2022\/03\/Kurzpark1.jpg\"><img loading=\"lazy\" decoding=\"async\" width=\"179\" height=\"239\" src=\"https:\/\/bmin.info\/WP\/wp-content\/uploads\/2022\/03\/Kurzpark1.jpg\" alt=\"\" class=\"wp-image-10433\" srcset=\"https:\/\/bmin.info\/WP\/wp-content\/uploads\/2022\/03\/Kurzpark1.jpg 179w, https:\/\/bmin.info\/WP\/wp-content\/uploads\/2022\/03\/Kurzpark1-108x144.jpg 108w\" sizes=\"auto, (max-width: 179px) 100vw, 179px\" \/><\/a><\/figure><\/div>\n\n\n\n<p><strong>Konkrete Beispiele:<\/strong><br \/>Eine Assistentin kommt aus Nieder\u00f6sterreich und kann die An- und R\u00fcckfahrt mangels \u00f6ffentlicher Verkehrsanbindung unm\u00f6glich ohne Auto bewerkstelligen. Das bedeutet an jedem Arbeitstag (sechs Stunden\/Wo.) Kosten von \u20ac 13,20 und die Unterbrechung der Arbeit wegen zweimaligen Umparkens.<\/p>\n\n\n\n<p>Im Fall einer anderen Assistenz, die mit 12 Wochenstunden besch\u00e4ftigt ist und mit ihrem Auto Eink\u00e4ufe, Besorgungen, etc. erledigt, summieren sich die Kosten im Jahr auf mehr als 1.200,&#8211; Euro.<br \/><br \/><strong>Wir fordern daher umgehend, dass f\u00fcr die Mitarbeiter_innen im Bereich der Pers\u00f6nlichen Assistenz eine Ausnahme von der Parkgeb\u00fchrenverordnung geschaffen wird.<\/strong><\/p>\n\n\n\n<p><a href=\"https:\/\/www.wien.gv.at\/amtshelfer\/verkehr\/parken\/betriebe\/parkkarte.html\">Amtshelfer Verkehr, parken<\/a> (wien.gv.at)<\/p>\n","protected":false},"excerpt":{"rendered":"<p>Text: Ing. Norbert Hofer, MSMDie Neuregelung der Kurzparkordnung (max. Parkdauer 2 Stunden und Ausdehnung von Mo.-Fr., 9-22 Uhr) bringt f\u00fcr Menschen mit Behinderung, die Pers\u00f6nliche Assistenz in Anspruch nehmen, massive Probleme und Verschlechterungen. Konkrete Beispiele:Eine Assistentin kommt aus Nieder\u00f6sterreich und kann die An- und R\u00fcckfahrt mangels \u00f6ffentlicher Verkehrsanbindung unm\u00f6glich ohne Auto bewerkstelligen. Das bedeutet an&#8230; <a href=\"https:\/\/bmin.info\/WP\/2022\/03\/02\/neue-kurzparkordnung-ausnahmeregelung-fuer-persoenliche-assistenz-gefordert\/\" class=\"more-link\">Continue reading <span class=\"screen-reader-text\">Neue Kurzparkordnung: Ausnahmeregelung f\u00fcr Pers\u00f6nliche Assistenz gefordert<\/span><\/a><\/p>\n","protected":false},"author":3,"featured_media":0,"comment_status":"closed","ping_status":"closed","sticky":false,"template":"","format":"standard","meta":{"footnotes":""},"categories":[3],"tags":[],"class_list":["post-10442","post","type-post","status-publish","format-standard","hentry","category-info"],"_links":{"self":[{"href":"https:\/\/bmin.info\/WP\/wp-json\/wp\/v2\/posts\/10442","targetHints":{"allow":["GET"]}}],"collection":[{"href":"https:\/\/bmin.info\/WP\/wp-json\/wp\/v2\/posts"}],"about":[{"href":"https:\/\/bmin.info\/WP\/wp-json\/wp\/v2\/types\/post"}],"author":[{"embeddable":true,"href":"https:\/\/bmin.info\/WP\/wp-json\/wp\/v2\/users\/3"}],"replies":[{"embeddable":true,"href":"https:\/\/bmin.info\/WP\/wp-json\/wp\/v2\/comments?post=10442"}],"version-history":[{"count":4,"href":"https:\/\/bmin.info\/WP\/wp-json\/wp\/v2\/posts\/10442\/revisions"}],"predecessor-version":[{"id":10459,"href":"https:\/\/bmin.info\/WP\/wp-json\/wp\/v2\/posts\/10442\/revisions\/10459"}],"wp:attachment":[{"href":"https:\/\/bmin.info\/WP\/wp-json\/wp\/v2\/media?parent=10442"}],"wp:term":[{"taxonomy":"category","embeddable":true,"href":"https:\/\/bmin.info\/WP\/wp-json\/wp\/v2\/categories?post=10442"},{"taxonomy":"post_tag","embeddable":true,"href":"https:\/\/bmin.info\/WP\/wp-json\/wp\/v2\/tags?post=10442"}],"curies":[{"name":"wp","href":"https:\/\/api.w.org\/{rel}","templated":true}]}}