{"id":10456,"date":"2022-03-04T09:49:04","date_gmt":"2022-03-04T08:49:04","guid":{"rendered":"https:\/\/bmin.info\/WP\/?p=10456"},"modified":"2022-03-17T20:01:07","modified_gmt":"2022-03-17T19:01:07","slug":"behindertenanwalt-tief-besorgt-ueber-lage-von-menschen-mit-behinderungen-in-der-ukraine","status":"publish","type":"post","link":"https:\/\/bmin.info\/WP\/2022\/03\/04\/behindertenanwalt-tief-besorgt-ueber-lage-von-menschen-mit-behinderungen-in-der-ukraine\/","title":{"rendered":"Behindertenanwalt tief besorgt \u00fcber Lage von Menschen mit Behinderungen in der Ukraine"},"content":{"rendered":"\n<p>Text: Bundesbehindertenanwaltschaft<br \/><em>Wien (OTS)<\/em> &#8211; Anl\u00e4sslich des aktuellen Krieges in der Ukraine, zeigt sich Behindertenanwalt Hofer best\u00fcrzt und tief besorgt \u00fcber die Lage von Menschen mit Behinderungen in der aktuellen Konfliktsituation.<\/p>\n\n\n\n<p>Dabei sind die sich h\u00e4ufenden Berichte \u00fcber Angriffe auf die Zivilbev\u00f6lkerung einschlie\u00dflich ziviler und speziell auch medizinischer Einrichtungen und Krankenh\u00e4user, welche besonders gesch\u00fctzte Objekte nach humanit\u00e4rem V\u00f6lkerrecht allgemein und dem I. Zusatzprotokoll zu den Genfer Konventionen von 1977 im Besonderen darstellen, nur ein Kritikpunkt des Behindertenanwalts.<\/p>\n\n\n\n<p>Denn auch allgemein bem\u00e4ngelt Hofer, dass durch die russische Invasion und die nachfolgenden kriegerischen Auseinandersetzungen die Deckung der Grundbed\u00fcrfnisse von Menschen mit Behinderungen sowie die Arbeit sozialer Dienste und Einrichtungen im Bereich der Pflege und Betreuung behinderter Menschen massiv beeintr\u00e4chtigt, zumal auch die Fluchtm\u00f6glichkeiten von Menschen mit Behinderungen oftmals stark begrenzt sind.<\/p>\n\n\n\n<p>In diesem Sinne appelliert Hofer, dass im Zuge der humanit\u00e4ren Hilfe die Bedarfe von Menschen mit Behinderungen zentral ber\u00fccksichtigt werden. Gleichzeitig dankt Hofer jenen sozialen und medizinischen Einrichtungen und deren Personal, die auch trotz der mannigfaltigen Kriegsgefahren weiterhin ihre wichtige Arbeit zur Unterst\u00fctzung und Betreuung von Menschen mit Behinderungen vor Ort leisten.<\/p>\n\n\n\n<p>Ein weiterer Aspekt, den es in diesem Zusammenhang zu beachten gilt, ist die ad\u00e4quate Unterst\u00fctzung gefl\u00fcchteter Menschen mit Behinderungen, sei es in \u00d6sterreich selbst oder einem anderen Aufnahmeland.<\/p>\n\n\n\n<p>\u201eMeine Gedanken und die Gedanken meiner Mitarbeiter:innen sind bei der Zivilbev\u00f6lkerung im Kriegsgebiet. Insbesondere hoffen wir alle inst\u00e4ndig, dass Menschen mit Behinderungen nicht prim\u00e4re Opfer dieses Angriffskriegs werden und ihre Bedarfe auf der Strecke bleiben\u201c, so Hofer.<\/p>\n\n\n\n<div class=\"wp-block-image\"><figure class=\"aligncenter size-large is-resized\"><a href=\"https:\/\/bmin.info\/WP\/wp-content\/uploads\/2022\/03\/LogoUkr.png\"><img loading=\"lazy\" decoding=\"async\" src=\"https:\/\/bmin.info\/WP\/wp-content\/uploads\/2022\/03\/LogoUkr-1024x585.png\" alt=\"\" class=\"wp-image-10523\" width=\"512\" height=\"293\" srcset=\"https:\/\/bmin.info\/WP\/wp-content\/uploads\/2022\/03\/LogoUkr-1024x585.png 1024w, https:\/\/bmin.info\/WP\/wp-content\/uploads\/2022\/03\/LogoUkr-300x171.png 300w, https:\/\/bmin.info\/WP\/wp-content\/uploads\/2022\/03\/LogoUkr-768x439.png 768w, https:\/\/bmin.info\/WP\/wp-content\/uploads\/2022\/03\/LogoUkr-144x82.png 144w, https:\/\/bmin.info\/WP\/wp-content\/uploads\/2022\/03\/LogoUkr.png 1400w\" sizes=\"auto, (max-width: 512px) 100vw, 512px\" \/><\/a><figcaption><em>Siehe <a href=\"https:\/\/www.behindertenrat.at\/2022\/03\/hilfe-fuer-die-ukraine-sammlung-von-informationen-und-hilfsangeboten\/\">\u00d6sterreichischer Behinderten Rat<\/a> &#8211; 11.03.2022<\/em><\/figcaption><\/figure><\/div>\n\n\n\n<p>Artikel und Presseaussendungen zum Thema:<br \/><a href=\"https:\/\/www.bizeps.or.at\/sind-wir-in-oesterreich-auf-fluechtlinge-mit-behinderungen-aus-der-ukraine-vorbereitet\/\">Sind wir in \u00d6sterreich auf Fl\u00fcchtlinge mit Behinderungen aus der Ukraine vorbereitet?<\/a> &#8211; BIZEPS &#8211; online &#8211; 17.03.2022<br \/><a href=\"https:\/\/www.behindertenrat.at\/2022\/03\/hilfe-fuer-die-ukraine-sammlung-von-informationen-und-hilfsangeboten\/\">Hilfe f\u00fcr die Ukraine: Sammlung von Informationen und Hilfsangeboten<\/a> &#8211; \u00d6BR &#8211; 11.03.2022<br \/><a href=\"https:\/\/www.oeziv-burgenland.at\/aktuelles\/presseaussendungen\">\u00d6ZIV Burgenland stellt gratis Rollst\u00fchle f\u00fcr Kriegsopfer zur Verf\u00fcgung<\/a> &#8211; \u00d6ZIV &#8211; 8.3.2022<br \/><a href=\"https:\/\/www.ots.at\/presseaussendung\/OTS_20220304_OTS0092\/menschen-mit-behinderungen-in-der-ukraine-brauchen-dringend-hilfe\">Menschen mit Behinderungen in der Ukraine brauchen dringend Hilfe!<\/a> &#8211; OTS \/ \u00d6BR &#8211; 4.3.2022<br \/><a href=\"https:\/\/www.krone.at\/2643520\">Sorge um Menschen mit Behinderung in der Ukraine<\/a> &#8211; krone.at &#8211; 3.3.2022<br \/><a href=\"https:\/\/www.ots.at\/presseaussendung\/OTS_20220301_OTS0170\/unterstuetzung-fuer-blinde-und-sehbehinderte-gefluechtete-aus-der-ukraine\">Unterst\u00fctzung f\u00fcr blinde und sehbehinderte Gefl\u00fcchtete aus der Ukraine<\/a> &#8211; OTS &#8211; 1.3.2022<br \/><a href=\"https:\/\/www.meinbezirk.at\/tirol\/c-politik\/mehr-gefahr-fuer-menschen-mit-behinderungen-in-der-ukraine_a5184781\">Mehr Gefahr f\u00fcr Menschen mit Behinderungen in der Ukraine<\/a> &#8211; MeinBezirk.at &#8211; 1.3.2022<\/p>\n","protected":false},"excerpt":{"rendered":"<p>Text: BundesbehindertenanwaltschaftWien (OTS) &#8211; Anl\u00e4sslich des aktuellen Krieges in der Ukraine, zeigt sich Behindertenanwalt Hofer best\u00fcrzt und tief besorgt \u00fcber die Lage von Menschen mit Behinderungen in der aktuellen Konfliktsituation. Dabei sind die sich h\u00e4ufenden Berichte \u00fcber Angriffe auf die Zivilbev\u00f6lkerung einschlie\u00dflich ziviler und speziell auch medizinischer Einrichtungen und Krankenh\u00e4user, welche besonders gesch\u00fctzte Objekte nach&#8230; <a href=\"https:\/\/bmin.info\/WP\/2022\/03\/04\/behindertenanwalt-tief-besorgt-ueber-lage-von-menschen-mit-behinderungen-in-der-ukraine\/\" class=\"more-link\">Continue reading <span class=\"screen-reader-text\">Behindertenanwalt tief besorgt \u00fcber Lage von Menschen mit Behinderungen in der Ukraine<\/span><\/a><\/p>\n","protected":false},"author":3,"featured_media":0,"comment_status":"closed","ping_status":"closed","sticky":false,"template":"","format":"standard","meta":{"footnotes":""},"categories":[3],"tags":[],"class_list":["post-10456","post","type-post","status-publish","format-standard","hentry","category-info"],"_links":{"self":[{"href":"https:\/\/bmin.info\/WP\/wp-json\/wp\/v2\/posts\/10456","targetHints":{"allow":["GET"]}}],"collection":[{"href":"https:\/\/bmin.info\/WP\/wp-json\/wp\/v2\/posts"}],"about":[{"href":"https:\/\/bmin.info\/WP\/wp-json\/wp\/v2\/types\/post"}],"author":[{"embeddable":true,"href":"https:\/\/bmin.info\/WP\/wp-json\/wp\/v2\/users\/3"}],"replies":[{"embeddable":true,"href":"https:\/\/bmin.info\/WP\/wp-json\/wp\/v2\/comments?post=10456"}],"version-history":[{"count":12,"href":"https:\/\/bmin.info\/WP\/wp-json\/wp\/v2\/posts\/10456\/revisions"}],"predecessor-version":[{"id":10524,"href":"https:\/\/bmin.info\/WP\/wp-json\/wp\/v2\/posts\/10456\/revisions\/10524"}],"wp:attachment":[{"href":"https:\/\/bmin.info\/WP\/wp-json\/wp\/v2\/media?parent=10456"}],"wp:term":[{"taxonomy":"category","embeddable":true,"href":"https:\/\/bmin.info\/WP\/wp-json\/wp\/v2\/categories?post=10456"},{"taxonomy":"post_tag","embeddable":true,"href":"https:\/\/bmin.info\/WP\/wp-json\/wp\/v2\/tags?post=10456"}],"curies":[{"name":"wp","href":"https:\/\/api.w.org\/{rel}","templated":true}]}}