{"id":10463,"date":"2022-03-07T20:15:54","date_gmt":"2022-03-07T19:15:54","guid":{"rendered":"https:\/\/bmin.info\/WP\/?p=10463"},"modified":"2022-03-08T13:43:26","modified_gmt":"2022-03-08T12:43:26","slug":"oeziv-bundesverband-fordert-chancengleichheit-fuer-frauen-mit-behinderungen","status":"publish","type":"post","link":"https:\/\/bmin.info\/WP\/2022\/03\/07\/oeziv-bundesverband-fordert-chancengleichheit-fuer-frauen-mit-behinderungen\/","title":{"rendered":"\u00d6ZIV Bundesverband fordert Chancengleichheit f\u00fcr Frauen mit Behinderungen"},"content":{"rendered":"\n<p>Text: \u00d6ZIV<br \/><em>Frauen mit Behinderungen sind auch im Jahr 2022 noch von Mehrfachdiskriminierung betroffen \u2013 Jobchancen m\u00fcssen verbessert werden<\/em><br \/>Wien (OTS) &#8211; Zum Internationalen Frauentag weist der \u00d6ZIV Bundesverband auf die mehrfache Benachteiligung von Frauen mit Behinderungen hin und fordert Gleichberechtigung sowie die Schaffung eines Inklusionsfonds.<\/p>\n\n\n\n<p>Trotz jahrzehntelangen Kampfes sind Frauen im Jahr 2022 nach wie vor nicht vollst\u00e4ndig gleichberechtigt. Schlechtere Entlohnung, Karrierenachteile durch Kinderbetreuung und somit weniger Frauen in Vorst\u00e4nden bzw. F\u00fchrungsebenen \u2013 diese Liste lie\u00dfe sich lange fortf\u00fchren und ist allgemein bekannt. Die Situationen von Frauen mit Behinderungen ist noch prek\u00e4rer \u2013 sie sind auch heute noch h\u00e4ufig von Mehrfachdiskriminierung betroffen.<\/p>\n\n\n\n<p><strong>Valerie Clarke<\/strong>, Vize-Pr\u00e4sidentin des \u00d6ZIV Bundesverband, fordert entsprechendes Gegensteuern: <em>\u201eEs ist h\u00f6chst an der Zeit, dass wirksame Ma\u00dfnahmen zur Gleichberechtigung gesetzt werden. Der \u00d6ZIV Bundesverband engagiert sich seit Bestehen des \u201eKompetenzteams Frauen mit Behinderungen\u201c beim \u00d6sterreichischen Behindertenrat sowie im Unabh\u00e4ngigen Monitoringausschuss f\u00fcr Verbesserungen. Das \u00d6ZIV SUPPORT Coaching Angebot unterst\u00fctzt Frauen bei ihren Herausforderungen im Berufs- und Privatleben. Im neuen Nationalen Aktionsplan Behinderung wird diesem dringenden Thema entsprechend Raum gegeben. Wichtig ist neben anderen Ma\u00dfnahmen der Ausbau der pers\u00f6nlichen Assistenz \u2013 daf\u00fcr m\u00fcssen ausreichend finanzielle Mittel in Form eines Inklusionsfonds ehebaldigst zur Verf\u00fcgung gestellt werden.\u201d<\/em><\/p>\n\n\n\n<p><strong>Systematische Bildungs-Nachteile<\/strong><br \/>Die Benachteiligung beginnt f\u00fcr Frauen schon in der Kindheit \u2013 oft werden sie vom Zugang zu Bildung systematisch ausgeschlossen. Weltweit k\u00f6nnen nur 45 % der Frauen mit Behinderungen lesen und schreiben (bei M\u00e4nnern mit Behinderungen sind es immerhin 61%). Diese Bildungsnachteile f\u00fchren fast zwangsl\u00e4ufig dazu, dass Frauen mit Behinderungen einen erheblichen Start-Nachteil ins Berufsleben haben \u2013 mit langfristig negativen Auswirkungen. S\u00e4mtliche Studien der vergangenen Jahre weisen darauf hin, dass Frauen mit Behinderungen h\u00e4ufiger und l\u00e4nger arbeitslos sind und in Bezug auf ihre Durchschnittseinkommen deutlich hinterherhinken.<\/p>\n\n\n\n<p>Frauen mit Behinderungen sind aber nicht nur \u00f6konomisch benachteiligt \u2013 sie sind auch \u00fcberdurchschnittlich h\u00e4ufig von Gewalterfahrungen betroffen. Zudem ist es um die Sichtbarkeit von Frauen mit Behinderung ebenfalls schlecht bestellt \u2013 trotz aller Initiativen der letzten Jahre sind M\u00e4nner (mit Behinderungen) h\u00e4ufiger in F\u00fchrungsfunktionen und bei Podiumsdiskussionen zu sehen. \u201e\u201cWir alle sind gefordert, wenn es um die Erm\u00f6glichung von Gleichberechtigung geht.\u201d\u201c, res\u00fcmiert Rudolf Kravanja, Pr\u00e4sident des \u00d6ZIV Bundesverbands \u201eUnd das auch abseits von Aktionstagen wie dem Internationalen Frauentag!\u201c<\/p>\n\n\n\n<p>Artikel und Presseaussendungen zum Thema:<br \/><a href=\"https:\/\/www.ots.at\/amp\/pr\/OTS_20220307_OTS0017\/\">FCG-Gabriel: Internationaler Frauentag 2022 im Zeichen der Solidarit\u00e4t mit der Ukraine 7.3.2022<\/a> &#8211; OTS &#8211; 7.3.2022<br \/><a href=\"https:\/\/www.ots.at\/amp\/pr\/OTS_20220307_OTS0147\/\">SP\u00d6-Bayr: Kein Krieg gegen Frauen!<\/a> &#8211; OTS &#8211; 7.3.2022<\/p>\n","protected":false},"excerpt":{"rendered":"<p>Text: \u00d6ZIVFrauen mit Behinderungen sind auch im Jahr 2022 noch von Mehrfachdiskriminierung betroffen \u2013 Jobchancen m\u00fcssen verbessert werdenWien (OTS) &#8211; Zum Internationalen Frauentag weist der \u00d6ZIV Bundesverband auf die mehrfache Benachteiligung von Frauen mit Behinderungen hin und fordert Gleichberechtigung sowie die Schaffung eines Inklusionsfonds. Trotz jahrzehntelangen Kampfes sind Frauen im Jahr 2022 nach wie vor&#8230; <a href=\"https:\/\/bmin.info\/WP\/2022\/03\/07\/oeziv-bundesverband-fordert-chancengleichheit-fuer-frauen-mit-behinderungen\/\" class=\"more-link\">Continue reading <span class=\"screen-reader-text\">\u00d6ZIV Bundesverband fordert Chancengleichheit f\u00fcr Frauen mit Behinderungen<\/span><\/a><\/p>\n","protected":false},"author":3,"featured_media":0,"comment_status":"closed","ping_status":"closed","sticky":false,"template":"","format":"standard","meta":{"footnotes":""},"categories":[3],"tags":[],"class_list":["post-10463","post","type-post","status-publish","format-standard","hentry","category-info"],"_links":{"self":[{"href":"https:\/\/bmin.info\/WP\/wp-json\/wp\/v2\/posts\/10463","targetHints":{"allow":["GET"]}}],"collection":[{"href":"https:\/\/bmin.info\/WP\/wp-json\/wp\/v2\/posts"}],"about":[{"href":"https:\/\/bmin.info\/WP\/wp-json\/wp\/v2\/types\/post"}],"author":[{"embeddable":true,"href":"https:\/\/bmin.info\/WP\/wp-json\/wp\/v2\/users\/3"}],"replies":[{"embeddable":true,"href":"https:\/\/bmin.info\/WP\/wp-json\/wp\/v2\/comments?post=10463"}],"version-history":[{"count":3,"href":"https:\/\/bmin.info\/WP\/wp-json\/wp\/v2\/posts\/10463\/revisions"}],"predecessor-version":[{"id":10495,"href":"https:\/\/bmin.info\/WP\/wp-json\/wp\/v2\/posts\/10463\/revisions\/10495"}],"wp:attachment":[{"href":"https:\/\/bmin.info\/WP\/wp-json\/wp\/v2\/media?parent=10463"}],"wp:term":[{"taxonomy":"category","embeddable":true,"href":"https:\/\/bmin.info\/WP\/wp-json\/wp\/v2\/categories?post=10463"},{"taxonomy":"post_tag","embeddable":true,"href":"https:\/\/bmin.info\/WP\/wp-json\/wp\/v2\/tags?post=10463"}],"curies":[{"name":"wp","href":"https:\/\/api.w.org\/{rel}","templated":true}]}}