{"id":10491,"date":"2022-03-08T14:28:35","date_gmt":"2022-03-08T13:28:35","guid":{"rendered":"https:\/\/bmin.info\/WP\/?p=10491"},"modified":"2022-03-14T18:39:56","modified_gmt":"2022-03-14T17:39:56","slug":"johannes-rauch-ist-neuer-bundesminister","status":"publish","type":"post","link":"https:\/\/bmin.info\/WP\/2022\/03\/08\/johannes-rauch-ist-neuer-bundesminister\/","title":{"rendered":"Johannes Rauch ist neuer Bundesminister"},"content":{"rendered":"\n<p>Text: Pepo Meia<br \/><a href=\"https:\/\/de.wikipedia.org\/wiki\/Johannes_Rauch_(Politiker%2C_1959)\">Johannes Rauch<\/a> (Gr\u00fcne), wurde am 8. M\u00e4rz 2022 von Bundespr\u00e4sident Alexander Van der Bellen angelobt. Er tritt die Nachfolge von <a href=\"https:\/\/de.wikipedia.org\/wiki\/Wolfgang_M%C3%BCckstein\">Wolfgang M\u00fcckstein<\/a> an, der am <a href=\"https:\/\/orf.at\/stories\/3250792\/\">3. M\u00e4rz 2022 zur\u00fcckgetreten ist<\/a>.<\/p>\n\n\n\n<div class=\"wp-block-image\"><figure class=\"alignright size-full\"><a href=\"https:\/\/bmin.info\/WP\/wp-content\/uploads\/2022\/03\/Johannes-Rauch.jpg\"><img loading=\"lazy\" decoding=\"async\" width=\"220\" height=\"330\" src=\"https:\/\/bmin.info\/WP\/wp-content\/uploads\/2022\/03\/Johannes-Rauch.jpg\" alt=\"\" class=\"wp-image-10498\" srcset=\"https:\/\/bmin.info\/WP\/wp-content\/uploads\/2022\/03\/Johannes-Rauch.jpg 220w, https:\/\/bmin.info\/WP\/wp-content\/uploads\/2022\/03\/Johannes-Rauch-200x300.jpg 200w, https:\/\/bmin.info\/WP\/wp-content\/uploads\/2022\/03\/Johannes-Rauch-96x144.jpg 96w\" sizes=\"auto, (max-width: 220px) 100vw, 220px\" \/><\/a><figcaption><em>Johannes Rauch<\/em><\/figcaption><\/figure><\/div>\n\n\n\n<p><strong>Dritter Gesundheitsminister in der Pandemie<\/strong><br \/>Bundespr\u00e4sident Van der Bellen: <em>\u201eDer neue Minister wird einen langen Atem brauchen &#8211; die Aufgaben sind herausfordernd. Die Gesundheitskrise werde man nur gemeinsam bew\u00e4ltigen k\u00f6nnen, doch die Person des Gesundheitsministers steht im Mittelpunkt. Er hat wesentliche Entscheidungen zu treffen\u201c. Diese Aufgabe sei &#8222;nervenaufreibend und geht an die Belastungsgrenze der verantwortlichen Pers\u00f6nlichkeit&#8220;. Van der Bellen ist jedoch zuversichtlich, dass die Aufgabe gemeinsam bew\u00e4ltigt werde.\u201c<\/em><\/p>\n\n\n\n<p>In einer Pressekonferenz am 4. M\u00e4rz 2022 sagte der 62-j\u00e4hrige Vorarlberger Johannes Rauch, dass sein erstes Vorhaben eine seri\u00f6se Vorbereitung auf den Herbst und Winter sein wird. Die Pandemie ist noch nicht beendet.<\/p>\n\n\n\n<p>Rauch m\u00f6chte als Minister die schwierige Balance zwischen Sicherheit und Freiheit schaffen. Daf\u00fcr brauche es nachvollziehbare Entscheidungen, die die Menschen auch verstehen k\u00f6nnen. Das Virus gehe nach zwei Jahren allen auf die Nerven, Ma\u00dfnahmen seien dennoch weiter erforderlich, nach der Devise: \u201eSo viel wie n\u00f6tig, so wenig wie m\u00f6glich.\u201c<\/p>\n\n\n\n<p>Auf Johannes Rauch, als neuen Bundesminister f\u00fcr Soziales, Gesundheit, Pflege und Konsumentenschutz warten viele \u201eoffen Baustellen\u201c (Agenden), die auch Menschen mit Behinderung betreffen. Wir w\u00fcnschen viel Erfolg f\u00fcr die kommenden Herausforderungen.<\/p>\n","protected":false},"excerpt":{"rendered":"<p>Text: Pepo MeiaJohannes Rauch (Gr\u00fcne), wurde am 8. M\u00e4rz 2022 von Bundespr\u00e4sident Alexander Van der Bellen angelobt. Er tritt die Nachfolge von Wolfgang M\u00fcckstein an, der am 3. M\u00e4rz 2022 zur\u00fcckgetreten ist. Dritter Gesundheitsminister in der PandemieBundespr\u00e4sident Van der Bellen: \u201eDer neue Minister wird einen langen Atem brauchen &#8211; die Aufgaben sind herausfordernd. Die Gesundheitskrise&#8230; <a href=\"https:\/\/bmin.info\/WP\/2022\/03\/08\/johannes-rauch-ist-neuer-bundesminister\/\" class=\"more-link\">Continue reading <span class=\"screen-reader-text\">Johannes Rauch ist neuer Bundesminister<\/span><\/a><\/p>\n","protected":false},"author":3,"featured_media":0,"comment_status":"closed","ping_status":"closed","sticky":false,"template":"","format":"standard","meta":{"footnotes":""},"categories":[3],"tags":[],"class_list":["post-10491","post","type-post","status-publish","format-standard","hentry","category-info"],"_links":{"self":[{"href":"https:\/\/bmin.info\/WP\/wp-json\/wp\/v2\/posts\/10491","targetHints":{"allow":["GET"]}}],"collection":[{"href":"https:\/\/bmin.info\/WP\/wp-json\/wp\/v2\/posts"}],"about":[{"href":"https:\/\/bmin.info\/WP\/wp-json\/wp\/v2\/types\/post"}],"author":[{"embeddable":true,"href":"https:\/\/bmin.info\/WP\/wp-json\/wp\/v2\/users\/3"}],"replies":[{"embeddable":true,"href":"https:\/\/bmin.info\/WP\/wp-json\/wp\/v2\/comments?post=10491"}],"version-history":[{"count":6,"href":"https:\/\/bmin.info\/WP\/wp-json\/wp\/v2\/posts\/10491\/revisions"}],"predecessor-version":[{"id":10529,"href":"https:\/\/bmin.info\/WP\/wp-json\/wp\/v2\/posts\/10491\/revisions\/10529"}],"wp:attachment":[{"href":"https:\/\/bmin.info\/WP\/wp-json\/wp\/v2\/media?parent=10491"}],"wp:term":[{"taxonomy":"category","embeddable":true,"href":"https:\/\/bmin.info\/WP\/wp-json\/wp\/v2\/categories?post=10491"},{"taxonomy":"post_tag","embeddable":true,"href":"https:\/\/bmin.info\/WP\/wp-json\/wp\/v2\/tags?post=10491"}],"curies":[{"name":"wp","href":"https:\/\/api.w.org\/{rel}","templated":true}]}}