{"id":10497,"date":"2022-03-10T05:03:06","date_gmt":"2022-03-10T04:03:06","guid":{"rendered":"https:\/\/bmin.info\/WP\/?p=10497"},"modified":"2022-03-14T16:42:03","modified_gmt":"2022-03-14T15:42:03","slug":"bundespraesident-alexander-van-der-bellen-gratuliert-zu-30-jahren-bizeps-peer-beratung","status":"publish","type":"post","link":"https:\/\/bmin.info\/WP\/2022\/03\/10\/bundespraesident-alexander-van-der-bellen-gratuliert-zu-30-jahren-bizeps-peer-beratung\/","title":{"rendered":"Bundespr\u00e4sident Alexander Van der Bellen gratuliert zu 30 Jahren BIZEPS Peer-Beratung"},"content":{"rendered":"\n<p>Text: BIZEPS<br \/>Die <a href=\"https:\/\/de.wikipedia.org\/wiki\/Peer-Beratung\">Peer-Beratung<\/a> von BIZEPS startete am 12. M\u00e4rz 1992. Bundespr\u00e4sident Alexander Van der Bellen sendet zu diesem Anlass Gru\u00df- und Dankesworte.<\/p>\n\n\n\n<figure class=\"wp-block-embed is-type-video is-provider-youtube wp-block-embed-youtube wp-embed-aspect-16-9 wp-has-aspect-ratio\"><div class=\"wp-block-embed__wrapper\">\n<iframe loading=\"lazy\" title=\"Gru\u00dfbotschaft von Bundespr\u00e4sident Alexander Van der Bellen\" width=\"650\" height=\"366\" src=\"https:\/\/www.youtube.com\/embed\/HU8BIkW58Ns?feature=oembed\" frameborder=\"0\" allow=\"accelerometer; autoplay; clipboard-write; encrypted-media; gyroscope; picture-in-picture; web-share\" referrerpolicy=\"strict-origin-when-cross-origin\" allowfullscreen><\/iframe>\n<\/div><\/figure>\n\n\n\n<p>In seiner Gru\u00dfbotschaft weist der Bundespr\u00e4sident noch einmal auf die Wichtigkeit der gesellschaftlichen Teilhabe von Menschen mit Behinderungen hin und betont, dass es diesbez\u00fcglich noch einige Barrieren zu \u00fcberwinden gilt.<\/p>\n\n\n\n<div class=\"wp-block-image\"><figure class=\"aligncenter size-large is-resized\"><a href=\"https:\/\/bmin.info\/WP\/wp-content\/uploads\/2022\/03\/alle_peerberatung_Karte-1536x1024-1.jpg\"><img loading=\"lazy\" decoding=\"async\" src=\"https:\/\/bmin.info\/WP\/wp-content\/uploads\/2022\/03\/alle_peerberatung_Karte-1536x1024-1-1024x683.jpg\" alt=\"\" class=\"wp-image-10511\" width=\"512\" height=\"342\" srcset=\"https:\/\/bmin.info\/WP\/wp-content\/uploads\/2022\/03\/alle_peerberatung_Karte-1536x1024-1-1024x683.jpg 1024w, https:\/\/bmin.info\/WP\/wp-content\/uploads\/2022\/03\/alle_peerberatung_Karte-1536x1024-1-300x200.jpg 300w, https:\/\/bmin.info\/WP\/wp-content\/uploads\/2022\/03\/alle_peerberatung_Karte-1536x1024-1-768x512.jpg 768w, https:\/\/bmin.info\/WP\/wp-content\/uploads\/2022\/03\/alle_peerberatung_Karte-1536x1024-1-144x96.jpg 144w, https:\/\/bmin.info\/WP\/wp-content\/uploads\/2022\/03\/alle_peerberatung_Karte-1536x1024-1.jpg 1536w\" sizes=\"auto, (max-width: 512px) 100vw, 512px\" \/><\/a><\/figure><\/div>\n\n\n\n<p>Insbesondere dankt Alexander Van der Bellen dem Verein BIZEPS f\u00fcr sein gro\u00dfes Engagement. Auch in Zukunft w\u00fcnscht er dem Verein viel Kraft und Zuversicht.<\/p>\n\n\n\n<p><strong>BIZEPS sagt Danke<\/strong><br \/>Es ist f\u00fcr das BIZEPS-Team eine gro\u00dfe Freude und Ehre vom Bundespr\u00e4sidenten dieses Video erhalten zu haben. Danke daf\u00fcr!<\/p>\n\n\n\n<p>Artikel zum Thema:<br \/><a href=\"https:\/\/www.bizeps.or.at\/ehemaliger-sozialminister-wolfgang-mueckstein-gratuliert-zu-30-jahren-bizeps-peer-beratung\/\">Ehemaliger Sozialminister Wolfgang M\u00fcckstein gratuliert zu 30 Jahren BIZEPS Peer-Beratung<\/a> &#8211; BIZEPS online<br \/><a href=\"https:\/\/www.bizeps.or.at\/fsw-geschaeftsfuehrerin-anita-bauer-gratuliert-zu-30-jahren-bizeps-peer-beratung\/\">FSW-Gesch\u00e4ftsf\u00fchrerin Anita Bauer gratuliert zu 30 Jahren BIZEPS Peer-Beratung<\/a> &#8211; BIZEPS online<br \/><a href=\"https:\/\/www.bizeps.or.at\/30-jahre-peer-beratung-bei-bizeps-der-berater-martin-ladstaetter-blickt-zurueck\/\">30 Jahre Peer-Beratung bei BIZEPS: Der Berater Martin Ladst\u00e4tter blickt zur\u00fcck <\/a>&#8211; BIZEPS online<br \/><a href=\"https:\/\/www.bizeps.or.at\/30-jahre-peer-beratung-bei-bizeps-die-beraterin-cornelia-scheuer-blickt-zurueck\/\">30 Jahre Peer-Beratung bei BIZEPS: Die Beraterin Cornelia Scheuer blickt zur\u00fcck<\/a> &#8211; BIZEPS online<br \/><a href=\"https:\/\/www.bizeps.or.at\/30-jahre-peer-beratung-bei-bizeps-der-berater-hannes-wurstbauer-blickt-zurueck\/\">30 Jahre Peer-Beratung bei BIZEPS: Der Berater Hannes Wurstbauer blickt zur\u00fcck<\/a> &#8211; BIZEPS online<br \/><a href=\"https:\/\/www.bizeps.or.at\/30-jahre-peer-beratung-bei-bizeps-die-beraterin-bernadette-feuerstein-blickt-zurueck\/\">30 Jahre Peer-Beratung bei BIZEPS: Die Beraterin Bernadette Feuerstein blickt zur\u00fcck<\/a> &#8211; BIZEPS online<br \/><a href=\"https:\/\/www.bizeps.or.at\/30-jahre-peer-beratung-bei-bizeps-der-berater-jakob-ferner-blickt-zurueck\/\">30 Jahre Peer-Beratung bei BIZEPS: Der Berater Jakob Ferner blickt zur\u00fcck<\/a> &#8211; BIZEPS online<br \/><a href=\"https:\/\/www.bizeps.or.at\/30-jahre-peer-beratung-bei-bizeps-die-beraterin-marianne-karner-blickt-zurueck\/\">30 Jahre Peer-Beratung bei BIZEPS: Die Beraterin Marianne Karner blickt zur\u00fcck<\/a> &#8211; BIZEPS online<br \/><a href=\"https:\/\/www.bizeps.or.at\/30-jahre-peer-beratung-bei-bizeps-die-beraterin-elisabeth-loeffler-blickt-zurueck\/\">30 Jahre Peer-Beratung bei BIZEPS: Die Beraterin Elisabeth L\u00f6ffler blickt zur\u00fcck<\/a> &#8211; BIZEPS online<\/p>\n","protected":false},"excerpt":{"rendered":"<p>Text: BIZEPSDie Peer-Beratung von BIZEPS startete am 12. M\u00e4rz 1992. Bundespr\u00e4sident Alexander Van der Bellen sendet zu diesem Anlass Gru\u00df- und Dankesworte. In seiner Gru\u00dfbotschaft weist der Bundespr\u00e4sident noch einmal auf die Wichtigkeit der gesellschaftlichen Teilhabe von Menschen mit Behinderungen hin und betont, dass es diesbez\u00fcglich noch einige Barrieren zu \u00fcberwinden gilt. Insbesondere dankt Alexander&#8230; <a href=\"https:\/\/bmin.info\/WP\/2022\/03\/10\/bundespraesident-alexander-van-der-bellen-gratuliert-zu-30-jahren-bizeps-peer-beratung\/\" class=\"more-link\">Continue reading <span class=\"screen-reader-text\">Bundespr\u00e4sident Alexander Van der Bellen gratuliert zu 30 Jahren BIZEPS Peer-Beratung<\/span><\/a><\/p>\n","protected":false},"author":3,"featured_media":0,"comment_status":"closed","ping_status":"closed","sticky":false,"template":"","format":"standard","meta":{"footnotes":""},"categories":[3],"tags":[],"class_list":["post-10497","post","type-post","status-publish","format-standard","hentry","category-info"],"_links":{"self":[{"href":"https:\/\/bmin.info\/WP\/wp-json\/wp\/v2\/posts\/10497","targetHints":{"allow":["GET"]}}],"collection":[{"href":"https:\/\/bmin.info\/WP\/wp-json\/wp\/v2\/posts"}],"about":[{"href":"https:\/\/bmin.info\/WP\/wp-json\/wp\/v2\/types\/post"}],"author":[{"embeddable":true,"href":"https:\/\/bmin.info\/WP\/wp-json\/wp\/v2\/users\/3"}],"replies":[{"embeddable":true,"href":"https:\/\/bmin.info\/WP\/wp-json\/wp\/v2\/comments?post=10497"}],"version-history":[{"count":7,"href":"https:\/\/bmin.info\/WP\/wp-json\/wp\/v2\/posts\/10497\/revisions"}],"predecessor-version":[{"id":10521,"href":"https:\/\/bmin.info\/WP\/wp-json\/wp\/v2\/posts\/10497\/revisions\/10521"}],"wp:attachment":[{"href":"https:\/\/bmin.info\/WP\/wp-json\/wp\/v2\/media?parent=10497"}],"wp:term":[{"taxonomy":"category","embeddable":true,"href":"https:\/\/bmin.info\/WP\/wp-json\/wp\/v2\/categories?post=10497"},{"taxonomy":"post_tag","embeddable":true,"href":"https:\/\/bmin.info\/WP\/wp-json\/wp\/v2\/tags?post=10497"}],"curies":[{"name":"wp","href":"https:\/\/api.w.org\/{rel}","templated":true}]}}