{"id":10612,"date":"2022-04-07T07:39:29","date_gmt":"2022-04-07T06:39:29","guid":{"rendered":"https:\/\/bmin.info\/WP\/?p=10612"},"modified":"2022-04-07T07:55:31","modified_gmt":"2022-04-07T06:55:31","slug":"herbert-pichler-inklusions-medienpreis-verliehen","status":"publish","type":"post","link":"https:\/\/bmin.info\/WP\/2022\/04\/07\/herbert-pichler-inklusions-medienpreis-verliehen\/","title":{"rendered":"Herbert Pichler-Inklusions-Medienpreis verliehen"},"content":{"rendered":"\n<p>Text: Licht ins Dunkel<br \/><strong>Erstmals wurden auf Initiative von LICHT INS DUNKEL journalistische Leistungen im Bereich Inklusion ausgezeichnet&nbsp;<\/strong><\/p>\n\n\n\n<p>(Wien\/OTS) &#8211; <strong>Am ORF-Mediencampus wurde Mittwoch, den 6. April 2022, zum ersten Mal der Herbert Pichler-Inklusions-Medienpreis f\u00fcr exzellente Berichterstattung im Bereich der Inklusion f\u00fcr die\u00a0Kategorien Fernsehen, Radio, Printmedien\u00a0sowie\u00a0digitale Medien verliehen.\u00a0Die Jury vergab die Preise an Miriam Foresta (Kategorie Printmedien, Beitrag: \u201eSo lebe ich\u201c), Isabelle Engels (Kategorie Radio, Beitrag: H\u00f6rbilder \u201eLove, to find beauty everywhere\u201c), Sara Tom\u0161i\u0107 (Kategorie Digitale Medien, Beitrag: \u201eErziehen muss mich keiner mehr\u201c), Barbara Sima-Ruml (Kategorie Digitale Medien, Beitrag: Podcast \u201eBekenntnisse einer Vierrad-Diva\u201c) und Zoran Dobri\u0107 (Kategorie Fernsehen, Beitrag: Inklusion in Schulen). Zus\u00e4tzlich wurden Anerkennungspreise verliehen.<\/strong><\/p>\n\n\n\n<div class=\"wp-block-image\"><figure class=\"aligncenter size-full is-resized\"><a href=\"https:\/\/bmin.info\/WP\/wp-content\/uploads\/2022\/04\/LID_Medienpr_HP-1.jpeg\"><img loading=\"lazy\" decoding=\"async\" src=\"https:\/\/bmin.info\/WP\/wp-content\/uploads\/2022\/04\/LID_Medienpr_HP-1.jpeg\" alt=\"\" class=\"wp-image-10623\" width=\"768\" height=\"526\" srcset=\"https:\/\/bmin.info\/WP\/wp-content\/uploads\/2022\/04\/LID_Medienpr_HP-1.jpeg 1024w, https:\/\/bmin.info\/WP\/wp-content\/uploads\/2022\/04\/LID_Medienpr_HP-1-300x205.jpeg 300w, https:\/\/bmin.info\/WP\/wp-content\/uploads\/2022\/04\/LID_Medienpr_HP-1-768x526.jpeg 768w, https:\/\/bmin.info\/WP\/wp-content\/uploads\/2022\/04\/LID_Medienpr_HP-1-144x99.jpeg 144w\" sizes=\"auto, (max-width: 768px) 100vw, 768px\" \/><\/a><figcaption><em>ORF\/Roman Zach-Kiesling<\/em><\/figcaption><\/figure><\/div>\n\n\n\n<p>Ins Leben gerufen hat den Preis der Verein LICHT INS DUNKEL, nach einer Idee von ORF-Redakteurin Mag. Cedomira Schlapper. Er soll die gro\u00dfen Leistungen von Herbert Pichler w\u00fcrdigen, dem fr\u00fcheren Pr\u00e4sidenten des \u00d6sterreichischen Behindertenrates, der im April 2021 bei einem tragischen Ungl\u00fcck verstorben ist. Eingeladen waren Medienunternehmen, Organisationen, Vereine sowie Einzelpersonen. Der Medienpreis soll die Aufmerksamkeit f\u00fcr das Thema Inklusion erh\u00f6hen. Das Preisgeld betr\u00e4gt je Kategorie 3.000 Euro und wird vom Bundesministerium f\u00fcr Soziales, Gesundheit, Pflege und Konsumentenschutz sowie dem Bundeskanzleramt \u00d6sterreich gestiftet.<br \/><br \/>ORF-Generaldirektor Roland Wei\u00dfmann gratulierte allen Gewinnerinnen und Gewinnern: \u201eSie haben Arbeiten ganz im Sinne von Herbert Pichler abgeliefert. Ihre Beitr\u00e4ge sind nicht nur ein Zeichen f\u00fcr Qualit\u00e4tsjournalismus, sondern st\u00e4rken die Sensibilit\u00e4t f\u00fcr das Thema Inklusion. Der ORF bem\u00fcht sich seit jeher um die Sichtbarkeit von Menschen mit Beeintr\u00e4chtigungen in seinem Programm.\u201c<br \/>\u201eDie wichtige Botschaft von LICHT INS DUNKEL, die Bewusstseinsbildung f\u00fcr die Anliegen und Bed\u00fcrfnisse von Menschen mit Behinderungen und die Notwendigkeit von\u00a0Inklusion,\u00a0ist eng mit dem ORF verbunden\u201c, sagte Pius Strobl, Leiter des ORF-Humanitarian Broadcasting. \u201eHerbert Pichler wiederum war ein gro\u00dfer Freund des ORF &#8211; auch deshalb, weil der ORF ausgesprochen aktiv im Bereich Inklusion ist.\u201c<br \/><br \/>Gro\u00df war die Freude auch bei Kurt\u00a0Nekula, Pr\u00e4sident des Vereins LICHT INS DUNKEL: \u201eWir wollen mit diesem Preis im Sinne von Herbert Pichler die Berichterstattung \u00fcber Inklusionsfragen verst\u00e4rken und die Sensibilit\u00e4t f\u00fcr die Betroffenen steigern. Das ist\u00a0mit den diesj\u00e4hrigen Preistr\u00e4gerinnen und Preistr\u00e4gern mehr als gelungen.\u201c Auch Eva Radinger, LICHT INS DUNKEL-Gesch\u00e4ftsf\u00fchrerin, bedankte sich bei allen, die f\u00fcr die Auszeichnung eingereicht haben: \u201eWir freuen uns \u00fcber jede Unterst\u00fctzung bei unserem Bem\u00fchen, Bewusstsein f\u00fcr soziale Verantwortung und eine funktionierende Zivilgesellschaft\u00a0zu schaffen.\u201c<br \/><br \/>\u00dcber die Preise entschied folgende Jury: Mag. Dr. Gabriele Falb\u00f6ck (Uni Wien, FH St. P\u00f6lten), Ao. Univ. Prof. Dr. Fritz Hausjell (UniWien), Univ. Prof. Dr. Susanne Kinnebrock (Uni Augsburg), Mag. Barbara Krenn (ORF Hauptabteilungsleiterin), Kurt Nekula, M.A. (Pr\u00e4sident \u201eLicht ins Dunkel\u201c), Univ. Prof. Dr. Germain Weber (Uni Wien, Vizepr\u00e4sident \u201eLicht ins Dunkel\u201c), und Klaus Widl (Pr\u00e4sident des CBMF, Vize-Pr\u00e4sident des \u00d6ZIV Bundesverbandes und Vize-Pr\u00e4sident des \u00d6sterreichischen Behindertenrats).<br \/><br \/>Artikel zum Thema: <br \/><a href=\"https:\/\/bmin.info\/WP\/2021\/09\/11\/licht-ins-dunkel-inklusions-medienpreis-im-sinne-von-herbert-pichler\/\">LICHT INS DUNKEL \u2013 INKLUSIONS-MEDIENPREIS im Sinne von Herbert Pichler?<\/a><br \/><\/p>\n","protected":false},"excerpt":{"rendered":"<p>Text: Licht ins DunkelErstmals wurden auf Initiative von LICHT INS DUNKEL journalistische Leistungen im Bereich Inklusion ausgezeichnet&nbsp; (Wien\/OTS) &#8211; Am ORF-Mediencampus wurde Mittwoch, den 6. April 2022, zum ersten Mal der Herbert Pichler-Inklusions-Medienpreis f\u00fcr exzellente Berichterstattung im Bereich der Inklusion f\u00fcr die\u00a0Kategorien Fernsehen, Radio, Printmedien\u00a0sowie\u00a0digitale Medien verliehen.\u00a0Die Jury vergab die Preise an Miriam Foresta (Kategorie&#8230; <a href=\"https:\/\/bmin.info\/WP\/2022\/04\/07\/herbert-pichler-inklusions-medienpreis-verliehen\/\" class=\"more-link\">Continue reading <span class=\"screen-reader-text\">Herbert Pichler-Inklusions-Medienpreis verliehen<\/span><\/a><\/p>\n","protected":false},"author":3,"featured_media":0,"comment_status":"closed","ping_status":"closed","sticky":false,"template":"","format":"standard","meta":{"footnotes":""},"categories":[3],"tags":[],"class_list":["post-10612","post","type-post","status-publish","format-standard","hentry","category-info"],"_links":{"self":[{"href":"https:\/\/bmin.info\/WP\/wp-json\/wp\/v2\/posts\/10612","targetHints":{"allow":["GET"]}}],"collection":[{"href":"https:\/\/bmin.info\/WP\/wp-json\/wp\/v2\/posts"}],"about":[{"href":"https:\/\/bmin.info\/WP\/wp-json\/wp\/v2\/types\/post"}],"author":[{"embeddable":true,"href":"https:\/\/bmin.info\/WP\/wp-json\/wp\/v2\/users\/3"}],"replies":[{"embeddable":true,"href":"https:\/\/bmin.info\/WP\/wp-json\/wp\/v2\/comments?post=10612"}],"version-history":[{"count":7,"href":"https:\/\/bmin.info\/WP\/wp-json\/wp\/v2\/posts\/10612\/revisions"}],"predecessor-version":[{"id":10624,"href":"https:\/\/bmin.info\/WP\/wp-json\/wp\/v2\/posts\/10612\/revisions\/10624"}],"wp:attachment":[{"href":"https:\/\/bmin.info\/WP\/wp-json\/wp\/v2\/media?parent=10612"}],"wp:term":[{"taxonomy":"category","embeddable":true,"href":"https:\/\/bmin.info\/WP\/wp-json\/wp\/v2\/categories?post=10612"},{"taxonomy":"post_tag","embeddable":true,"href":"https:\/\/bmin.info\/WP\/wp-json\/wp\/v2\/tags?post=10612"}],"curies":[{"name":"wp","href":"https:\/\/api.w.org\/{rel}","templated":true}]}}