{"id":10630,"date":"2022-04-14T19:23:22","date_gmt":"2022-04-14T18:23:22","guid":{"rendered":"https:\/\/bmin.info\/WP\/?p=10630"},"modified":"2022-04-14T19:23:22","modified_gmt":"2022-04-14T18:23:22","slug":"covid-19-neue-regelungen-ab-dem-16-april-2022","status":"publish","type":"post","link":"https:\/\/bmin.info\/WP\/2022\/04\/14\/covid-19-neue-regelungen-ab-dem-16-april-2022\/","title":{"rendered":"Covid-19: Neue Regelungen ab dem 16. April 2022"},"content":{"rendered":"\n<p>Text: Sozialministerium<br \/>Durch die Entspannung der epidemiologischen Lage k\u00f6nnen mit dem 16. April einige Schutzma\u00dfnahmen gelockert werden. Die 2. COVID-19-Basisma\u00dfnahmenverordnung tritt mit diesem Tag in Kraft und gilt vorerst bis zum 8. Juli.<\/p>\n\n\n\n<p><strong>FFP2-Maskenpflicht<\/strong><br \/>Die FFP2-Maskenpflicht gilt nur noch in geschlossenen R\u00e4umen von:<br \/>Krankenanstalten, Alten- und Pflegeheimen und vergleichbaren Settings,<br \/>\u00f6ffentlichen Verkehrsmitteln und deren Haltestellen sowie Taxi,<br \/>Kundenbereichen des lebensnotwendigen Handels,<br \/>Verwaltungsbeh\u00f6rden bei Parteienverkehr und<br \/>Einrichtungen zur Religionsaus\u00fcbung, au\u00dfer diese werden zwecks einer religi\u00f6sen Zusammenkunft wie z.B. einer Messe betreten<\/p>\n\n\n\n<p><strong>Das Tragen von FFP2-Masken in allen geschlossenen R\u00e4umen wird weiterhin empfohlen.<\/strong><\/p>\n\n\n\n<p><strong>3-G-Regel:<\/strong><br \/>3-G-Nachweise m\u00fcssen nur noch von Besucher:innen, Mitarbeiter:innen und Dienstleister:innen in Krankenanstalten, Alten- und Pflegeheimen und vergleichbaren Settings erbracht werden.<\/p>\n\n\n\n<p><strong>Gr\u00fcner Pass:<\/strong><br \/>Die G\u00fcltigkeitsdauer von Impfzertifikaten \u00fcber eine weitere Impfung (3. Impfung) wurde auf <strong>365 Tage<\/strong> verl\u00e4ngert.<\/p>\n\n\n\n<p>Mehr dazu auf der <a href=\"https:\/\/www.sozialministerium.at\/Informationen-zum-Coronavirus\/Coronavirus---Aktuelle-Ma%C3%9Fnahmen.html#neue-regelungen-ab-dem-16-april-2022\">Webseite vom Sozialministerium<\/a><\/p>\n\n\n\n<p><strong>\u00dcbersicht: Aktuelle bundesweit bzw. regional geltende Ma\u00dfnahmen<\/strong><br \/>Eine \u00dcbersicht \u00fcber alle derzeit\u00a0<strong>bundesweit geltenden Ma\u00dfnahmen<\/strong>\u00a0finden Sie auf der Website\u00a0<a href=\"https:\/\/corona-ampel.gv.at\/aktuelle-massnahmen\/bundesweite-massnahmen\/\">corona-ampel.gv.at<\/a><\/p>\n\n\n\n<p>Die jeweiligen&nbsp;<strong>Ma\u00dfnahmen in den einzelnen Bundesl\u00e4ndern<\/strong>&nbsp;finden Sie im Bereich \u201eRegionale (zus\u00e4tzliche) Ma\u00dfnahmen\u201c:<\/p>\n\n\n\n<ul class=\"wp-block-list\"><li><a href=\"https:\/\/corona-ampel.gv.at\/aktuelle-massnahmen\/regionale-zusaetzliche-massnahmen\/burgenland\/\">Burgenland<\/a><\/li><li><a href=\"https:\/\/corona-ampel.gv.at\/aktuelle-massnahmen\/regionale-zusaetzliche-massnahmen\/kaernten\/\">K\u00e4rnten<\/a><\/li><li><a href=\"https:\/\/corona-ampel.gv.at\/aktuelle-massnahmen\/regionale-zusaetzliche-massnahmen\/niederoesterreich\/\">Nieder\u00f6sterreich<\/a><\/li><li><a href=\"https:\/\/corona-ampel.gv.at\/aktuelle-massnahmen\/regionale-zusaetzliche-massnahmen\/oberoesterreich\/\">Ober\u00f6sterreich<\/a><\/li><li><a href=\"https:\/\/corona-ampel.gv.at\/aktuelle-massnahmen\/regionale-zusaetzliche-massnahmen\/salzburg\/\">Salzburg<\/a><\/li><li><a href=\"https:\/\/corona-ampel.gv.at\/aktuelle-massnahmen\/regionale-zusaetzliche-massnahmen\/steiermark\/\">Steiermark<\/a><\/li><li><a href=\"https:\/\/corona-ampel.gv.at\/aktuelle-massnahmen\/regionale-zusaetzliche-massnahmen\/tirol\/\">Tirol<\/a><\/li><li><a href=\"https:\/\/corona-ampel.gv.at\/aktuelle-massnahmen\/regionale-zusaetzliche-massnahmen\/vorarlberg\/\">Vorarlberg<\/a><\/li><li><a href=\"https:\/\/corona-ampel.gv.at\/aktuelle-massnahmen\/regionale-zusaetzliche-massnahmen\/wien\/\">Wien<\/a><\/li><\/ul>\n","protected":false},"excerpt":{"rendered":"<p>Text: SozialministeriumDurch die Entspannung der epidemiologischen Lage k\u00f6nnen mit dem 16. April einige Schutzma\u00dfnahmen gelockert werden. Die 2. COVID-19-Basisma\u00dfnahmenverordnung tritt mit diesem Tag in Kraft und gilt vorerst bis zum 8. Juli. FFP2-MaskenpflichtDie FFP2-Maskenpflicht gilt nur noch in geschlossenen R\u00e4umen von:Krankenanstalten, Alten- und Pflegeheimen und vergleichbaren Settings,\u00f6ffentlichen Verkehrsmitteln und deren Haltestellen sowie Taxi,Kundenbereichen des lebensnotwendigen&#8230; <a href=\"https:\/\/bmin.info\/WP\/2022\/04\/14\/covid-19-neue-regelungen-ab-dem-16-april-2022\/\" class=\"more-link\">Continue reading <span class=\"screen-reader-text\">Covid-19: Neue Regelungen ab dem 16. April 2022<\/span><\/a><\/p>\n","protected":false},"author":3,"featured_media":0,"comment_status":"closed","ping_status":"closed","sticky":false,"template":"","format":"standard","meta":{"footnotes":""},"categories":[3],"tags":[],"class_list":["post-10630","post","type-post","status-publish","format-standard","hentry","category-info"],"_links":{"self":[{"href":"https:\/\/bmin.info\/WP\/wp-json\/wp\/v2\/posts\/10630","targetHints":{"allow":["GET"]}}],"collection":[{"href":"https:\/\/bmin.info\/WP\/wp-json\/wp\/v2\/posts"}],"about":[{"href":"https:\/\/bmin.info\/WP\/wp-json\/wp\/v2\/types\/post"}],"author":[{"embeddable":true,"href":"https:\/\/bmin.info\/WP\/wp-json\/wp\/v2\/users\/3"}],"replies":[{"embeddable":true,"href":"https:\/\/bmin.info\/WP\/wp-json\/wp\/v2\/comments?post=10630"}],"version-history":[{"count":2,"href":"https:\/\/bmin.info\/WP\/wp-json\/wp\/v2\/posts\/10630\/revisions"}],"predecessor-version":[{"id":10633,"href":"https:\/\/bmin.info\/WP\/wp-json\/wp\/v2\/posts\/10630\/revisions\/10633"}],"wp:attachment":[{"href":"https:\/\/bmin.info\/WP\/wp-json\/wp\/v2\/media?parent=10630"}],"wp:term":[{"taxonomy":"category","embeddable":true,"href":"https:\/\/bmin.info\/WP\/wp-json\/wp\/v2\/categories?post=10630"},{"taxonomy":"post_tag","embeddable":true,"href":"https:\/\/bmin.info\/WP\/wp-json\/wp\/v2\/tags?post=10630"}],"curies":[{"name":"wp","href":"https:\/\/api.w.org\/{rel}","templated":true}]}}