{"id":10632,"date":"2022-04-15T18:49:42","date_gmt":"2022-04-15T17:49:42","guid":{"rendered":"https:\/\/bmin.info\/WP\/?p=10632"},"modified":"2022-04-24T17:02:42","modified_gmt":"2022-04-24T16:02:42","slug":"starke-stimme-in-salzburg-verstummt","status":"publish","type":"post","link":"https:\/\/bmin.info\/WP\/2022\/04\/15\/starke-stimme-in-salzburg-verstummt\/","title":{"rendered":"Starke Stimme in Salzburg verstummt"},"content":{"rendered":"\n<p>Nachruf: Birgit Neuwirth-Hemmers \/ orf.at<br \/>Die Salzburgerin Andrea Mielke ist im 58. Lebensjahr gestorben. Sie hat sich seit ihrer Jugend f\u00fcr die Behinderten-Community in Salzburg eingesetzt, f\u00fcr ein selbstbestimmtes Leben mit Behinderung \u2013 ein stetes K\u00e4mpfen um Lebensfreiheit und Gleichberechtigung.<\/p>\n\n\n\n<p>Als Betroffene mit einer schweren Muskelerkrankung (Spinale Muskelatrophie) von Geburt an, war sie Zeit ihres Lebens auf den Rollstuhl und Pers\u00f6nliche Assistenz angewiesen. All das hinderte sie nicht daran, eine Ausbildung zur Diplomsozialarbeiterin zu machen und diesen Beruf viele Jahre auszu\u00fcben.<\/p>\n\n\n\n<div class=\"wp-block-image\"><figure class=\"alignright size-full is-resized\"><a href=\"https:\/\/bmin.info\/WP\/wp-content\/uploads\/2022\/04\/A-Mielke.jpg\"><img loading=\"lazy\" decoding=\"async\" src=\"https:\/\/bmin.info\/WP\/wp-content\/uploads\/2022\/04\/A-Mielke.jpg\" alt=\"\" class=\"wp-image-10636\" width=\"342\" height=\"256\" srcset=\"https:\/\/bmin.info\/WP\/wp-content\/uploads\/2022\/04\/A-Mielke.jpg 683w, https:\/\/bmin.info\/WP\/wp-content\/uploads\/2022\/04\/A-Mielke-300x225.jpg 300w, https:\/\/bmin.info\/WP\/wp-content\/uploads\/2022\/04\/A-Mielke-144x108.jpg 144w\" sizes=\"auto, (max-width: 342px) 100vw, 342px\" \/><\/a><figcaption><em>Andrea Mielke &#8211; Privatfoto<\/em><\/figcaption><\/figure><\/div>\n\n\n\n<p><strong>K\u00e4mpferin f\u00fcr selbstbestimmtes Leben<\/strong><br \/>Ihr Leben gestaltete sie selbstbestimmt, sie lebte 18 Stunden am Tag mit Pers\u00f6nlicher Assistenz: Frauen wie M\u00e4nner ersetzten ihre Arme und Beine, waren Hilfe und Unterst\u00fctzung im Alltag. Lange Jahre begleitete sie auch die speziell daf\u00fcr ausgebildete Partnerh\u00fcndin Tamara.<\/p>\n\n\n\n<p>Andrea Mielke trat seit 1983 als K\u00e4mpferin f\u00fcr ein selbstbestimmtes Leben und als Aktivistin f\u00fcr die Rechte behinderter Menschen ein. Sie war Initiatorin der Fotoausstellung \u201eEin Hauch von Gef\u00fchl\u201c mit Fotograf Andreas Hauch, war Sprachrohr in Behindertenverb\u00e4nden \u2013 ein Gesicht, das man kannte, eine Stimme, die sich immer Geh\u00f6r verschaffte. Oft aber stand sie auch vor Treppen, die ihr Zug\u00e4nge verwehrten, und vor Mauern, die sie ausschlossen.<br \/><\/p>\n\n\n\n<p><strong>Recht auf Pers\u00f6nliche Assistenz<br \/><\/strong>Am 16. September 2021 konnte man in der ORF-Sendung \u201eAktuell nach eins\u201c&nbsp;<a href=\"https:\/\/www.youtube.com\/watch?v=jT6n5PjXpFQ\">einen Beitrag<\/a>, von <em>\u010cedomira Schlapper<\/em> \u00fcber <em>Andrea Mielke<\/em> und die <em>Notwendigkeit von bedarfsgerechter Pers\u00f6nlicher Assistenz \u00f6sterreichweit<\/em>, sehen.<\/p>\n\n\n\n<figure class=\"wp-block-embed aligncenter is-type-video is-provider-youtube wp-block-embed-youtube wp-embed-aspect-16-9 wp-has-aspect-ratio\"><div class=\"wp-block-embed__wrapper\">\n<iframe loading=\"lazy\" title=\"ORF Aktuell nach eins\" width=\"650\" height=\"366\" src=\"https:\/\/www.youtube.com\/embed\/jT6n5PjXpFQ?feature=oembed\" frameborder=\"0\" allow=\"accelerometer; autoplay; clipboard-write; encrypted-media; gyroscope; picture-in-picture; web-share\" referrerpolicy=\"strict-origin-when-cross-origin\" allowfullscreen><\/iframe>\n<\/div><\/figure>\n\n\n\n<p>Der komplette Artikel: <a href=\"https:\/\/salzburg.orf.at\/tv\/stories\/3150612\/\">salzburg.ORF.at<\/a><\/p>\n\n\n\n<p>Artikel zum Thema:<br \/><a href=\"https:\/\/www.bizeps.or.at\/nur-ich-selbst-gestalte-meinen-alltag\/\">Andrea Mielke: Nur ich selbst gestalte meinen Alltag<\/a><br \/><a href=\"https:\/\/www.bizeps.or.at\/andrea-mielke-eine-pionierin-trat-ab\/\">BIZEPS: Andrea Mielke \u2013 Eine Pionierin trat ab<\/a><br \/><a href=\"https:\/\/www.bizeps.or.at\/einen-baerendienst\/\">Einen B\u00e4rendienst<\/a> &#8211; BIZEPS online vom 21.04.2022<br \/><em>Mein Kommentar mit inhaltlicher Unterst\u00fctzung von Franz-Joseph Huainigg, Angelika Pichler und J\u00fcrgen Vanek.<\/em><\/p>\n","protected":false},"excerpt":{"rendered":"<p>Nachruf: Birgit Neuwirth-Hemmers \/ orf.atDie Salzburgerin Andrea Mielke ist im 58. Lebensjahr gestorben. Sie hat sich seit ihrer Jugend f\u00fcr die Behinderten-Community in Salzburg eingesetzt, f\u00fcr ein selbstbestimmtes Leben mit Behinderung \u2013 ein stetes K\u00e4mpfen um Lebensfreiheit und Gleichberechtigung. Als Betroffene mit einer schweren Muskelerkrankung (Spinale Muskelatrophie) von Geburt an, war sie Zeit ihres Lebens&#8230; <a href=\"https:\/\/bmin.info\/WP\/2022\/04\/15\/starke-stimme-in-salzburg-verstummt\/\" class=\"more-link\">Continue reading <span class=\"screen-reader-text\">Starke Stimme in Salzburg verstummt<\/span><\/a><\/p>\n","protected":false},"author":3,"featured_media":0,"comment_status":"closed","ping_status":"closed","sticky":false,"template":"","format":"standard","meta":{"footnotes":""},"categories":[3],"tags":[],"class_list":["post-10632","post","type-post","status-publish","format-standard","hentry","category-info"],"_links":{"self":[{"href":"https:\/\/bmin.info\/WP\/wp-json\/wp\/v2\/posts\/10632","targetHints":{"allow":["GET"]}}],"collection":[{"href":"https:\/\/bmin.info\/WP\/wp-json\/wp\/v2\/posts"}],"about":[{"href":"https:\/\/bmin.info\/WP\/wp-json\/wp\/v2\/types\/post"}],"author":[{"embeddable":true,"href":"https:\/\/bmin.info\/WP\/wp-json\/wp\/v2\/users\/3"}],"replies":[{"embeddable":true,"href":"https:\/\/bmin.info\/WP\/wp-json\/wp\/v2\/comments?post=10632"}],"version-history":[{"count":7,"href":"https:\/\/bmin.info\/WP\/wp-json\/wp\/v2\/posts\/10632\/revisions"}],"predecessor-version":[{"id":10674,"href":"https:\/\/bmin.info\/WP\/wp-json\/wp\/v2\/posts\/10632\/revisions\/10674"}],"wp:attachment":[{"href":"https:\/\/bmin.info\/WP\/wp-json\/wp\/v2\/media?parent=10632"}],"wp:term":[{"taxonomy":"category","embeddable":true,"href":"https:\/\/bmin.info\/WP\/wp-json\/wp\/v2\/categories?post=10632"},{"taxonomy":"post_tag","embeddable":true,"href":"https:\/\/bmin.info\/WP\/wp-json\/wp\/v2\/tags?post=10632"}],"curies":[{"name":"wp","href":"https:\/\/api.w.org\/{rel}","templated":true}]}}