{"id":10635,"date":"2022-04-20T09:44:29","date_gmt":"2022-04-20T08:44:29","guid":{"rendered":"https:\/\/bmin.info\/WP\/?p=10635"},"modified":"2022-04-20T18:28:20","modified_gmt":"2022-04-20T17:28:20","slug":"die-neue-wiener-u-bahn-mit-noch-mehr-barrierefreiheit","status":"publish","type":"post","link":"https:\/\/bmin.info\/WP\/2022\/04\/20\/die-neue-wiener-u-bahn-mit-noch-mehr-barrierefreiheit\/","title":{"rendered":"Die neue Wiener U-Bahn mit noch mehr Barrierefreiheit"},"content":{"rendered":"\n<p>Text: Pepo Meia<br \/><strong>Die \u00d6ffi-Zukunft ist vollautomatisch<\/strong><br \/>\u201eDie Wiener Linien legen gr\u00f6\u00dften Wert auf den barrierefreien Komfort ihrer Fahrg\u00e4ste. Das bedeutet, dass wir Grundlegendes beibehalten und mit Neuem und Innovativem updaten\u201c<em>.<\/em> So der Konzernbeauftragte der Wiener Stadtwerk <a href=\"https:\/\/bmin.info\/WP\/2020\/05\/26\/wiener-stadtwerke-hans-juergen-gross-ist-konzernbeauftragter\/\">Hans-J\u00fcrgen Gro\u00df<\/a> nach der Probefahrt mit dem neuen X-Wagen. Mit den Behindertenorganisationen haben wir uns schon vorweg alles angesehen. Mehr Rollstuhlpl\u00e4tze &#8211; 6 Pl\u00e4tze, davon 2 in der Zugmitte (bisher 4 an den Zugenden), zus\u00e4tzliche Haltewunschtaster, Sitzplatzkonzept f\u00fcr blinde Menschen, Schriftgr\u00f6\u00dfe und Kontrast f\u00fcr Sehbehinderte Menschen, Rampen bei jeder T\u00fcre, Anzeige des barrierefreien Weges bereits im Fahrzeug usw.<\/p>\n\n\n\n<div class=\"wp-block-image\"><figure class=\"aligncenter size-full\"><a href=\"https:\/\/bmin.info\/WP\/wp-content\/uploads\/2022\/04\/X-Wagen7.jpg\"><img loading=\"lazy\" decoding=\"async\" width=\"1024\" height=\"576\" src=\"https:\/\/bmin.info\/WP\/wp-content\/uploads\/2022\/04\/X-Wagen7.jpg\" alt=\"\" class=\"wp-image-10646\" srcset=\"https:\/\/bmin.info\/WP\/wp-content\/uploads\/2022\/04\/X-Wagen7.jpg 1024w, https:\/\/bmin.info\/WP\/wp-content\/uploads\/2022\/04\/X-Wagen7-300x169.jpg 300w, https:\/\/bmin.info\/WP\/wp-content\/uploads\/2022\/04\/X-Wagen7-768x432.jpg 768w, https:\/\/bmin.info\/WP\/wp-content\/uploads\/2022\/04\/X-Wagen7-144x81.jpg 144w\" sizes=\"auto, (max-width: 1024px) 100vw, 1024px\" \/><\/a><\/figure><\/div>\n\n\n\n<p><strong>Mehr Komfort, Sicherheit und h\u00f6chste Barrierefreiheit<\/strong><br \/>Der neue X-Wagen bietet einen offen gestalteten Innenraum mit gro\u00dfz\u00fcgigen Einstiegsbereichen f\u00fcr ein rasches Ein- und Aussteigen. Insgesamt k\u00f6nnen bis zu 928 \u00d6ffi-G\u00e4ste in einem X-Wagen unterwegs sein, das sind exakt 46 Personen mehr als im V-Wagen. Fahrg\u00e4ste mit Kinderwagen oder Reisegep\u00e4ck finden angenehm viel Platz. Digitale Informationsdisplays \u00fcber jeder Zugt\u00fcre informieren die Fahrg\u00e4ste dynamisch \u00fcber die weiteren Wege und Anschl\u00fcsse bei den jeweiligen Stationen. Die Sitze bestehen aus hochwertigem Schichtholz, die Anordnung erfolgt in einer Kombination aus den gewohnten Quersitzen mit zus\u00e4tzlichen L\u00e4ngssitzen an der Au\u00dfenwand der Z\u00fcge sowie Klappsitzen. Die Sitze in blauer Farbe sind f\u00fcr Fahrg\u00e4ste mit eingeschr\u00e4nkter Mobilit\u00e4t vorgesehen.<\/p>\n\n\n\n<figure class=\"wp-block-gallery has-nested-images columns-default is-cropped wp-block-gallery-1 is-layout-flex wp-block-gallery-is-layout-flex\">\n<figure class=\"wp-block-image size-large\"><a href=\"https:\/\/bmin.info\/WP\/wp-content\/uploads\/2022\/04\/X-Wagen4a.jpg\"><img loading=\"lazy\" decoding=\"async\" width=\"820\" height=\"505\" data-id=\"10648\" src=\"https:\/\/bmin.info\/WP\/wp-content\/uploads\/2022\/04\/X-Wagen4a.jpg\" alt=\"\" class=\"wp-image-10648\" srcset=\"https:\/\/bmin.info\/WP\/wp-content\/uploads\/2022\/04\/X-Wagen4a.jpg 820w, https:\/\/bmin.info\/WP\/wp-content\/uploads\/2022\/04\/X-Wagen4a-300x185.jpg 300w, https:\/\/bmin.info\/WP\/wp-content\/uploads\/2022\/04\/X-Wagen4a-768x473.jpg 768w, https:\/\/bmin.info\/WP\/wp-content\/uploads\/2022\/04\/X-Wagen4a-144x89.jpg 144w\" sizes=\"auto, (max-width: 820px) 100vw, 820px\" \/><\/a><\/figure>\n\n\n\n<figure class=\"wp-block-image size-large\"><a href=\"https:\/\/bmin.info\/WP\/wp-content\/uploads\/2022\/04\/X-Wagen5a.jpg\"><img loading=\"lazy\" decoding=\"async\" width=\"607\" height=\"364\" data-id=\"10649\" src=\"https:\/\/bmin.info\/WP\/wp-content\/uploads\/2022\/04\/X-Wagen5a.jpg\" alt=\"\" class=\"wp-image-10649\" srcset=\"https:\/\/bmin.info\/WP\/wp-content\/uploads\/2022\/04\/X-Wagen5a.jpg 607w, https:\/\/bmin.info\/WP\/wp-content\/uploads\/2022\/04\/X-Wagen5a-300x180.jpg 300w, https:\/\/bmin.info\/WP\/wp-content\/uploads\/2022\/04\/X-Wagen5a-144x86.jpg 144w\" sizes=\"auto, (max-width: 607px) 100vw, 607px\" \/><\/a><\/figure>\n<\/figure>\n\n\n\n<figure class=\"wp-block-gallery has-nested-images columns-default is-cropped wp-block-gallery-2 is-layout-flex wp-block-gallery-is-layout-flex\">\n<figure class=\"wp-block-image size-large\"><a href=\"https:\/\/bmin.info\/WP\/wp-content\/uploads\/2022\/04\/X-Wagen6-1.jpg\"><img loading=\"lazy\" decoding=\"async\" width=\"1024\" height=\"682\" data-id=\"10652\" src=\"https:\/\/bmin.info\/WP\/wp-content\/uploads\/2022\/04\/X-Wagen6-1-1024x682.jpg\" alt=\"\" class=\"wp-image-10652\" srcset=\"https:\/\/bmin.info\/WP\/wp-content\/uploads\/2022\/04\/X-Wagen6-1-1024x682.jpg 1024w, https:\/\/bmin.info\/WP\/wp-content\/uploads\/2022\/04\/X-Wagen6-1-300x200.jpg 300w, https:\/\/bmin.info\/WP\/wp-content\/uploads\/2022\/04\/X-Wagen6-1-768x512.jpg 768w, https:\/\/bmin.info\/WP\/wp-content\/uploads\/2022\/04\/X-Wagen6-1-144x96.jpg 144w, https:\/\/bmin.info\/WP\/wp-content\/uploads\/2022\/04\/X-Wagen6-1.jpg 1280w\" sizes=\"auto, (max-width: 1024px) 100vw, 1024px\" \/><\/a><\/figure>\n\n\n\n<figure class=\"wp-block-image size-large\"><a href=\"https:\/\/bmin.info\/WP\/wp-content\/uploads\/2022\/04\/X-Wagen3.jpeg\"><img loading=\"lazy\" decoding=\"async\" width=\"616\" height=\"350\" data-id=\"10653\" src=\"https:\/\/bmin.info\/WP\/wp-content\/uploads\/2022\/04\/X-Wagen3.jpeg\" alt=\"\" class=\"wp-image-10653\" srcset=\"https:\/\/bmin.info\/WP\/wp-content\/uploads\/2022\/04\/X-Wagen3.jpeg 616w, https:\/\/bmin.info\/WP\/wp-content\/uploads\/2022\/04\/X-Wagen3-300x170.jpeg 300w, https:\/\/bmin.info\/WP\/wp-content\/uploads\/2022\/04\/X-Wagen3-144x82.jpeg 144w\" sizes=\"auto, (max-width: 616px) 100vw, 616px\" \/><\/a><\/figure>\n<\/figure>\n\n\n\n<p><strong>Die \u00d6ffi-Zukunft ist vollautomatisch<\/strong><br \/>Wo heute noch die U2 f\u00e4hrt, wird ab 2026 die U5 fahren: Wiens erste vollautomatische U-Bahn-Linie. Daf\u00fcr werden die Stationen Karlsplatz bis Rathaus umger\u00fcstet und mit Bahnsteigt\u00fcren ausgestattet, die U5-Station Frankhplatz wird neu gebaut. Der vollautomatische Betrieb, der international bereits bestens erprobt ist, macht die U-Bahn noch sicherer und zuverl\u00e4ssiger. Die Bahnsteigt\u00fcren \u00f6ffnen sich erst, sobald der Zug in der Station steht. Verz\u00f6gerungen durch Gegenst\u00e4nde auf den Gleisen sind damit Geschichte.<br \/><br \/><strong>Der X-Wagen auf einen Blick<\/strong><\/p>\n\n\n\n<ul class=\"wp-block-list\"><li><strong>Beauftragung Siemens Mobility:<\/strong> Herbst 2017 durch Wiener Linien<\/li><li><strong>Bestellte Fahrzeuge:<\/strong> 34 Z\u00fcge (Option auf 11 weitere Z\u00fcge)<\/li><li><strong>Weiters im Vertrag:<\/strong> Wartung und Instandhaltung mit Siemens Mobility<\/li><li><strong>Lieferung erster Vorserienzug<\/strong>: Juli 2020<\/li><li><strong>Betriebsbewilligung:<\/strong> Ab 2022<\/li><li><strong>Lieferung abgeschlossen:<\/strong> 2030<\/li><li><strong>L\u00e4nge, Breite und Bauweise:<\/strong> 111 Meter; 2,85 Meter, sechsteilig, Leichtbauweise<\/li><li><strong>Kapazit\u00e4t:<\/strong> 928 Fahrg\u00e4ste (statt bisher 882)<\/li><li><strong>Rollstuhlpl\u00e4tze:<\/strong> 6 Pl\u00e4tze, davon 2 Zugmitte (bisher 4 an Zugenden)<\/li><\/ul>\n\n\n\n<p>Es gab auch viel Lob f\u00fcr die Mitarbeiter_innen der Wiener Linien. Sie haben einen gro\u00dfartigen Job gemacht und hervorragend mit dem Konzernbeaufragten der Wiener Stadtwerke Hans-J\u00fcrgen Gro\u00df zusammengearbeitet. Noch dieses Jahr soll der neue X-Wagen &#8211; es handelte sich um den ersten Zug, der mittels Online-Abstimmung \u201eFeliX\u201c genannt wurde &#8211; losstarten.<br \/><br \/>Artikel zum Thema:<br \/><a href=\"https:\/\/www.bizeps.or.at\/besichtigung-u-bahn-zug-x-wagen-der-wiener-linien\/\">Besichtigung U-Bahn-Zug X-Wagen der Wiener Linien<\/a>&nbsp;(BIZEPS online &#8211; 09.04.2022)<\/p>\n","protected":false},"excerpt":{"rendered":"<p>Text: Pepo MeiaDie \u00d6ffi-Zukunft ist vollautomatisch\u201eDie Wiener Linien legen gr\u00f6\u00dften Wert auf den barrierefreien Komfort ihrer Fahrg\u00e4ste. Das bedeutet, dass wir Grundlegendes beibehalten und mit Neuem und Innovativem updaten\u201c. So der Konzernbeauftragte der Wiener Stadtwerk Hans-J\u00fcrgen Gro\u00df nach der Probefahrt mit dem neuen X-Wagen. Mit den Behindertenorganisationen haben wir uns schon vorweg alles angesehen. Mehr&#8230; <a href=\"https:\/\/bmin.info\/WP\/2022\/04\/20\/die-neue-wiener-u-bahn-mit-noch-mehr-barrierefreiheit\/\" class=\"more-link\">Continue reading <span class=\"screen-reader-text\">Die neue Wiener U-Bahn mit noch mehr Barrierefreiheit<\/span><\/a><\/p>\n","protected":false},"author":3,"featured_media":0,"comment_status":"closed","ping_status":"closed","sticky":false,"template":"","format":"standard","meta":{"footnotes":""},"categories":[3],"tags":[],"class_list":["post-10635","post","type-post","status-publish","format-standard","hentry","category-info"],"_links":{"self":[{"href":"https:\/\/bmin.info\/WP\/wp-json\/wp\/v2\/posts\/10635","targetHints":{"allow":["GET"]}}],"collection":[{"href":"https:\/\/bmin.info\/WP\/wp-json\/wp\/v2\/posts"}],"about":[{"href":"https:\/\/bmin.info\/WP\/wp-json\/wp\/v2\/types\/post"}],"author":[{"embeddable":true,"href":"https:\/\/bmin.info\/WP\/wp-json\/wp\/v2\/users\/3"}],"replies":[{"embeddable":true,"href":"https:\/\/bmin.info\/WP\/wp-json\/wp\/v2\/comments?post=10635"}],"version-history":[{"count":8,"href":"https:\/\/bmin.info\/WP\/wp-json\/wp\/v2\/posts\/10635\/revisions"}],"predecessor-version":[{"id":10669,"href":"https:\/\/bmin.info\/WP\/wp-json\/wp\/v2\/posts\/10635\/revisions\/10669"}],"wp:attachment":[{"href":"https:\/\/bmin.info\/WP\/wp-json\/wp\/v2\/media?parent=10635"}],"wp:term":[{"taxonomy":"category","embeddable":true,"href":"https:\/\/bmin.info\/WP\/wp-json\/wp\/v2\/categories?post=10635"},{"taxonomy":"post_tag","embeddable":true,"href":"https:\/\/bmin.info\/WP\/wp-json\/wp\/v2\/tags?post=10635"}],"curies":[{"name":"wp","href":"https:\/\/api.w.org\/{rel}","templated":true}]}}