{"id":10644,"date":"2022-04-20T09:34:00","date_gmt":"2022-04-20T08:34:00","guid":{"rendered":"https:\/\/bmin.info\/WP\/?p=10644"},"modified":"2022-04-21T06:10:54","modified_gmt":"2022-04-21T05:10:54","slug":"monitoringausschuss-trauert-um-langjaehriges-mitglied-erich-girlek","status":"publish","type":"post","link":"https:\/\/bmin.info\/WP\/2022\/04\/20\/monitoringausschuss-trauert-um-langjaehriges-mitglied-erich-girlek\/","title":{"rendered":"Monitoringausschuss trauert um langj\u00e4hriges Mitglied Erich Girlek"},"content":{"rendered":"\n<p>Text: Monitoringausschuss zur Umsetzung der UN-BRK<br \/><em>Als langj\u00e4hriges Mitglied im Monitoringausschuss hat sich Erich Girlek mit seiner Expertise f\u00fcr die Interessen von Menschen mit Lernschwierigkeiten eingesetzt.<\/em><\/p>\n\n\n\n<p>Wien (OTS) &#8211; \u201eWir sind tieftraurig und ersch\u00fcttert \u00fcber das Ableben von <em>Erich Girlek<\/em>, unserem Freund und mutigen Mitstreiter f\u00fcr die Rechte von Menschen mit Behinderungen im Monitoringausschuss. Erich hat viel bewegt und sich unerm\u00fcdlich f\u00fcr Selbstbestimmung und umfassende Teilhabe von Menschen mit Lernschwierigkeiten eingesetzt. Er hinterl\u00e4sst eine gro\u00dfe L\u00fccke. Unser Mitgef\u00fchl gilt besonders seinen Angeh\u00f6rigen sowie allen Freund_innen\u201c, so <em>Christine Steger<\/em>, Vorsitzende des Monitoringausschusses.<\/p>\n\n\n\n<div class=\"wp-block-image\"><figure class=\"alignright size-full is-resized\"><a href=\"https:\/\/bmin.info\/WP\/wp-content\/uploads\/2022\/04\/MonAussch.jpg\"><img loading=\"lazy\" decoding=\"async\" src=\"https:\/\/bmin.info\/WP\/wp-content\/uploads\/2022\/04\/MonAussch.jpg\" alt=\"\" class=\"wp-image-10664\" width=\"155\" height=\"107\" srcset=\"https:\/\/bmin.info\/WP\/wp-content\/uploads\/2022\/04\/MonAussch.jpg 174w, https:\/\/bmin.info\/WP\/wp-content\/uploads\/2022\/04\/MonAussch-144x99.jpg 144w\" sizes=\"auto, (max-width: 155px) 100vw, 155px\" \/><\/a><\/figure><\/div>\n\n\n\n<p>Als langj\u00e4hriges Mitglied im Monitoringausschuss hat sich Erich Girlek mit seiner Expertise f\u00fcr die Interessen von Menschen mit Lernschwierigkeiten eingesetzt. Besonders das Recht auf \u201eRichtiges Geld f\u00fcr richtige Arbeit\u201c und die Schaffung eines inklusiven Schulsystems f\u00fcr alle Kinder waren ihm dabei ein Anliegen. Erich betonte dabei stets die Notwendigkeit der Umsetzung der UN-Konvention \u00fcber die Rechte von Menschen mit Behinderungen und arbeitete auch am neuen Erwachsenenschutzgesetz mit, das mehr Autonomie und Selbstbestimmung f\u00fcr viele zuvor besachwaltete Menschen mit Behinderungen bedeutet.<\/p>\n\n\n\n<div class=\"wp-block-image\"><figure class=\"alignright size-full is-resized\"><a href=\"https:\/\/bmin.info\/WP\/wp-content\/uploads\/2022\/04\/E.-Girlek.jpeg\"><img loading=\"lazy\" decoding=\"async\" src=\"https:\/\/bmin.info\/WP\/wp-content\/uploads\/2022\/04\/E.-Girlek.jpeg\" alt=\"\" class=\"wp-image-10660\" width=\"324\" height=\"243\" srcset=\"https:\/\/bmin.info\/WP\/wp-content\/uploads\/2022\/04\/E.-Girlek.jpeg 439w, https:\/\/bmin.info\/WP\/wp-content\/uploads\/2022\/04\/E.-Girlek-300x225.jpeg 300w, https:\/\/bmin.info\/WP\/wp-content\/uploads\/2022\/04\/E.-Girlek-144x108.jpeg 144w\" sizes=\"auto, (max-width: 324px) 100vw, 324px\" \/><\/a><figcaption><em>Foto Privat: Erich Girlek<\/em><\/figcaption><\/figure><\/div>\n\n\n\n<p>Seit 2009 leitete der ausgebildete Peer-Berater dar\u00fcber hinaus das Selbstvertretungsb\u00fcro der Lebenshilfe Salzburg. Au\u00dferdem war er als Vorstandsmitglied im Verein knack:punkt als Experte f\u00fcr Menschen mit Lernschwierigkeiten und als beratendes Vorstandsmitglied t\u00e4tig.<\/p>\n\n\n\n<p>Insbesondere aber f\u00fcr die Unabh\u00e4ngigkeit in der Selbstvertretung leistete Erich Girlek unersch\u00fctterlich Pionierarbeit. So war er aktives Mitglied im Kernteam des Netzwerkes Selbstvertretung \u00d6sterreich und mit der Gr\u00fcndung von \u201eMensch Zuerst \u2013 People First Salzburg\u201c gelang ihm ein Meilenstein f\u00fcr unabh\u00e4ngige Selbstvertretung.<\/p>\n\n\n\n<p>F\u00fcr sein unerm\u00fcdliches Engagement im Einsatz f\u00fcr das selbstbestimmte Leben von Menschen mit Behinderungen und ihrer gleichberechtigten Anerkennung in der Gesellschaft <a href=\"https:\/\/www.bizeps.or.at\/preisverleihung-dr-elisabeth-wundsam-hartig-preis-2016\/\">erhielt<\/a> er 2016 den renommierten <a href=\"https:\/\/www.youtube.com\/watch?v=zpHr1-toIgo&amp;t=2074s\">Dr. Elisabeth Wundsam-Hartig Preis<\/a>.<\/p>\n\n\n\n<p>Erich wird uns sehr fehlen.<\/p>\n\n\n\n<p>Artikel und Presseaussendungen Thema:<br \/><a href=\"https:\/\/www.bizeps.or.at\/selbstvertreter-erich-girlek-verstorben\/\">Salzburger Selbstvertreter Erich Girlek verstorben<\/a><br \/><a href=\"https:\/\/www.ots.at\/presseaussendung\/OTS_20220420_OTS0063\/gruene-trauern-um-selbstvertreter-erich-girlek\">Gr\u00fcne trauern um Selbstvertreter Erich Girlek<\/a><br \/><a href=\"https:\/\/www.ots.at\/presseaussendung\/OTS_20220419_OTS0133\/lebenshilfe-grosse-trauer-um-erich-girlek\">Lebenshilfe: Gro\u00dfe Trauer um Erich Girlek<\/a><\/p>\n","protected":false},"excerpt":{"rendered":"<p>Text: Monitoringausschuss zur Umsetzung der UN-BRKAls langj\u00e4hriges Mitglied im Monitoringausschuss hat sich Erich Girlek mit seiner Expertise f\u00fcr die Interessen von Menschen mit Lernschwierigkeiten eingesetzt. Wien (OTS) &#8211; \u201eWir sind tieftraurig und ersch\u00fcttert \u00fcber das Ableben von Erich Girlek, unserem Freund und mutigen Mitstreiter f\u00fcr die Rechte von Menschen mit Behinderungen im Monitoringausschuss. Erich hat&#8230; <a href=\"https:\/\/bmin.info\/WP\/2022\/04\/20\/monitoringausschuss-trauert-um-langjaehriges-mitglied-erich-girlek\/\" class=\"more-link\">Continue reading <span class=\"screen-reader-text\">Monitoringausschuss trauert um langj\u00e4hriges Mitglied Erich Girlek<\/span><\/a><\/p>\n","protected":false},"author":3,"featured_media":0,"comment_status":"closed","ping_status":"closed","sticky":false,"template":"","format":"standard","meta":{"footnotes":""},"categories":[3],"tags":[],"class_list":["post-10644","post","type-post","status-publish","format-standard","hentry","category-info"],"_links":{"self":[{"href":"https:\/\/bmin.info\/WP\/wp-json\/wp\/v2\/posts\/10644","targetHints":{"allow":["GET"]}}],"collection":[{"href":"https:\/\/bmin.info\/WP\/wp-json\/wp\/v2\/posts"}],"about":[{"href":"https:\/\/bmin.info\/WP\/wp-json\/wp\/v2\/types\/post"}],"author":[{"embeddable":true,"href":"https:\/\/bmin.info\/WP\/wp-json\/wp\/v2\/users\/3"}],"replies":[{"embeddable":true,"href":"https:\/\/bmin.info\/WP\/wp-json\/wp\/v2\/comments?post=10644"}],"version-history":[{"count":7,"href":"https:\/\/bmin.info\/WP\/wp-json\/wp\/v2\/posts\/10644\/revisions"}],"predecessor-version":[{"id":10670,"href":"https:\/\/bmin.info\/WP\/wp-json\/wp\/v2\/posts\/10644\/revisions\/10670"}],"wp:attachment":[{"href":"https:\/\/bmin.info\/WP\/wp-json\/wp\/v2\/media?parent=10644"}],"wp:term":[{"taxonomy":"category","embeddable":true,"href":"https:\/\/bmin.info\/WP\/wp-json\/wp\/v2\/categories?post=10644"},{"taxonomy":"post_tag","embeddable":true,"href":"https:\/\/bmin.info\/WP\/wp-json\/wp\/v2\/tags?post=10644"}],"curies":[{"name":"wp","href":"https:\/\/api.w.org\/{rel}","templated":true}]}}