{"id":10677,"date":"2022-04-29T05:47:08","date_gmt":"2022-04-29T04:47:08","guid":{"rendered":"https:\/\/bmin.info\/WP\/?p=10677"},"modified":"2022-05-20T08:01:10","modified_gmt":"2022-05-20T07:01:10","slug":"zum-europaeischen-protesttag-zur-inklusion-am-5-mai-umfassender-schwerpunkt-in-allen-orf-medien","status":"publish","type":"post","link":"https:\/\/bmin.info\/WP\/2022\/04\/29\/zum-europaeischen-protesttag-zur-inklusion-am-5-mai-umfassender-schwerpunkt-in-allen-orf-medien\/","title":{"rendered":"Zum Europ\u00e4ischen Protesttag zur Inklusion am 5. Mai: Umfassender Schwerpunkt in allen ORF-Medien"},"content":{"rendered":"\n<p>Text: ORF<br \/><em>U. a. in \u201eBarbara Karlich Show\u201c, \u201eStudio 2\u201c, \u201eFeierabend\u201c, \u201ekulturMontag\u201c, \u201ekreuz &amp; quer\u201c; Mitarbeit der inklusiven Lehrredaktion des ORF<\/em><br \/>Wien (OTS) &#8211; Dem ORF ist es ein Anliegen, die Inklusion und Teilhabe von Menschen mit Behinderungen in der Gesellschaft, insbesondere auch am Arbeitsmarkt, voranzutreiben und Bewusstsein f\u00fcr die F\u00e4higkeiten und Potenziale von Menschen mit Behinderung zu schaffen. Dem Europ\u00e4ischen Protesttag zur Inklusion am 5. Mai widmet der ORF daher einen ausf\u00fchrlichen Programmschwerpunkt in allen seinen Medien, an dem sich auch die inklusive Lehrredaktion des ORF beteiligen wird.<\/p>\n\n\n\n<div class=\"wp-block-image\"><figure class=\"alignright size-full\"><a href=\"https:\/\/bmin.info\/WP\/wp-content\/uploads\/2022\/04\/2355.gif\"><img loading=\"lazy\" decoding=\"async\" width=\"160\" height=\"69\" src=\"https:\/\/bmin.info\/WP\/wp-content\/uploads\/2022\/04\/2355.gif\" alt=\"\" class=\"wp-image-10683\"\/><\/a><\/figure><\/div>\n\n\n\n<p><strong>Franz Joseph Huainigg<\/strong>, Beauftragter f\u00fcr Barrierefreiheit im ORF Humanitarian Broadcasting: \u201eWir haben gelernt, mit Abstand, Masken und Homeoffice zu leben. Das ist nat\u00fcrlich eine Zumutung f\u00fcr das gemeinsame selbstverst\u00e4ndliche Miteinander. Im ORF-Schwerpunkt zur Inklusion werden die Zuseherinnen und Zuseher Menschen mit Behinderungen in ihrem Alltag erleben, welche Gedanken und Anliegen sie haben, und wie gro\u00df ihr Wunsch nach dem Miteinander ist. Der ORF sieht es im Sinne seines \u00f6ffentlich-rechtlichen Auftrages als wichtige Aufgabe, motivierende Bilder und Lebenseindr\u00fccke zu zeigen, die die gemeinsame Ausbildung, das Arbeiten und das miteinander Leben f\u00f6rdern, und die die F\u00e4higkeiten und Potenziale von Menschen mit Behinderungen in den Vordergrund stellen. Man soll sich \u00fcberraschen und beeindrucken lassen, vor allem von Journalist\/innen und Redakteur\/innen mit Behinderungen, die selbst Medien gestalten, beispielsweise in der neuen \u00d61-Podcastreihe ,Inklusion geh\u00f6rt gelebt\u2018.\u201c<\/p>\n\n\n\n<p><strong>Der Inklusions-Tag im ORF-Fernsehen<\/strong><br \/>Bereits am 2. Mai besch\u00e4ftigt sich um 13.30 Uhr in ORF 2 \u201eHeimat Fremde Heimat\u201c mit dem Inklusions-Tag: Der Autor und Behindertenaktivist Erwin Riess fasst zusammen, dass Menschen mit Behinderung bis heute unbeugsam den Kampf um Selbstbestimmung und ein akzeptiertes gleichberechtigtes Leben weiterf\u00fchren m\u00fcssen. Auch in der Coronakrise m\u00fcssen sich Menschen mit Behinderung viel mehr auf ihre Eigeninitiative als auf staatliche Unterst\u00fctzung verlassen. Am 3. Mai berichtet um 22.30 Uhr in ORF 2 der \u201ekulturMontag\u201c unter dem Titel \u201eZusammen ist man weniger allein\u201c \u00fcber die \u201eAll Stars inclusive Band\u201c. Vor mittlerweile zehn Jahren ist die \u201eAll Stars inclusive Band\u201c an der Universit\u00e4t f\u00fcr Musik und darstellende Kunst Wien gegr\u00fcndet worden. Ein h\u00f6chst erfolgreiches Projekt, das unter der Leitung von Bernhard Lengauer jungen Menschen mit Behinderung das Musizieren auf Augenh\u00f6he mit studierenden Musikerinnen und Musikern bietet. Spezielles K\u00f6nnen ist nicht erforderlich, unterschiedliche Begabungen stellen sich aber schnell heraus.<\/p>\n\n\n\n<p>\u201eGuten Morgen \u00d6sterreich\u201c widmet sich am 5. Mai ab 6.30 Uhr in ORF 2 im Live-Talk dem Thema und spricht dazu mit dem \u00f6sterreichischen Rollstuhl-Spitzensportler Thomas Geierspichler. In der \u201eBarbara Karlich Show\u201c geht es um 16.00 Uhr in ORF 2 um \u201eVorreiter statt Au\u00dfenseiter\u201c: Alle Menschen sollten gleichberechtigt an der Gesellschaft teilhaben und selbstbestimmt leben k\u00f6nnen. Trotzdem stehen manche immer wieder vor Barrieren oder werden mit Vorurteilen konfrontiert. Barbaras G\u00e4ste erz\u00e4hlen aus ihrem Leben, von ihren besonderen F\u00e4higkeiten und teils au\u00dfergew\u00f6hnlichen Talenten. Au\u00dferdem verraten sie Tipps, was jede\/r Einzelne zur Inklusion beitragen kann. Dar\u00fcber hinaus berichten zahlreiche aktuelle Sendungen an diesem Tag \u00fcber das Thema Inklusion.<\/p>\n\n\n\n<p>\u201eStudio 2\u201c zeigt ebenfalls am 5. Mai, um 17.30 Uhr in ORF 2, eine Reportage dar\u00fcber, wie es Menschen mit H\u00f6rbehinderung geht, f\u00fcr die Lippenlesen sehr wichtig ist \u2013 in Zeiten von Corona, wo alle eine Maske tragen. Um Inklusion geht es dann auch um 18.30 Uhr in ORF 2 in \u201ekonkret\u201c, genauer um \u201eErwachsenwerden mit Behinderung\u201c: Junge Menschen mit chronischer Erkrankung oder Behinderung kommen irgendwann zu einem Punkt, wo sie medizinische Entscheidungen selbst treffen m\u00fcssen. Damit verbunden ist der Wechsel in die Erwachsenenmedizin, der Transition genannt wird. Welche Herausforderungen hier auf die Patientinnen und Patienten warten, zeigt das Beispiel eines Burgenl\u00e4nders.<\/p>\n\n\n\n<p>Aber auch \u00fcber den 5. Mai hinaus widmet sich das ORF-Fernsehen dem Thema Inklusion: \u201ekreuz &amp; quer\u201c besch\u00e4ftigt sich am 18. Mai um 23.25 Uhr in ORF 2 unter dem Titel \u201eSchwester Courage \u2013 Anna Bertha K\u00f6nigsegg\u201c mit dem katholischen Widerstand gegen die NS-Euthanasie. Anna Bertha K\u00f6nigsegg, Visitatorin der Barmherzigen Schwestern in Salzburg, k\u00e4mpfte gegen die systematische T\u00f6tung von Menschen mit Behinderungen in der sogenannten \u201eAktion T4\u201c der Nationalsozialisten \u2013 \u201eT4\u201c stand f\u00fcr die Organisationszentrale mit der Berliner Adresse Tiergartenstra\u00dfe 4. Ihr Gewissen lie\u00df Anna Bertha K\u00f6nigsegg handeln, als andere wegschauten: Trotz der Gefahr, verhaftet und in ein Konzentrationslager \u00fcberstellt zu werden, setzte sich die Ordensfrau f\u00fcr Menschen ein, die im \u201eDritten Reich\u201c vernichtet werden sollten.<\/p>\n\n\n\n<p>Und am 23. Mai berichtet ORF 2 zun\u00e4chst um 12.25 Uhr in \u201eOrientierung\u201c \u00fcber den Diakonie-Schwerpunkt Autismus-Hilfe und zeigt um 19.54 Uhr einen \u201eFeierabend\u201c \u00fcber den T\u00e4nzer Felix R\u00f6per. Der junge Mann mit Trisomie 21 wird am 1. Mai im Wiener Stephansdom zu Bachs Toccata in d-Moll tanzen und studiert mittlerweile seit einem Jahr Orgel beim St. P\u00f6ltner Domorganisten Ludwig Lusser.<\/p>\n\n\n\n<p><strong>Inklusive Lehrredaktion<\/strong><br \/>Auch die Inklusive Lehrredaktion des ORF beteiligt sich am Inklusionsschwerpunkt am 5. Mai, indem sie \u00fcber ihre Arbeit berichte und das ORF-Angebot in Einfacher Sprache n\u00e4her vorstellen wird. In der Inklusiven Lehrredaktion arbeiten sechs Menschen mit Behinderungen, die t\u00e4glich Nachrichten in Einfacher Sprache f\u00fcr news.ORF.at produzieren und beim Nachrichtenangebot in Einfacher Sprache in ORF III sowie Radio Wien mitarbeiten.<\/p>\n\n\n\n<p><strong>Inklusions-Schwerpunkt in den ORF-Radios<\/strong><br \/>Zum Europ\u00e4ischen Protesttag zur Inklusion von Menschen mit Behinderungen startet am 5. Mai der \u00d61-Podcast \u201eInklusion geh\u00f6rt gelebt\u201c. In diesem Podcast geht es um die Themen Behinderung, Journalismus und Inklusion \u2013 und das aus dem Blickwinkel von Journalistinnen und Journalisten mit und ohne Behinderung. Gestaltet wird der Podcast abwechselnd von den inklusiven Redaktionen \u201eFreak-Radio\u201c und \u201eandererseits\u201c. Denn Geschichte und Geschichten zeigen: Inklusion geh\u00f6rt gelebt. Dar\u00fcber hinaus besch\u00e4ftigen sich auch mehrere \u00d61-Sendungen mit dem Thema Inklusion. \u201eLebenskunst\u201c (7.05 Uhr) spricht am Sonntag, den 2. Mai, im Beitrag \u201eZwischen Kindergarten und Altar\u201c mit Michael Hofleitner \u00fcber seinen Lebensweg als Mensch mit Behinderung. Im Rahmen der \u201eRadiokolleg\u201c-Reihe \u201eReparatur der Zukunft\u201c wird am 3. Mai ab 9.30 Uhr der \u201eCripTech Incubator\u201c vorgestellt \u2013 eine in den USA entwickelte Plattform f\u00fcr Kunst und Technologie, die sich auf Innovationen im Bereich Behinderung konzentriert, am 5. Mai berichtet \u201eMoment\u201c (15.30 Uhr) \u00fcber den Verein Contrast. Im Rahmen des \u00d61-Jugendschwerpunktes ist in der \u201eRadiokolleg Spezial\u201c-Reihe \u201eFollow me \u2013 Stories von und mit jungen Menschen\u201c am 12. Mai (9.05 Uhr) ein Beitrag von Sebastian Gruber \u00fcber die Perspektiven von jungen Menschen mit einer Behinderung zu h\u00f6ren. Von Dienstag, dem 25., bis Donnerstag, den 27. Mai besch\u00e4ftigt sich das \u201eRadiokolleg\u201c um 9.05 Uhr unter dem Titel \u201eInklusion als Menschenrecht\u201c mit Diversit\u00e4t als Ressource. Die Sendungen im Detail sind abrufbar unter <a href=\"https:\/\/oe1.orf.at\/inklusion\">https:\/\/oe1.ORF.at\/inklusion<\/a>.<\/p>\n\n\n\n<p>Hitradio \u00d63 wurde 2019 f\u00fcr die Lehrstellenaktion \u201eIch will und ich kann arbeiten\u201c mit dem \u00d6sterreichischen Inklusionspreis der Lebenshilfe ausgezeichnet. Jetzt geht die \u00d63-Aktion in die n\u00e4chste Runde: \u00d63 sucht am 1. Mai wieder Lehrstellen f\u00fcr Jugendliche mit Behinderung. Ein ganzer \u00d63-Tag steht unter dem Motto: \u201eIch will und ich kann arbeiten \u2013 und ich verdiene eine Chance!\u201c \u00d63-Moderator Philipp Hansa stellt Jugendliche mit Behinderung vor, die dringend eine Lehrstelle suchen. Jede Stunde ist ein\/e andere\/r Jugendliche\/r mit Philipp Hansa on air und die beiden reden \u00fcber Ziele und W\u00fcnsche, was die Jugendlichen auf dem Weg in ein selbstst\u00e4ndiges Leben wirklich behindert und warum sie f\u00fcr ihre zuk\u00fcnftigen Arbeitgeber eine Chance sind. Von 9.00 bis 19.00 Uhr im Hitradio \u00d63.<\/p>\n\n\n\n<p>Im Jahr 2020 sollte es keine Sonderschulen in \u00d6sterreich mehr geben. Das sah der Nationale Aktionsplan zur Umsetzung des UN-\u00dcbereinkommens \u00fcber die Rechte von Menschen mit Behinderungen vor, das \u00d6sterreich 2008 unterzeichnet hat. Die Zahl der Kinder in Sonderschulen ist laut Bildungswissenschafter Gottfried Biewer von der Uni Wien durch die Einrichtung inklusiver Modellregionen in \u00d6sterreich nicht zur\u00fcckgegangen, ein Systemumbau hat nicht stattgefunden. In FM4-\u201eAuf Laut\u201c am 4. Mai diskutieren ab 21.00 Uhr Sch\u00fcler\/innen mit Behinderung, Eltern und Bildungsexpertinnen und -experten eine Stunde lang \u00fcber den Weg zu einer inklusiven Schullandschaft. FM4-\u201eConnected\u201c (15.00 Uhr) checkt am 5. Mai, woran es bei der schulischen Inklusion konkret mangelt und spricht mit Blogger\/innen, Autor\/innen und Influencer\/innen mit Behinderungen.<\/p>\n\n\n\n<p><strong>Ausf\u00fchrliche Info via ORF.at Netzwerk und ORF TELETEXT<\/strong><br \/>Das ORF.at-Netzwerk und der ORF TELETEXT informieren im Rahmen ihrer aktuellen Berichterstattung ausf\u00fchrlich \u00fcber den Europ\u00e4ischen Protesttag zur Inklusion. Die ORF-TVthek bringt alle Sendungen des TV-Programmschwerpunkts, sofern entsprechende Online-Lizenzrechte vorhanden sind, als Live-Stream und Video-on-Demand. Auf der ORF-TVthek steht au\u00dferdem ein neues Videoarchiv bereit, das \u201eSelbstbestimmung und Vielfalt: Gelebte Inklusion in der Gesellschaft\u201c zum Thema hat.<\/p>\n","protected":false},"excerpt":{"rendered":"<p>Text: ORFU. a. in \u201eBarbara Karlich Show\u201c, \u201eStudio 2\u201c, \u201eFeierabend\u201c, \u201ekulturMontag\u201c, \u201ekreuz &amp; quer\u201c; Mitarbeit der inklusiven Lehrredaktion des ORFWien (OTS) &#8211; Dem ORF ist es ein Anliegen, die Inklusion und Teilhabe von Menschen mit Behinderungen in der Gesellschaft, insbesondere auch am Arbeitsmarkt, voranzutreiben und Bewusstsein f\u00fcr die F\u00e4higkeiten und Potenziale von Menschen mit Behinderung&#8230; <a href=\"https:\/\/bmin.info\/WP\/2022\/04\/29\/zum-europaeischen-protesttag-zur-inklusion-am-5-mai-umfassender-schwerpunkt-in-allen-orf-medien\/\" class=\"more-link\">Continue reading <span class=\"screen-reader-text\">Zum Europ\u00e4ischen Protesttag zur Inklusion am 5. Mai: Umfassender Schwerpunkt in allen ORF-Medien<\/span><\/a><\/p>\n","protected":false},"author":3,"featured_media":0,"comment_status":"closed","ping_status":"closed","sticky":false,"template":"","format":"standard","meta":{"footnotes":""},"categories":[3],"tags":[],"class_list":["post-10677","post","type-post","status-publish","format-standard","hentry","category-info"],"_links":{"self":[{"href":"https:\/\/bmin.info\/WP\/wp-json\/wp\/v2\/posts\/10677","targetHints":{"allow":["GET"]}}],"collection":[{"href":"https:\/\/bmin.info\/WP\/wp-json\/wp\/v2\/posts"}],"about":[{"href":"https:\/\/bmin.info\/WP\/wp-json\/wp\/v2\/types\/post"}],"author":[{"embeddable":true,"href":"https:\/\/bmin.info\/WP\/wp-json\/wp\/v2\/users\/3"}],"replies":[{"embeddable":true,"href":"https:\/\/bmin.info\/WP\/wp-json\/wp\/v2\/comments?post=10677"}],"version-history":[{"count":3,"href":"https:\/\/bmin.info\/WP\/wp-json\/wp\/v2\/posts\/10677\/revisions"}],"predecessor-version":[{"id":10778,"href":"https:\/\/bmin.info\/WP\/wp-json\/wp\/v2\/posts\/10677\/revisions\/10778"}],"wp:attachment":[{"href":"https:\/\/bmin.info\/WP\/wp-json\/wp\/v2\/media?parent=10677"}],"wp:term":[{"taxonomy":"category","embeddable":true,"href":"https:\/\/bmin.info\/WP\/wp-json\/wp\/v2\/categories?post=10677"},{"taxonomy":"post_tag","embeddable":true,"href":"https:\/\/bmin.info\/WP\/wp-json\/wp\/v2\/tags?post=10677"}],"curies":[{"name":"wp","href":"https:\/\/api.w.org\/{rel}","templated":true}]}}