{"id":10682,"date":"2022-05-01T20:36:01","date_gmt":"2022-05-01T19:36:01","guid":{"rendered":"https:\/\/bmin.info\/WP\/?p=10682"},"modified":"2022-05-20T14:18:50","modified_gmt":"2022-05-20T13:18:50","slug":"schanigarten-saison-eroeffnet","status":"publish","type":"post","link":"https:\/\/bmin.info\/WP\/2022\/05\/01\/schanigarten-saison-eroeffnet\/","title":{"rendered":"Schanigarten-Saison er\u00f6ffnet"},"content":{"rendered":"\n<p>Text: Pepo Meia, Niels Cimpa<br \/>Der Fr\u00fchling ist da und die Gastronomie \u00f6ffnet wieder ihre Schanig\u00e4rten. Auch f\u00fcr mobilit\u00e4tseingeschr\u00e4nkte Personen ist es umso sch\u00f6ner sich wieder im Freien treffen und konsumieren zu k\u00f6nnen. Trotz Schanigarten-Verordnung gibt es leider immer wieder \u201eschwarze Schafe\u201c, die sich nicht an die Vorschrift halten und Menschen mit Behinderung ausgrenzen.<\/p>\n\n\n\n<div class=\"wp-block-image\"><figure class=\"alignright size-medium\"><a href=\"https:\/\/bmin.info\/WP\/wp-content\/uploads\/2020\/08\/Schanig_1200_KloburgStr89.jpg\"><img loading=\"lazy\" decoding=\"async\" width=\"300\" height=\"225\" src=\"https:\/\/bmin.info\/WP\/wp-content\/uploads\/2020\/08\/Schanig_1200_KloburgStr89-300x225.jpg\" alt=\"\" class=\"wp-image-7949\" srcset=\"https:\/\/bmin.info\/WP\/wp-content\/uploads\/2020\/08\/Schanig_1200_KloburgStr89-300x225.jpg 300w, https:\/\/bmin.info\/WP\/wp-content\/uploads\/2020\/08\/Schanig_1200_KloburgStr89-1024x768.jpg 1024w, https:\/\/bmin.info\/WP\/wp-content\/uploads\/2020\/08\/Schanig_1200_KloburgStr89-768x576.jpg 768w, https:\/\/bmin.info\/WP\/wp-content\/uploads\/2020\/08\/Schanig_1200_KloburgStr89-144x108.jpg 144w, https:\/\/bmin.info\/WP\/wp-content\/uploads\/2020\/08\/Schanig_1200_KloburgStr89.jpg 1280w\" sizes=\"auto, (max-width: 300px) 100vw, 300px\" \/><\/a><\/figure><\/div>\n\n\n\n<p><strong>Was hat sich in den letzen Jahren getan?<\/strong><br \/>Bereits seit 2013 macht BMIN regelm\u00e4\u00dfig auf fehlende Barrierefreiheit bei einzelnen Wiener Schanig\u00e4rten aufmerksam. Leider muss festgehalten werden, dass sich einige Betreiber strikt weigern die Schanigarten-Verordnung umzusetzen und unn\u00f6tigerweise Podeste bauen, die von mobilit\u00e4tseingeschr\u00e4nkten Personen nicht benutzbar sind (siehe einzelne Lokalit\u00e4ten in Nussdorf und in der Brigittenau).&nbsp;Im Gro\u00dfen und Ganzen hat sich die Situation in den letzten Jahren jedoch verbessert. Trotzdem werden in manchen F\u00e4llen auch einst barrierefreie Schanig\u00e4rten so umgebaut, dass diese nachher nicht mehr f\u00fcr Rollstuhlnutzer zug\u00e4nglich sind.<\/p>\n\n\n\n<p>Das Problem ist immer noch so, dass betroffene Personen sich selbst darum k\u00fcmmern m\u00fcssen, die nicht-zug\u00e4nglichen Schanig\u00e4rten aufzuzeigen. Und selbst dann gibt es keine offizielle Stelle der Stadt Wien, die den Fall \u00fcbernimmt. Schlimmstenfalls m\u00fcssen die Betroffenen in einem Schlichtungsverfahren viel Zeit und Energie aufwenden, um die Betreiber zu einem barrierefreien Umbau zu bewegen. Dies ist jedoch unzumutbar, da dies oft Jahre dauern kann.<\/p>\n\n\n\n<div class=\"wp-block-image\"><figure class=\"alignright size-medium\"><a href=\"https:\/\/bmin.info\/WP\/wp-content\/uploads\/2020\/08\/One_N_1190_Nussd_b.jpg\"><img loading=\"lazy\" decoding=\"async\" width=\"300\" height=\"225\" src=\"https:\/\/bmin.info\/WP\/wp-content\/uploads\/2020\/08\/One_N_1190_Nussd_b-300x225.jpg\" alt=\"\" class=\"wp-image-7985\" srcset=\"https:\/\/bmin.info\/WP\/wp-content\/uploads\/2020\/08\/One_N_1190_Nussd_b-300x225.jpg 300w, https:\/\/bmin.info\/WP\/wp-content\/uploads\/2020\/08\/One_N_1190_Nussd_b-1024x768.jpg 1024w, https:\/\/bmin.info\/WP\/wp-content\/uploads\/2020\/08\/One_N_1190_Nussd_b-768x576.jpg 768w, https:\/\/bmin.info\/WP\/wp-content\/uploads\/2020\/08\/One_N_1190_Nussd_b-144x108.jpg 144w, https:\/\/bmin.info\/WP\/wp-content\/uploads\/2020\/08\/One_N_1190_Nussd_b.jpg 1280w\" sizes=\"auto, (max-width: 300px) 100vw, 300px\" \/><\/a><\/figure><\/div>\n\n\n\n<p><strong>Forderung: Schaffung einer unabh\u00e4ngigen Anlaufstelle<\/strong><br \/>Sinnvoll w\u00e4re die Schaffung einer unabh\u00e4ngigen Anlaufstelle die f\u00fcr die Anliegen von Menschen mit Behinderung zust\u00e4ndig ist. Eine Art B\u00fcrgerdienst f\u00fcr Menschen mit Behinderung. Die jedoch nicht nur beratende Funktion hat, wie die MA 25, sondern die Richtlinien bzw. gesetzlichen Rahmenbedingungen bei den verschiedenen Stellen auch einfordern kann &#8211; auch bei diskriminierenden Schanig\u00e4rten. Bei wiederholter Zurechtweisung sollten dann auch Strafma\u00dfnahmen m\u00f6glich sein. Allein die Androhung, die Bewilligung zu entziehen, kann Wunder bewirken\u2026<\/p>\n\n\n\n<p>Info:&nbsp;<a href=\"https:\/\/www.wien.gv.at\/stadtentwicklung\/studien\/pdf\/e000004.pdf\">Leitfaden barrierefreie Schanig\u00e4rten in Wien<\/a> (wien.gv.at \/ PDF)<\/p>\n\n\n\n<p>BMIN-Artikel zum Thema:<br \/><a href=\"https:\/\/bmin.info\/WP\/2021\/05\/31\/schanigarten-rampe-gut-gemeint-heisst-nicht-gut-gemacht\/\">Schanigarten-Rampe: \u201eGut gemeint hei\u00dft nicht gut gemacht\u201c<\/a> (31. Mai 2021)<br \/><a href=\"https:\/\/bmin.info\/WP\/2021\/03\/05\/covid-19-schanigaerten-sollen-bald-oeffnen\/\">COVID-19: Schanig\u00e4rten sollen bald \u00f6ffnen<\/a> (05. M\u00e4rz 2021)<br \/><a href=\"https:\/\/bmin.info\/WP\/2020\/06\/12\/bmin-erfolg-eissalon-veganista-schanigarten-ist-barrierefrei\/\">BMIN-Erfolg: Eissalon Veganista \u2013 Schanigarten ist barrierefrei<\/a> (12. Juni 2020)<br \/><a href=\"https:\/\/bmin.info\/WP\/2020\/06\/08\/neuer-schanigarten-wieder-nicht-barrierefrei\/\">Neuer Schanigarten wieder nicht barrierefrei<\/a> (08. Juni 2020)<br \/><a href=\"https:\/\/bmin.info\/WP\/2019\/07\/29\/schanigartenrichtlinie-wird-ignoriert\/\">Schanigartenrichtlinie wird ignoriert<\/a> (29.Juli 2019)<br \/><a href=\"https:\/\/bmin.info\/WP\/2019\/05\/31\/wird-schanigartenleitfaden-ignoriert\/\">Wird Schanigartenleitfaden ignoriert?<\/a> (31.Mai 2019)<br \/><a href=\"https:\/\/bmin.info\/WP\/2019\/04\/24\/barrierefreie-schanigaerten\/\">Barrierefreie Schanig\u00e4rten?<\/a>&nbsp;(24. April 2019)<br \/><a href=\"https:\/\/bmin.info\/WP\/2018\/08\/29\/wien-heiligenstadt-neuer-barrierefreier-ankerbrot-schanigarten\/\">Wien Heiligenstadt: Neuer, barrierefreier Ankerbrot-Schanigarten<\/a>&nbsp;(29. Aug. 2018)<br \/><a href=\"https:\/\/bmin.info\/WP\/2018\/04\/13\/schanigaerten-rollstuhlfahrer-unerwuenscht\/\">Schanig\u00e4rten: Rollstuhlfahrer unerw\u00fcnscht?<\/a>&nbsp;(13. April 2018)<br \/><a href=\"http:\/\/www.bmin.info\/N-Archiv\/BMIN.achrichten\/Nachrichten\/Eintrage\/2013\/10\/11_Wann_wir_die_Schanigartenrichtlinie_der_Stadt_Wien_endlich_umgesetzt.html\">Wann wird die Schanigartenrichtlinie der Stadt Wien endlich umgesetzt?<\/a> (11. Okt. 2013)<br \/><a href=\"http:\/\/www.bmin.info\/N-Archiv\/BMIN.achrichten\/Nachrichten\/Eintrage\/2013\/6\/22_BMIN-Initiative__Barrierefreie_Schanigarten.html\">BMIN-Initiative: Barrierefreie Schanig\u00e4rten<\/a> (22. Juni 2013)<br \/><a href=\"http:\/\/www.bmin.info\/N-Archiv\/BMIN.achrichten\/Nachrichten\/Eintrage\/2013\/6\/19_Schanigarten_Rollstuhlfahrer_unerwunscht%21.html\">Schanigarten \u2013 Rollstuhlfahrer unerw\u00fcnscht!<\/a> (19.Juni 2013)<\/p>\n","protected":false},"excerpt":{"rendered":"<p>Text: Pepo Meia, Niels CimpaDer Fr\u00fchling ist da und die Gastronomie \u00f6ffnet wieder ihre Schanig\u00e4rten. Auch f\u00fcr mobilit\u00e4tseingeschr\u00e4nkte Personen ist es umso sch\u00f6ner sich wieder im Freien treffen und konsumieren zu k\u00f6nnen. Trotz Schanigarten-Verordnung gibt es leider immer wieder \u201eschwarze Schafe\u201c, die sich nicht an die Vorschrift halten und Menschen mit Behinderung ausgrenzen. Was hat&#8230; <a href=\"https:\/\/bmin.info\/WP\/2022\/05\/01\/schanigarten-saison-eroeffnet\/\" class=\"more-link\">Continue reading <span class=\"screen-reader-text\">Schanigarten-Saison er\u00f6ffnet<\/span><\/a><\/p>\n","protected":false},"author":3,"featured_media":0,"comment_status":"closed","ping_status":"closed","sticky":false,"template":"","format":"standard","meta":{"footnotes":""},"categories":[3],"tags":[],"class_list":["post-10682","post","type-post","status-publish","format-standard","hentry","category-info"],"_links":{"self":[{"href":"https:\/\/bmin.info\/WP\/wp-json\/wp\/v2\/posts\/10682","targetHints":{"allow":["GET"]}}],"collection":[{"href":"https:\/\/bmin.info\/WP\/wp-json\/wp\/v2\/posts"}],"about":[{"href":"https:\/\/bmin.info\/WP\/wp-json\/wp\/v2\/types\/post"}],"author":[{"embeddable":true,"href":"https:\/\/bmin.info\/WP\/wp-json\/wp\/v2\/users\/3"}],"replies":[{"embeddable":true,"href":"https:\/\/bmin.info\/WP\/wp-json\/wp\/v2\/comments?post=10682"}],"version-history":[{"count":7,"href":"https:\/\/bmin.info\/WP\/wp-json\/wp\/v2\/posts\/10682\/revisions"}],"predecessor-version":[{"id":10780,"href":"https:\/\/bmin.info\/WP\/wp-json\/wp\/v2\/posts\/10682\/revisions\/10780"}],"wp:attachment":[{"href":"https:\/\/bmin.info\/WP\/wp-json\/wp\/v2\/media?parent=10682"}],"wp:term":[{"taxonomy":"category","embeddable":true,"href":"https:\/\/bmin.info\/WP\/wp-json\/wp\/v2\/categories?post=10682"},{"taxonomy":"post_tag","embeddable":true,"href":"https:\/\/bmin.info\/WP\/wp-json\/wp\/v2\/tags?post=10682"}],"curies":[{"name":"wp","href":"https:\/\/api.w.org\/{rel}","templated":true}]}}