{"id":10686,"date":"2022-05-01T09:30:00","date_gmt":"2022-05-01T08:30:00","guid":{"rendered":"https:\/\/bmin.info\/WP\/?p=10686"},"modified":"2022-05-20T07:59:49","modified_gmt":"2022-05-20T06:59:49","slug":"martin-ladstaetter-zum-orf-publikumsratsmitglied-bestellt","status":"publish","type":"post","link":"https:\/\/bmin.info\/WP\/2022\/05\/01\/martin-ladstaetter-zum-orf-publikumsratsmitglied-bestellt\/","title":{"rendered":"Martin Ladst\u00e4tter zum ORF-Publikumsratsmitglied bestellt"},"content":{"rendered":"\n<p>Text: \u00d6BR<br \/><strong>Martin Ladst\u00e4tter wurde am 26. April 2022 zum Mitglied des Publikumsrats des ORF f\u00fcr den Bereich Behinderte Menschen bestellt.<\/strong><br \/>Als Pr\u00e4sidiumsmitglied des \u00d6sterreichischen Behindertenrats, Gr\u00fcndungsmitglied und Obmann von BIZEPS, dem ersten \u00f6sterreichischen Zentrum f\u00fcr Selbstbestimmtes Leben, Gr\u00fcnder des Klagsverbands zur Durchsetzung der Rechte von Diskriminierungsopfern, Mitglied des Monitoringausschusses zur Umsetzung der UN-Konvention \u00fcber die Rechte von Menschen mit Behinderungen, des Menschenrechtsbeirats der Volksanwaltschaft sowie der Wiener Monitoringstelle zur \u00dcberwachung der UN-Behindertenrechtskonvention setzt sich Martin Ladst\u00e4tter seit vielen Jahren f\u00fcr die Anliegen von Menschen mit Behinderungen ein.<\/p>\n\n\n\n<div class=\"wp-block-image\"><figure class=\"aligncenter size-full\"><a href=\"https:\/\/bmin.info\/WP\/wp-content\/uploads\/2022\/05\/martin_ladstaetter-750x420-1.jpg\"><img loading=\"lazy\" decoding=\"async\" width=\"750\" height=\"420\" src=\"https:\/\/bmin.info\/WP\/wp-content\/uploads\/2022\/05\/martin_ladstaetter-750x420-1.jpg\" alt=\"\" class=\"wp-image-10695\" srcset=\"https:\/\/bmin.info\/WP\/wp-content\/uploads\/2022\/05\/martin_ladstaetter-750x420-1.jpg 750w, https:\/\/bmin.info\/WP\/wp-content\/uploads\/2022\/05\/martin_ladstaetter-750x420-1-300x168.jpg 300w, https:\/\/bmin.info\/WP\/wp-content\/uploads\/2022\/05\/martin_ladstaetter-750x420-1-144x81.jpg 144w\" sizes=\"auto, (max-width: 750px) 100vw, 750px\" \/><\/a><\/figure><\/div>\n\n\n\n<p><em>\u201eDer Publikumsrat des ORF hat laut Gesetz die Interessen der H\u00f6rer*innen und Seher*innen zu vertreten. Da ich vom \u00d6sterreichischen Behindertenrat als Dachorganisation und Interessensvertretung f\u00fcr 1,4 Millionen Menschen mit Behinderungen nominiert wurde und vom Bundeskanzleramt bestellt wurde, sehe ich es als meine Aufgabe, im Publikumsrat nachdr\u00fccklich f\u00fcr die weitere Steigerung der Barrierefreiheit der ORF-Angebote und f\u00fcr qualitativ hochwertige Beitr\u00e4ge im ORF einzutreten.\u201c<\/em><br \/>Martin Ladst\u00e4tter<\/p>\n\n\n\n<p>Wir gratulieren herzlich und w\u00fcnschen Herrn Ladst\u00e4tter viel Erfolg in seiner neuen Funktion.<\/p>\n\n\n\n<p><strong>Der ORF Publikumsrat<\/strong><br \/>Der ORF Publikumsrat besteht aus 31 Mitgliedern und kann Empfehlungen an die Gesch\u00e4ftsf\u00fchrung des ORF zur Programmgestaltung abgeben. Weitere Empfehlungsrechte beziehen sich auf Sendungen f\u00fcr geh\u00f6rlose und h\u00f6rbehinderte Menschen, zum Qualit\u00e4tssicherungssystem und zu den Jahressendeschemen. Dar\u00fcber hinaus hat das Gremium ein Vorschlagsrecht betreffend die Volksgruppenprogramme und -angebote sowie f\u00fcr den technischen Ausbau des ORF.&nbsp;Eine wesentliche Kompetenz des Publikumsrats ist die Genehmigung von Beschl\u00fcssen des Stiftungsrats, mit denen die H\u00f6he des Programmentgelts festgelegt wird.&nbsp;Zu den weiteren Kompetenzen des Publikumsrats geh\u00f6ren die Bestellung von sechs Mitgliedern des Stiftungsrats sowie die Anrufung der Regulierungsbeh\u00f6rde in F\u00e4llen, in denen eine Verletzung von Bestimmungen des ORF-Gesetzes behauptet wird.<\/p>\n\n\n\n<p><a href=\"https:\/\/der.orf.at\/unternehmen\/gremien\/publikumsrat\/geschaeftsordnung102.pdf\">Gesch\u00e4ftsordnung ORF Publikumsrat<\/a> (PDF)<\/p>\n","protected":false},"excerpt":{"rendered":"<p>Text: \u00d6BRMartin Ladst\u00e4tter wurde am 26. April 2022 zum Mitglied des Publikumsrats des ORF f\u00fcr den Bereich Behinderte Menschen bestellt.Als Pr\u00e4sidiumsmitglied des \u00d6sterreichischen Behindertenrats, Gr\u00fcndungsmitglied und Obmann von BIZEPS, dem ersten \u00f6sterreichischen Zentrum f\u00fcr Selbstbestimmtes Leben, Gr\u00fcnder des Klagsverbands zur Durchsetzung der Rechte von Diskriminierungsopfern, Mitglied des Monitoringausschusses zur Umsetzung der UN-Konvention \u00fcber die Rechte&#8230; <a href=\"https:\/\/bmin.info\/WP\/2022\/05\/01\/martin-ladstaetter-zum-orf-publikumsratsmitglied-bestellt\/\" class=\"more-link\">Continue reading <span class=\"screen-reader-text\">Martin Ladst\u00e4tter zum ORF-Publikumsratsmitglied bestellt<\/span><\/a><\/p>\n","protected":false},"author":3,"featured_media":0,"comment_status":"closed","ping_status":"closed","sticky":false,"template":"","format":"standard","meta":{"footnotes":""},"categories":[3],"tags":[],"class_list":["post-10686","post","type-post","status-publish","format-standard","hentry","category-info"],"_links":{"self":[{"href":"https:\/\/bmin.info\/WP\/wp-json\/wp\/v2\/posts\/10686","targetHints":{"allow":["GET"]}}],"collection":[{"href":"https:\/\/bmin.info\/WP\/wp-json\/wp\/v2\/posts"}],"about":[{"href":"https:\/\/bmin.info\/WP\/wp-json\/wp\/v2\/types\/post"}],"author":[{"embeddable":true,"href":"https:\/\/bmin.info\/WP\/wp-json\/wp\/v2\/users\/3"}],"replies":[{"embeddable":true,"href":"https:\/\/bmin.info\/WP\/wp-json\/wp\/v2\/comments?post=10686"}],"version-history":[{"count":4,"href":"https:\/\/bmin.info\/WP\/wp-json\/wp\/v2\/posts\/10686\/revisions"}],"predecessor-version":[{"id":10777,"href":"https:\/\/bmin.info\/WP\/wp-json\/wp\/v2\/posts\/10686\/revisions\/10777"}],"wp:attachment":[{"href":"https:\/\/bmin.info\/WP\/wp-json\/wp\/v2\/media?parent=10686"}],"wp:term":[{"taxonomy":"category","embeddable":true,"href":"https:\/\/bmin.info\/WP\/wp-json\/wp\/v2\/categories?post=10686"},{"taxonomy":"post_tag","embeddable":true,"href":"https:\/\/bmin.info\/WP\/wp-json\/wp\/v2\/tags?post=10686"}],"curies":[{"name":"wp","href":"https:\/\/api.w.org\/{rel}","templated":true}]}}