{"id":10694,"date":"2022-04-30T09:41:00","date_gmt":"2022-04-30T08:41:00","guid":{"rendered":"https:\/\/bmin.info\/WP\/?p=10694"},"modified":"2022-05-02T09:42:29","modified_gmt":"2022-05-02T08:42:29","slug":"antrittsbesuch-beim-sozialminister","status":"publish","type":"post","link":"https:\/\/bmin.info\/WP\/2022\/04\/30\/antrittsbesuch-beim-sozialminister\/","title":{"rendered":"Antrittsbesuch beim Sozialminister"},"content":{"rendered":"\n<p>Text: \u00d6BR<br \/><strong>Am 12. April 2022 war der \u00d6sterreichische Behindertenrat zum Antrittsbesuch bei Sozialminister Johannes Rauch eingeladen.<\/strong><br \/>Der Behindertenrats-Vizepr\u00e4sident Klaus Widl (CBMF), die 5. Vizepr\u00e4sidentin Roswitha Schachinger (WAG Assistenzgenossenschaft), der Generalsekret\u00e4r des Behindertenrats, Bernhard Bruckner, Martin Ladst\u00e4tter (BIZEPS) und die Sozialrechts-Expertin Regina Baumgartl (KOBV) n\u00fctzten den Gespr\u00e4chstermin, um sich mit dem Sozialminister \u00fcber die dr\u00e4ngendsten Forderungen von Menschen mit Behinderungen auszutauschen.<\/p>\n\n\n\n<div class=\"wp-block-image\"><figure class=\"aligncenter size-full\"><a href=\"https:\/\/bmin.info\/WP\/wp-content\/uploads\/2022\/05\/antrittsbesuch-750x420-1.jpg\"><img loading=\"lazy\" decoding=\"async\" width=\"750\" height=\"420\" src=\"https:\/\/bmin.info\/WP\/wp-content\/uploads\/2022\/05\/antrittsbesuch-750x420-1.jpg\" alt=\"\" class=\"wp-image-10699\" srcset=\"https:\/\/bmin.info\/WP\/wp-content\/uploads\/2022\/05\/antrittsbesuch-750x420-1.jpg 750w, https:\/\/bmin.info\/WP\/wp-content\/uploads\/2022\/05\/antrittsbesuch-750x420-1-300x168.jpg 300w, https:\/\/bmin.info\/WP\/wp-content\/uploads\/2022\/05\/antrittsbesuch-750x420-1-144x81.jpg 144w\" sizes=\"auto, (max-width: 750px) 100vw, 750px\" \/><\/a><\/figure><\/div>\n\n\n\n<p>Themen des Gespr\u00e4chs waren der Nationale Aktionsplan Behinderung 2022 \u2013 2030, der Inklusionsfonds sowie Arbeitsangebote, Arbeitslosigkeit, Pers\u00f6nliche Assistenz, Teuerung und die Pflegereform.<\/p>\n","protected":false},"excerpt":{"rendered":"<p>Text: \u00d6BRAm 12. April 2022 war der \u00d6sterreichische Behindertenrat zum Antrittsbesuch bei Sozialminister Johannes Rauch eingeladen.Der Behindertenrats-Vizepr\u00e4sident Klaus Widl (CBMF), die 5. Vizepr\u00e4sidentin Roswitha Schachinger (WAG Assistenzgenossenschaft), der Generalsekret\u00e4r des Behindertenrats, Bernhard Bruckner, Martin Ladst\u00e4tter (BIZEPS) und die Sozialrechts-Expertin Regina Baumgartl (KOBV) n\u00fctzten den Gespr\u00e4chstermin, um sich mit dem Sozialminister \u00fcber die dr\u00e4ngendsten Forderungen von&#8230; <a href=\"https:\/\/bmin.info\/WP\/2022\/04\/30\/antrittsbesuch-beim-sozialminister\/\" class=\"more-link\">Continue reading <span class=\"screen-reader-text\">Antrittsbesuch beim Sozialminister<\/span><\/a><\/p>\n","protected":false},"author":3,"featured_media":0,"comment_status":"closed","ping_status":"closed","sticky":false,"template":"","format":"standard","meta":{"footnotes":""},"categories":[3],"tags":[],"class_list":["post-10694","post","type-post","status-publish","format-standard","hentry","category-info"],"_links":{"self":[{"href":"https:\/\/bmin.info\/WP\/wp-json\/wp\/v2\/posts\/10694","targetHints":{"allow":["GET"]}}],"collection":[{"href":"https:\/\/bmin.info\/WP\/wp-json\/wp\/v2\/posts"}],"about":[{"href":"https:\/\/bmin.info\/WP\/wp-json\/wp\/v2\/types\/post"}],"author":[{"embeddable":true,"href":"https:\/\/bmin.info\/WP\/wp-json\/wp\/v2\/users\/3"}],"replies":[{"embeddable":true,"href":"https:\/\/bmin.info\/WP\/wp-json\/wp\/v2\/comments?post=10694"}],"version-history":[{"count":3,"href":"https:\/\/bmin.info\/WP\/wp-json\/wp\/v2\/posts\/10694\/revisions"}],"predecessor-version":[{"id":10701,"href":"https:\/\/bmin.info\/WP\/wp-json\/wp\/v2\/posts\/10694\/revisions\/10701"}],"wp:attachment":[{"href":"https:\/\/bmin.info\/WP\/wp-json\/wp\/v2\/media?parent=10694"}],"wp:term":[{"taxonomy":"category","embeddable":true,"href":"https:\/\/bmin.info\/WP\/wp-json\/wp\/v2\/categories?post=10694"},{"taxonomy":"post_tag","embeddable":true,"href":"https:\/\/bmin.info\/WP\/wp-json\/wp\/v2\/tags?post=10694"}],"curies":[{"name":"wp","href":"https:\/\/api.w.org\/{rel}","templated":true}]}}