{"id":10706,"date":"2022-05-07T16:38:37","date_gmt":"2022-05-07T15:38:37","guid":{"rendered":"https:\/\/bmin.info\/WP\/?p=10706"},"modified":"2022-05-07T20:48:22","modified_gmt":"2022-05-07T19:48:22","slug":"schlechte-erfahrung-mit-den-oebb","status":"publish","type":"post","link":"https:\/\/bmin.info\/WP\/2022\/05\/07\/schlechte-erfahrung-mit-den-oebb\/","title":{"rendered":"Schlechte Erfahrung mit den \u00d6BB"},"content":{"rendered":"\n<p>Text: Franz Joseph Huainigg, Julia Spindler (Erlebnisbericht)<br \/>Meine pers\u00f6nliche Assistentin Julia Spindler, die mich am Sonntag begleitet hat, und ich m\u00f6chten kurz schildern, was sich am Sonntag, den 1.5.2022 am Bahnhof Heiligenstadt um 17:51 Uhr am Bahnsteig 2 der S45 in Richtung H\u00fctteldorf zugetragen hat.\u00a0<\/p>\n\n\n\n<div class=\"wp-block-image\"><figure class=\"aligncenter size-large\"><a href=\"https:\/\/bmin.info\/WP\/wp-content\/uploads\/2022\/05\/image-scaled.jpg\"><img loading=\"lazy\" decoding=\"async\" width=\"1024\" height=\"768\" src=\"https:\/\/bmin.info\/WP\/wp-content\/uploads\/2022\/05\/image-1024x768.jpg\" alt=\"\" class=\"wp-image-10715\" srcset=\"https:\/\/bmin.info\/WP\/wp-content\/uploads\/2022\/05\/image-1024x768.jpg 1024w, https:\/\/bmin.info\/WP\/wp-content\/uploads\/2022\/05\/image-300x225.jpg 300w, https:\/\/bmin.info\/WP\/wp-content\/uploads\/2022\/05\/image-768x576.jpg 768w, https:\/\/bmin.info\/WP\/wp-content\/uploads\/2022\/05\/image-1536x1152.jpg 1536w, https:\/\/bmin.info\/WP\/wp-content\/uploads\/2022\/05\/image-2048x1536.jpg 2048w, https:\/\/bmin.info\/WP\/wp-content\/uploads\/2022\/05\/image-144x108.jpg 144w\" sizes=\"auto, (max-width: 1024px) 100vw, 1024px\" \/><\/a><\/figure><\/div>\n\n\n\n<p>Bei der S45 ist es notwendig eine mobile Rampe auszuklappen, um mit dem Elektrorollstuhl einsteigen zu k\u00f6nnen. Jeder Zug hat nur eine zuggebundene Rampe, die vom Zugfahrer mechanisch ausgeklappt werden muss.<\/p>\n\n\n\n<figure class=\"wp-block-gallery has-nested-images columns-default is-cropped wp-block-gallery-1 is-layout-flex wp-block-gallery-is-layout-flex\">\n<figure class=\"wp-block-image size-large\"><a href=\"https:\/\/bmin.info\/WP\/wp-content\/uploads\/2018\/11\/835-e1548250080648.jpg\"><img loading=\"lazy\" decoding=\"async\" width=\"1024\" height=\"768\" data-id=\"5707\" src=\"https:\/\/bmin.info\/WP\/wp-content\/uploads\/2018\/11\/835-e1548250080648.jpg\" alt=\"\" class=\"wp-image-5707\"\/><\/a><\/figure>\n\n\n\n<figure class=\"wp-block-image size-large\"><a href=\"https:\/\/bmin.info\/WP\/wp-content\/uploads\/2016\/03\/Oberd02.jpg\"><img loading=\"lazy\" decoding=\"async\" width=\"985\" height=\"739\" data-id=\"491\" src=\"https:\/\/bmin.info\/WP\/wp-content\/uploads\/2016\/03\/Oberd02.jpg\" alt=\"\" class=\"wp-image-491\" srcset=\"https:\/\/bmin.info\/WP\/wp-content\/uploads\/2016\/03\/Oberd02.jpg 985w, https:\/\/bmin.info\/WP\/wp-content\/uploads\/2016\/03\/Oberd02-300x225.jpg 300w, https:\/\/bmin.info\/WP\/wp-content\/uploads\/2016\/03\/Oberd02-768x576.jpg 768w, https:\/\/bmin.info\/WP\/wp-content\/uploads\/2016\/03\/Oberd02-144x108.jpg 144w\" sizes=\"auto, (max-width: 985px) 100vw, 985px\" \/><\/a><\/figure>\n<\/figure>\n\n\n\n<p>Wir warteten bereits 13 Minuten auf die S-Bahn, da die Frequenz&nbsp;am&nbsp;Sonntag gr\u00f6\u00dfer ist. Julia ging nach vorne zum Triebwagen, klopfte ans Fenster und bat den Zugfahrer, die mobile Rampe auszuklappen, da ich mit dem Elektrorollstuhl den Spalt zwischen Bahnsteig und S-Bahn-T\u00fcr sowie den H\u00f6henunterschied nicht \u00fcberwinden konnte &#8211; von selbst w\u00e4re der Zugfahrer nicht auf uns zugekommen.&nbsp;<\/p>\n\n\n\n<div class=\"wp-block-image\"><figure class=\"alignright size-medium\"><a href=\"https:\/\/bmin.info\/WP\/wp-content\/uploads\/2022\/05\/FJH-Ass.jpg\"><img loading=\"lazy\" decoding=\"async\" width=\"225\" height=\"300\" src=\"https:\/\/bmin.info\/WP\/wp-content\/uploads\/2022\/05\/FJH-Ass-225x300.jpg\" alt=\"\" class=\"wp-image-10717\" srcset=\"https:\/\/bmin.info\/WP\/wp-content\/uploads\/2022\/05\/FJH-Ass-225x300.jpg 225w, https:\/\/bmin.info\/WP\/wp-content\/uploads\/2022\/05\/FJH-Ass-768x1024.jpg 768w, https:\/\/bmin.info\/WP\/wp-content\/uploads\/2022\/05\/FJH-Ass-108x144.jpg 108w, https:\/\/bmin.info\/WP\/wp-content\/uploads\/2022\/05\/FJH-Ass.jpg 960w\" sizes=\"auto, (max-width: 225px) 100vw, 225px\" \/><\/a><\/figure><\/div>\n\n\n\n<p>Seine erste Reaktion war: &#8222;Das wird schwierig die T\u00fcr ist kaputt. Sie m\u00fcssen auf den n\u00e4chsten Zug warten.&#8220; Julia blieb hartn\u00e4ckig und wies ihn darauf hin, dass wir bei der Hinfahrt ebenfalls in einem Zug mit kaputter T\u00fcr gefahren sind, die der Fahrer allerdings mit dem Schl\u00fcssel f\u00fcr uns \u00f6ffnen konnte. Der Zugfahrer&nbsp;meinte daraufhin: &#8222;Ich werde es versuchen, aber versprechen kann ich nichts.&#8220;<\/p>\n\n\n\n<p>Tats\u00e4chlich \u00f6ffnete er ohne Schwierigkeiten die T\u00fcr &#8211; dazu brauchte er nicht einmal einen Schl\u00fcssel. Er klappte die Rampe aus, allerdings befand sich direkt vor der Rampe eine S\u00e4ule des Bahnsteigs, sodass wir mit dem Elektrorollstuhl nicht auf die Rampe fahren konnten. Der Zugfahrer&nbsp;bat Julia zu versuchen, trotzdem auf die Rampe zu fahren &#8211; wir bem\u00fchten uns, aber wie erwartet gelang es uns nicht. Daraufhin baten wir den Fahrer mit dem Zug einen halben Meter nach vorne zu fahren &#8211; dann w\u00e4re das Einsteigen kein Problem gewesen. Der Zugfahrer&nbsp;weigerte sich nach vorne zu fahren &#8211; es sei ihm nicht erlaubt nach vorne zu fahren, wir m\u00fcssten auf den n\u00e4chsten Zug warten. Wir baten ihn eindringlich, uns mitfahren zu lassen, er ignorierte uns, zog die Rampe ein, schloss die T\u00fcre direkt vor Julia, die noch versuchte zu diskutieren. Der Zug fuhr weg, wir blieben besch\u00e4mt am Bahnsteig zur\u00fcck. Wir f\u00fchlten uns beide speziell durch die ignorante Behandlung und das Unverst\u00e4ndnis des Zugfahres&nbsp;f\u00fcr unsere Situation und was es hei\u00dft, kundenfreundlich&nbsp;auch Barrierefreiheit herzustellen, \u00e4u\u00dferst diskriminiert. Wir machten ein Foto und twitterten den Vorfall. Wobei wir die \u00d6BB taggten.<\/p>\n\n\n\n<p>Die \u00d6BB schrieb auch zur\u00fcck, dass sie den Vorfall \u00fcberpr\u00fcfen werden und dass so etwas in Zukunft nicht mehr vorkommen wird.&nbsp;<\/p>\n\n\n\n<p><strong>Anm.<\/strong>: Zumeist sind die Zugfahrer der \u00d6BB sehr verst\u00e4ndnisvoll und bem\u00fcht. Bereits zwei Mal ist bei einer \u00e4hnlichen Situation, wo ich auch durch die S\u00e4ule nicht die Rampe befahren konnte, der Zugfahrer&nbsp;wieder eingestiegen, hat den Zug ein St\u00fcck vorgefahren und die Rampe wieder ausgeklappt. Und das sogar, als die Rampe sich im hintersten Zugwaggon befand und der Fahrer zwei Mal einen weiten Weg hin und zur\u00fcck gehen musste. Es geht ja doch ;)<\/p>\n\n\n\n<p>Ich f\u00fchlte auch deshalb diskriminiert, da ich auf meine Behinderung und den Elektrorollstuhl beschr\u00e4nkt worden bin. In der Behindertenbewegung sagen wir: &#8222;Man ist nicht behindert, man wird behindert.&#8220; Das war bei diesem Fall wieder stark sp\u00fcrbar!<\/p>\n","protected":false},"excerpt":{"rendered":"<p>Text: Franz Joseph Huainigg, Julia Spindler (Erlebnisbericht)Meine pers\u00f6nliche Assistentin Julia Spindler, die mich am Sonntag begleitet hat, und ich m\u00f6chten kurz schildern, was sich am Sonntag, den 1.5.2022 am Bahnhof Heiligenstadt um 17:51 Uhr am Bahnsteig 2 der S45 in Richtung H\u00fctteldorf zugetragen hat.\u00a0 Bei der S45 ist es notwendig eine mobile Rampe auszuklappen, um&#8230; <a href=\"https:\/\/bmin.info\/WP\/2022\/05\/07\/schlechte-erfahrung-mit-den-oebb\/\" class=\"more-link\">Continue reading <span class=\"screen-reader-text\">Schlechte Erfahrung mit den \u00d6BB<\/span><\/a><\/p>\n","protected":false},"author":3,"featured_media":0,"comment_status":"closed","ping_status":"closed","sticky":false,"template":"","format":"standard","meta":{"footnotes":""},"categories":[3],"tags":[],"class_list":["post-10706","post","type-post","status-publish","format-standard","hentry","category-info"],"_links":{"self":[{"href":"https:\/\/bmin.info\/WP\/wp-json\/wp\/v2\/posts\/10706","targetHints":{"allow":["GET"]}}],"collection":[{"href":"https:\/\/bmin.info\/WP\/wp-json\/wp\/v2\/posts"}],"about":[{"href":"https:\/\/bmin.info\/WP\/wp-json\/wp\/v2\/types\/post"}],"author":[{"embeddable":true,"href":"https:\/\/bmin.info\/WP\/wp-json\/wp\/v2\/users\/3"}],"replies":[{"embeddable":true,"href":"https:\/\/bmin.info\/WP\/wp-json\/wp\/v2\/comments?post=10706"}],"version-history":[{"count":8,"href":"https:\/\/bmin.info\/WP\/wp-json\/wp\/v2\/posts\/10706\/revisions"}],"predecessor-version":[{"id":10722,"href":"https:\/\/bmin.info\/WP\/wp-json\/wp\/v2\/posts\/10706\/revisions\/10722"}],"wp:attachment":[{"href":"https:\/\/bmin.info\/WP\/wp-json\/wp\/v2\/media?parent=10706"}],"wp:term":[{"taxonomy":"category","embeddable":true,"href":"https:\/\/bmin.info\/WP\/wp-json\/wp\/v2\/categories?post=10706"},{"taxonomy":"post_tag","embeddable":true,"href":"https:\/\/bmin.info\/WP\/wp-json\/wp\/v2\/tags?post=10706"}],"curies":[{"name":"wp","href":"https:\/\/api.w.org\/{rel}","templated":true}]}}