{"id":10725,"date":"2022-05-12T16:59:00","date_gmt":"2022-05-12T15:59:00","guid":{"rendered":"https:\/\/bmin.info\/WP\/?p=10725"},"modified":"2022-05-13T16:02:47","modified_gmt":"2022-05-13T15:02:47","slug":"10-000-teilnehmende-bei-pflege-demo","status":"publish","type":"post","link":"https:\/\/bmin.info\/WP\/2022\/05\/12\/10-000-teilnehmende-bei-pflege-demo\/","title":{"rendered":"10.000 Teilnehmende bei Pflege-Demo"},"content":{"rendered":"\n<p>Text: wien.orf.at<br \/>Anl\u00e4sslich des \u201eTages der Pflege\u201c haben allein in Wien laut Veranstalter rund 10.000 Menschen an einer Demonstration teilgenommen. Wohl nicht zuf\u00e4llig wurde von der Regierung zeitgleich ein erster Schritt der Pflegereform beschlossen.<\/p>\n\n\n\n<p>Die \u201eOffensive Gesundheit\u201c, die zur Demo in Wien eingeladen hatte, ist ein Zusammenschluss der Gewerkschaften vida, G\u00d6D, gpa, younion, der Wiener \u00c4rztekammer, der Arbeiterkammer und des \u00d6GB. Mit der Kundgebung, die, wie die Offensive betonte, nur eine von vielen an diesem Donnerstag war, will man auf Missst\u00e4nde im Gesundheits-und Pflegebereich aufmerksam machen.<\/p>\n\n\n\n<figure class=\"wp-block-image size-full\"><a href=\"https:\/\/bmin.info\/WP\/wp-content\/uploads\/2022\/05\/Pflegedemo.jpg\"><img loading=\"lazy\" decoding=\"async\" width=\"921\" height=\"238\" src=\"https:\/\/bmin.info\/WP\/wp-content\/uploads\/2022\/05\/Pflegedemo.jpg\" alt=\"\" class=\"wp-image-10733\" srcset=\"https:\/\/bmin.info\/WP\/wp-content\/uploads\/2022\/05\/Pflegedemo.jpg 921w, https:\/\/bmin.info\/WP\/wp-content\/uploads\/2022\/05\/Pflegedemo-300x78.jpg 300w, https:\/\/bmin.info\/WP\/wp-content\/uploads\/2022\/05\/Pflegedemo-768x198.jpg 768w, https:\/\/bmin.info\/WP\/wp-content\/uploads\/2022\/05\/Pflegedemo-144x37.jpg 144w\" sizes=\"auto, (max-width: 921px) 100vw, 921px\" \/><\/a><\/figure>\n\n\n\n<p>\u00dcber 70.000 Unterschriften unter der gemeinsamen parlamentarischen B\u00fcrgerinitiative \u201eAchtung Gesundheit\u201c w\u00fcrden zeigen, wie viel Handlungsbedarf hier bestehe, sagte Reinhard Waldh\u00f6r, Vorsitzender der G\u00d6D-Gesundheitsgewerkschaft. In Richtung Gesundheitsminister hatte er scharfe Worte: \u201eDer Gesundheitsminister muss sp\u00fcren, dass es in Sachen Gesundheit und Pflege jetzt kein Verz\u00f6gern mehr geben darf! Es braucht endlich Taten statt salbungsvoller Worte!\u201c.<\/p>\n\n\n\n<p><strong>Positive Reaktionen auf \u201eersten Schritt\u201c<\/strong><br \/>Diese Taten folgten dann auch. Nicht zuf\u00e4llig wurde am \u201eTag der Pflege\u201c der erste Schritt der Pflegereform beschlossen. Die Vertreter der \u201eOffensive Gesundheit\u201c sahen das als Ergebnis gro\u00dfteils positiv, es komme aber auf die Umsetzung an, sagte Barbara Teiber, Vorsitzende der Gewerkschaft GPA im Vorfeld der Demonstration. Der erste Schritt in Sachen Pflegereform sei das Ergebnis des jahrelangen gewerkschaftlichen Drucks.<\/p>\n\n\n\n<p><strong>Hacker zufrieden mit Pflegepaket<\/strong><br \/>Wiens Sozialstadtrat Peter Hacker (SP\u00d6) zeigte sich durchaus zufrieden zum Pflegepaket: \u201eWeil ich mein, jetzt haben wir Jahre der Stagnation gehabt, da ist gar nichts weitergegangen in allen sozialpolitischen Fragen. Und daher Ehre, wem Ehre geb\u00fchrt: dieser Sozialminister hat zum ersten Mal wieder moderne Sozialpolitik auf den Tisch gelegt.\u201c<\/p>\n\n\n\n<p>Die Pflegereform sei ein erster guter Schritt, so Hacker, auch wenn noch etliche Details offen seien. Zum Beispiel, wie genau das Gehaltsplus f\u00fcr die Pflegekr\u00e4fte ausbezahlt wird: <em>\u201eIch bevorzuge jedenfalls keine Boni-Zahlungen, die sich dann nicht auch am Ende des Tages in der Pension der Mitarbeiter widerspiegeln.\u201c<\/em> Es sollte stattdessen ein pensionswirksamer Gehaltsbestandteil sein.<\/p>\n\n\n\n<p><a href=\"https:\/\/orf.at\/stories\/3265263\/\">Pflegereform: Gro\u00dfteils Lob f\u00fcr ersten Schritt<\/a><br \/>Einige Demonstrierende sahen den Zeitpunkt des von der Regierung bekannt gegebenen Ma\u00dfnahmenpaketes alles andere als zuf\u00e4llig. Es sei \u201eein Zuckerl\u201c, und ein Versuch, den Demonstrierenden \u201edas Thema auszustechen\u201c.<\/p>\n\n\n\n<p><a href=\"https:\/\/wien.orf.at\/stories\/3156044\/\">Der komplette Artikel<\/a><\/p>\n","protected":false},"excerpt":{"rendered":"<p>Text: wien.orf.atAnl\u00e4sslich des \u201eTages der Pflege\u201c haben allein in Wien laut Veranstalter rund 10.000 Menschen an einer Demonstration teilgenommen. Wohl nicht zuf\u00e4llig wurde von der Regierung zeitgleich ein erster Schritt der Pflegereform beschlossen. Die \u201eOffensive Gesundheit\u201c, die zur Demo in Wien eingeladen hatte, ist ein Zusammenschluss der Gewerkschaften vida, G\u00d6D, gpa, younion, der Wiener \u00c4rztekammer,&#8230; <a href=\"https:\/\/bmin.info\/WP\/2022\/05\/12\/10-000-teilnehmende-bei-pflege-demo\/\" class=\"more-link\">Continue reading <span class=\"screen-reader-text\">10.000 Teilnehmende bei Pflege-Demo<\/span><\/a><\/p>\n","protected":false},"author":3,"featured_media":0,"comment_status":"closed","ping_status":"closed","sticky":false,"template":"","format":"standard","meta":{"footnotes":""},"categories":[3],"tags":[],"class_list":["post-10725","post","type-post","status-publish","format-standard","hentry","category-info"],"_links":{"self":[{"href":"https:\/\/bmin.info\/WP\/wp-json\/wp\/v2\/posts\/10725","targetHints":{"allow":["GET"]}}],"collection":[{"href":"https:\/\/bmin.info\/WP\/wp-json\/wp\/v2\/posts"}],"about":[{"href":"https:\/\/bmin.info\/WP\/wp-json\/wp\/v2\/types\/post"}],"author":[{"embeddable":true,"href":"https:\/\/bmin.info\/WP\/wp-json\/wp\/v2\/users\/3"}],"replies":[{"embeddable":true,"href":"https:\/\/bmin.info\/WP\/wp-json\/wp\/v2\/comments?post=10725"}],"version-history":[{"count":4,"href":"https:\/\/bmin.info\/WP\/wp-json\/wp\/v2\/posts\/10725\/revisions"}],"predecessor-version":[{"id":10736,"href":"https:\/\/bmin.info\/WP\/wp-json\/wp\/v2\/posts\/10725\/revisions\/10736"}],"wp:attachment":[{"href":"https:\/\/bmin.info\/WP\/wp-json\/wp\/v2\/media?parent=10725"}],"wp:term":[{"taxonomy":"category","embeddable":true,"href":"https:\/\/bmin.info\/WP\/wp-json\/wp\/v2\/categories?post=10725"},{"taxonomy":"post_tag","embeddable":true,"href":"https:\/\/bmin.info\/WP\/wp-json\/wp\/v2\/tags?post=10725"}],"curies":[{"name":"wp","href":"https:\/\/api.w.org\/{rel}","templated":true}]}}