{"id":10730,"date":"2022-05-14T01:10:00","date_gmt":"2022-05-14T00:10:00","guid":{"rendered":"https:\/\/bmin.info\/WP\/?p=10730"},"modified":"2022-05-19T22:39:14","modified_gmt":"2022-05-19T21:39:14","slug":"laender-erhalten-mehr-spielraum-bei-gewaehrung-von-sozialhilfe","status":"publish","type":"post","link":"https:\/\/bmin.info\/WP\/2022\/05\/14\/laender-erhalten-mehr-spielraum-bei-gewaehrung-von-sozialhilfe\/","title":{"rendered":"L\u00e4nder erhalten mehr Spielraum bei Gew\u00e4hrung von Sozialhilfe"},"content":{"rendered":"\n<p>Parlamentskorrespondenz Nr. 495 vom 12.05.2022<br \/><strong><em>Novelle zum Sozialhilfe-Grundsatzgesetz erhielt im Sozialausschuss Zustimmung von \u00d6VP, Gr\u00fcnen und NEOS<\/em><\/strong><em>\u00a0<\/em><br \/>Wien (PK) \u2013 Der <a href=\"https:\/\/www.parlament.gv.at\/PAKT\/VHG\/XXVII\/A-AS\/A-AS_00001_00883\/TO_06416824.html\">Sozialausschuss des Nationalrats<\/a> hat am 12.05.2022 den Weg f\u00fcr eine erst vor kurzem von den Koalitionsparteien vorgelegte Novelle zum Sozialhilfe-Grundsatzgesetz geebnet. Demnach soll etwa eine neue H\u00e4rtefallklausel f\u00fcr mehr Flexibilit\u00e4t sorgen. Auch bei betreuten Wohnformen und bei der Anrechnung des 13. und 14. Monatsgehalts f\u00fcr Niedrigverdiener:innen wird es k\u00fcnftig eine gewisse Gestaltungsfreiheit geben. An den Eckpfeilern des Grundsatzgesetzes wird mit der Novelle allerdings nicht ger\u00fcttelt, so bleibt etwa weiterhin ein bundesweiter Maximalbetrag vorgeschrieben.<\/p>\n\n\n\n<p>Der Beschluss erfolgte mit Zustimmung von \u00d6VP, Gr\u00fcnen und NEOS. Das Sozialhilfe-Grundsatzgesetz habe einige unbeabsichtigte H\u00e4rten gebracht, diese w\u00fcrden nun zu einem guten Teil behoben, hielt Gr\u00fcnen-Sozialsprecher Markus Koza fest.&nbsp;<\/p>\n\n\n\n<p>Kaum tats\u00e4chliche Verbesserungen sieht hingegen die SP\u00d6: Es liege in fast allen Punkten im Ermessen der L\u00e4nder, ob sie den Spielraum nutzten, gaben die Abgeordneten Verena Nu\u00dfbaum und Gabriele Heinisch-Hosek zu bedenken. &#8222;Uns ist das zu wenig&#8220;, stellte Heinisch-Hosek unmissverst\u00e4ndlich fest.<\/p>\n\n\n\n<p>F\u00fcr die FP\u00d6 geht die Gesetzesnovelle, abseits der Verbesserungen f\u00fcr Menschen mit Behinderungen, hingegen \u00fcberhaupt in die falsche Richtung, wie Abgeordneter Wurm betonte.<\/p>\n\n\n\n<p><a href=\"https:\/\/www.parlament.gv.at\/PAKT\/PR\/JAHR_2022\/PK0495\/index.shtml#\">Die komplette Parlamentskorrespondenz<\/a> zum Thema<\/p>\n","protected":false},"excerpt":{"rendered":"<p>Parlamentskorrespondenz Nr. 495 vom 12.05.2022Novelle zum Sozialhilfe-Grundsatzgesetz erhielt im Sozialausschuss Zustimmung von \u00d6VP, Gr\u00fcnen und NEOS\u00a0Wien (PK) \u2013 Der Sozialausschuss des Nationalrats hat am 12.05.2022 den Weg f\u00fcr eine erst vor kurzem von den Koalitionsparteien vorgelegte Novelle zum Sozialhilfe-Grundsatzgesetz geebnet. Demnach soll etwa eine neue H\u00e4rtefallklausel f\u00fcr mehr Flexibilit\u00e4t sorgen. Auch bei betreuten Wohnformen und&#8230; <a href=\"https:\/\/bmin.info\/WP\/2022\/05\/14\/laender-erhalten-mehr-spielraum-bei-gewaehrung-von-sozialhilfe\/\" class=\"more-link\">Continue reading <span class=\"screen-reader-text\">L\u00e4nder erhalten mehr Spielraum bei Gew\u00e4hrung von Sozialhilfe<\/span><\/a><\/p>\n","protected":false},"author":3,"featured_media":0,"comment_status":"closed","ping_status":"closed","sticky":false,"template":"","format":"standard","meta":{"footnotes":""},"categories":[3],"tags":[],"class_list":["post-10730","post","type-post","status-publish","format-standard","hentry","category-info"],"_links":{"self":[{"href":"https:\/\/bmin.info\/WP\/wp-json\/wp\/v2\/posts\/10730","targetHints":{"allow":["GET"]}}],"collection":[{"href":"https:\/\/bmin.info\/WP\/wp-json\/wp\/v2\/posts"}],"about":[{"href":"https:\/\/bmin.info\/WP\/wp-json\/wp\/v2\/types\/post"}],"author":[{"embeddable":true,"href":"https:\/\/bmin.info\/WP\/wp-json\/wp\/v2\/users\/3"}],"replies":[{"embeddable":true,"href":"https:\/\/bmin.info\/WP\/wp-json\/wp\/v2\/comments?post=10730"}],"version-history":[{"count":4,"href":"https:\/\/bmin.info\/WP\/wp-json\/wp\/v2\/posts\/10730\/revisions"}],"predecessor-version":[{"id":10775,"href":"https:\/\/bmin.info\/WP\/wp-json\/wp\/v2\/posts\/10730\/revisions\/10775"}],"wp:attachment":[{"href":"https:\/\/bmin.info\/WP\/wp-json\/wp\/v2\/media?parent=10730"}],"wp:term":[{"taxonomy":"category","embeddable":true,"href":"https:\/\/bmin.info\/WP\/wp-json\/wp\/v2\/categories?post=10730"},{"taxonomy":"post_tag","embeddable":true,"href":"https:\/\/bmin.info\/WP\/wp-json\/wp\/v2\/tags?post=10730"}],"curies":[{"name":"wp","href":"https:\/\/api.w.org\/{rel}","templated":true}]}}