{"id":10759,"date":"2022-05-20T17:01:39","date_gmt":"2022-05-20T16:01:39","guid":{"rendered":"https:\/\/bmin.info\/WP\/?p=10759"},"modified":"2022-05-22T17:41:19","modified_gmt":"2022-05-22T16:41:19","slug":"statement-von-stadtrat-peter-hacker-zur-pflegereform","status":"publish","type":"post","link":"https:\/\/bmin.info\/WP\/2022\/05\/20\/statement-von-stadtrat-peter-hacker-zur-pflegereform\/","title":{"rendered":"Statement von Stadtrat Peter Hacker zur Pflegereform"},"content":{"rendered":"\n<p>Text: BMIN<br \/>BMIN hat Peter Hacker &#8211; Amtsf\u00fchrender Stadtrat von Wien f\u00fcr Soziales, Gesundheit und Sport &#8211; um eine Stellungnahme zur Pflegereform ersucht.<\/p>\n\n\n\n<div class=\"wp-block-group\"><div class=\"wp-block-group__inner-container is-layout-flow wp-block-group-is-layout-flow\">\n<p>Hier sein Statement:<br \/><em>\u201eIch habe die Pl\u00e4ne der Regierung begr\u00fc\u00dft, weil sich nach Jahren des Stillstands endlich etwas bewegt \u2013 vor allem in der Ausbildung, bei der Frage, was d\u00fcrfen Pflegekr\u00e4fte tun, und bei der Anerkennung von Ausbildungen aus dem Ausland.<\/em><\/p>\n<\/div><\/div>\n\n\n\n<div class=\"wp-block-image\"><figure class=\"alignright size-full is-resized\"><a href=\"https:\/\/bmin.info\/WP\/wp-content\/uploads\/2021\/01\/Peter-Hacker.jpg\"><img loading=\"lazy\" decoding=\"async\" src=\"https:\/\/bmin.info\/WP\/wp-content\/uploads\/2021\/01\/Peter-Hacker.jpg\" alt=\"\" class=\"wp-image-8399\" width=\"192\" height=\"192\" srcset=\"https:\/\/bmin.info\/WP\/wp-content\/uploads\/2021\/01\/Peter-Hacker.jpg 766w, https:\/\/bmin.info\/WP\/wp-content\/uploads\/2021\/01\/Peter-Hacker-300x300.jpg 300w, https:\/\/bmin.info\/WP\/wp-content\/uploads\/2021\/01\/Peter-Hacker-150x150.jpg 150w, https:\/\/bmin.info\/WP\/wp-content\/uploads\/2021\/01\/Peter-Hacker-144x144.jpg 144w\" sizes=\"auto, (max-width: 192px) 100vw, 192px\" \/><\/a><\/figure><\/div>\n\n\n\n<p><em>Es ist klar, dass das noch keine fertige Pflegereform ist, dass da noch einiges mehr passieren muss \u2013 auch und gerade im Bereich der Menschen mit Behinderung. Da braucht es ein eigenes Paket, weil Menschen mit Behinderung oft andere Bed\u00fcrfnisse haben als Menschen, die Pflege brauchen. Ich habe das dem Gesundheitsminister auch so gesagt und bin zuversichtlich, dass wir bei den n\u00e4chsten Schritten auch in diesem Bereich Verbesserungen schaffen werden.\u201c<\/em><\/p>\n\n\n\n<p><strong>Anm.<\/strong>: Was die Pers\u00f6nliche Assistenz betrifft, braucht es unserer Ansicht nach eine bundesweite L\u00f6sung. Dar\u00fcber wird Stadtrat <a href=\"https:\/\/www.wien.gv.at\/kontakte\/stadtregierung\/peter-hacker.html\">Peter Hacker<\/a> auch mit Gesundheitsminister <a href=\"https:\/\/www.parlament.gv.at\/WWER\/PAD_21029\/index.shtml\">Johannes Rauch<\/a> reden.&nbsp;<\/p>\n\n\n\n<p>Vor 10 Jahren war die Behindertenbewegung bzgl. bundesweiter L\u00f6sung zur Pers\u00f6nlichen Assistenz (PA) schon weiter, denn es gab bereits eine diesbez\u00fcgliche Arbeitsgruppe im Sozialministerium, <strong>jedoch ohne Betroffene<\/strong>. Deshalb fand am 30. Mai 2012 eine <a href=\"https:\/\/www.bizeps.or.at\/protestaktion-von-bmin-vor-dem-sozialministerium\/\">Protestaktion von BMIN vor dem Sozialministerium<\/a> statt. Der verstorbene Liedermacher <a href=\"https:\/\/bmin.info\/WP\/aktivistinnen\/sigi-maron\/\">Sigi Maron<\/a>, aber auch <a href=\"https:\/\/bmin.info\/WP\/aktivistinnen\/manfred-srb\/\">Manfred Srb<\/a>, der nicht leider mehr unter uns weilt, <a href=\"https:\/\/bmin.info\/WP\/aktivistinnen\/pepo-meia\/\">Pepo Meia<\/a>, <a href=\"https:\/\/bmin.info\/WP\/aktivistinnen\/gertrude-sladek\/\">Gerti Sladek<\/a>, aber auch <a href=\"http:\/\/www.freak-online.at\/verein\/team\/?tx_wecstaffdirectory_pi1%5Bcurstaff%5D=5\">Katharina Zabranksy<\/a> (Freak-Radio) um nur einige zu nennen, waren bei dieser erfolgreichen Aktion vor Ort. <br \/>Insider haben uns berichtet, dass beim geplanten Pilotprojekt f\u00fcr eine bundesweite L\u00f6sung zur Pers\u00f6nlichen Assistenz (PA), das Bundesland Wien nicht miteinbezogen wurde (es blieb bei der Planung). PA am Arbeitsplatz (PAA) bezahlt der Bund.<\/p>\n\n\n\n<p>Viele PGE-PA-Bezieher:innen bef\u00fcrchten jedoch ein Verschlechterung ihrer Lebenssituationen, da Wien mit der <strong>P<\/strong>flege<strong>G<\/strong>eld<strong>E<\/strong>rg\u00e4nzungsleistung noch immer eines der besten Modelle in \u00d6sterreich hat.<\/p>\n","protected":false},"excerpt":{"rendered":"<p>Text: BMINBMIN hat Peter Hacker &#8211; Amtsf\u00fchrender Stadtrat von Wien f\u00fcr Soziales, Gesundheit und Sport &#8211; um eine Stellungnahme zur Pflegereform ersucht. Hier sein Statement:\u201eIch habe die Pl\u00e4ne der Regierung begr\u00fc\u00dft, weil sich nach Jahren des Stillstands endlich etwas bewegt \u2013 vor allem in der Ausbildung, bei der Frage, was d\u00fcrfen Pflegekr\u00e4fte tun, und bei&#8230; <a href=\"https:\/\/bmin.info\/WP\/2022\/05\/20\/statement-von-stadtrat-peter-hacker-zur-pflegereform\/\" class=\"more-link\">Continue reading <span class=\"screen-reader-text\">Statement von Stadtrat Peter Hacker zur Pflegereform<\/span><\/a><\/p>\n","protected":false},"author":3,"featured_media":0,"comment_status":"closed","ping_status":"closed","sticky":false,"template":"","format":"standard","meta":{"footnotes":""},"categories":[3],"tags":[],"class_list":["post-10759","post","type-post","status-publish","format-standard","hentry","category-info"],"_links":{"self":[{"href":"https:\/\/bmin.info\/WP\/wp-json\/wp\/v2\/posts\/10759","targetHints":{"allow":["GET"]}}],"collection":[{"href":"https:\/\/bmin.info\/WP\/wp-json\/wp\/v2\/posts"}],"about":[{"href":"https:\/\/bmin.info\/WP\/wp-json\/wp\/v2\/types\/post"}],"author":[{"embeddable":true,"href":"https:\/\/bmin.info\/WP\/wp-json\/wp\/v2\/users\/3"}],"replies":[{"embeddable":true,"href":"https:\/\/bmin.info\/WP\/wp-json\/wp\/v2\/comments?post=10759"}],"version-history":[{"count":20,"href":"https:\/\/bmin.info\/WP\/wp-json\/wp\/v2\/posts\/10759\/revisions"}],"predecessor-version":[{"id":10828,"href":"https:\/\/bmin.info\/WP\/wp-json\/wp\/v2\/posts\/10759\/revisions\/10828"}],"wp:attachment":[{"href":"https:\/\/bmin.info\/WP\/wp-json\/wp\/v2\/media?parent=10759"}],"wp:term":[{"taxonomy":"category","embeddable":true,"href":"https:\/\/bmin.info\/WP\/wp-json\/wp\/v2\/categories?post=10759"},{"taxonomy":"post_tag","embeddable":true,"href":"https:\/\/bmin.info\/WP\/wp-json\/wp\/v2\/tags?post=10759"}],"curies":[{"name":"wp","href":"https:\/\/api.w.org\/{rel}","templated":true}]}}