{"id":10805,"date":"2022-05-25T07:50:01","date_gmt":"2022-05-25T06:50:01","guid":{"rendered":"https:\/\/bmin.info\/WP\/?p=10805"},"modified":"2022-05-28T08:11:12","modified_gmt":"2022-05-28T07:11:12","slug":"wiener-baeder-serviceleistungen-reduziert","status":"publish","type":"post","link":"https:\/\/bmin.info\/WP\/2022\/05\/25\/wiener-baeder-serviceleistungen-reduziert\/","title":{"rendered":"Wiener B\u00e4der: Serviceleistungen reduziert"},"content":{"rendered":"\n<p>Text: Pepo Meia, David Herrmann<br \/><strong>Auch Menschen mit Behinderung beschweren sich \u00fcber verk\u00fcrzte \u00d6ffnungszeiten und eingeschr\u00e4nktes Angebot.<br \/><\/strong>Schwimmen hat f\u00fcr Menschen mit Behinderung einen hohen Stellenwert. Die Schwerelosigkeit im Wasser st\u00e4rkt die Beweglichkeit der Gelenke, Kreislauf und Atmung werden angeregt und erm\u00f6glicht Bewegungen ohne Hilfsmittel. Auch schwerstbehinderte Menschen k\u00f6nnen mit \u00dcbung ohne fremde Hilfe im Wasser gleiten ohne unterzugehen.&nbsp;<br \/>Neben dem k\u00f6rperlichen&nbsp;Aspekt ver\u00e4ndert Schwimmen auch das geistig- seelische. Durch die Bewegung werden Gedanken geordnet, das Denken vielf\u00e4ltiger und fantasievoller. Auch f\u00fcr behinderte Menschen wirkt sich somit Schwimmen ganzheitlich positiv auf K\u00f6rper, Seele und Geist aus.<\/p>\n\n\n<div class=\"wp-block-image\">\n<figure class=\"aligncenter size-large\"><a href=\"https:\/\/bmin.info\/WP\/wp-content\/uploads\/2022\/05\/Hallenbad-Simmering.jpg\"><img loading=\"lazy\" decoding=\"async\" width=\"1024\" height=\"488\" src=\"https:\/\/bmin.info\/WP\/wp-content\/uploads\/2022\/05\/Hallenbad-Simmering-1024x488.jpg\" alt=\"\" class=\"wp-image-10832\" srcset=\"https:\/\/bmin.info\/WP\/wp-content\/uploads\/2022\/05\/Hallenbad-Simmering-1024x488.jpg 1024w, https:\/\/bmin.info\/WP\/wp-content\/uploads\/2022\/05\/Hallenbad-Simmering-300x143.jpg 300w, https:\/\/bmin.info\/WP\/wp-content\/uploads\/2022\/05\/Hallenbad-Simmering-768x366.jpg 768w, https:\/\/bmin.info\/WP\/wp-content\/uploads\/2022\/05\/Hallenbad-Simmering-144x69.jpg 144w, https:\/\/bmin.info\/WP\/wp-content\/uploads\/2022\/05\/Hallenbad-Simmering.jpg 1275w\" sizes=\"auto, (max-width: 1024px) 100vw, 1024px\" \/><\/a><\/figure>\n<\/div>\n\n\n<p>Leider sind die Wiener B\u00e4der nicht so barrierefrei, wie viele behinderte Mitb\u00fcrger sich das w\u00fcnschen w\u00fcrden. Es wurden einige Verbesserungen vorgenommen, jedoch viel zu wenige. Es w\u00e4re mehr m\u00f6glich.<\/p>\n\n\n<div class=\"wp-block-image\">\n<figure class=\"aligncenter size-large\"><a href=\"https:\/\/bmin.info\/WP\/wp-content\/uploads\/2022\/05\/HB-Hu\u0308tteld.jpg\"><img loading=\"lazy\" decoding=\"async\" width=\"1024\" height=\"576\" src=\"https:\/\/bmin.info\/WP\/wp-content\/uploads\/2022\/05\/HB-Hu\u0308tteld-1024x576.jpg\" alt=\"\" class=\"wp-image-10834\" srcset=\"https:\/\/bmin.info\/WP\/wp-content\/uploads\/2022\/05\/HB-Hu\u0308tteld-1024x576.jpg 1024w, https:\/\/bmin.info\/WP\/wp-content\/uploads\/2022\/05\/HB-Hu\u0308tteld-300x169.jpg 300w, https:\/\/bmin.info\/WP\/wp-content\/uploads\/2022\/05\/HB-Hu\u0308tteld-768x432.jpg 768w, https:\/\/bmin.info\/WP\/wp-content\/uploads\/2022\/05\/HB-Hu\u0308tteld-144x81.jpg 144w, https:\/\/bmin.info\/WP\/wp-content\/uploads\/2022\/05\/HB-Hu\u0308tteld.jpg 1280w\" sizes=\"auto, (max-width: 1024px) 100vw, 1024px\" \/><\/a><\/figure>\n<\/div>\n\n\n<p><strong>Verk\u00fcrze \u00d6ffnungszeiten<\/strong><br \/>Die \u00d6ffnungszeiten der Wiener Hallenb\u00e4der sind seit Beginn der Corona-Pandemie radikal eingeschr\u00e4nkt worden. Lediglich ein Wochentag und Samstag\/Sonntag sind die B\u00e4der ganzt\u00e4gig ge\u00f6ffnet. Zudem ist ein Ruhetag verordnet.&nbsp;<\/p>\n\n\n\n<p>Es gibt zwar von 6:45 bis 7:50 das Angebot \u201eFr\u00fchschwimmen\u201c &#8211; dies ersetzt jedoch nicht die Vormittags\u00f6ffnungszeiten. In manchen Hallenb\u00e4dern wird in den Sommermonaten die Wassertemperatur um ein Grad reduziert. Diese Sparma\u00dfnahme ist speziell f\u00fcr sensible Badeg\u00e4ste \u201eabschreckend\u201c. <br \/>Trotz verk\u00fcrzter \u00d6ffnungszeiten, weniger&nbsp;Warmbadetage und Reduzierung der Wassertemperatur in einigen B\u00e4dern,&nbsp;wurden die Eintrittspreise wieder erh\u00f6ht. Die Aufzahlung des Warmbadetages wurde ebenfalls erh\u00f6ht. Bei einer Reduzierung des Angebotes ist eine Erh\u00f6hung der Eintrittspreise nicht fair. Schwimmen ist mehr als nur eine Freizeitgestaltung.<\/p>\n\n\n\n<p><strong>G\u00e4nseh\u00e4ufel mit \u00d6ffis in diesem Sommer nicht gut erreichbar<\/strong><br \/>Schon 2014 berichtete BMIN in einem Artikel \u00fcber das beliebte <a href=\"https:\/\/www.bmin.info\/N-Archiv\/BMIN.achrichten\/Nachrichten\/Eintrage\/2014\/5\/25_Strandbad_Gansehaufel__Mit_dem_Rolli_ab_ins_Wasser.html\">Strandbad G\u00e4nseh\u00e4ufel: Mit dem Rolli ab ins Bad<\/a>.<\/p>\n\n\n<div class=\"wp-block-image\">\n<figure class=\"aligncenter size-large\"><a href=\"https:\/\/bmin.info\/WP\/wp-content\/uploads\/2022\/05\/Gaenseh.jpg\"><img loading=\"lazy\" decoding=\"async\" width=\"1024\" height=\"576\" src=\"https:\/\/bmin.info\/WP\/wp-content\/uploads\/2022\/05\/Gaenseh-1024x576.jpg\" alt=\"\" class=\"wp-image-10836\" srcset=\"https:\/\/bmin.info\/WP\/wp-content\/uploads\/2022\/05\/Gaenseh-1024x576.jpg 1024w, https:\/\/bmin.info\/WP\/wp-content\/uploads\/2022\/05\/Gaenseh-300x169.jpg 300w, https:\/\/bmin.info\/WP\/wp-content\/uploads\/2022\/05\/Gaenseh-768x432.jpg 768w, https:\/\/bmin.info\/WP\/wp-content\/uploads\/2022\/05\/Gaenseh-144x81.jpg 144w, https:\/\/bmin.info\/WP\/wp-content\/uploads\/2022\/05\/Gaenseh.jpg 1280w\" sizes=\"auto, (max-width: 1024px) 100vw, 1024px\" \/><\/a><\/figure>\n<\/div>\n\n\n<p>Durch die <a href=\"https:\/\/www.wien.gv.at\/presse\/2022\/04\/13\/wiener-linien-modernisieren-u1-station-kaisermuehlen\">Umbauarbeiten der Wiener Linien bei der U1 Station Kaiserm\u00fchlen VIC<\/a>, ist das G\u00e4nseh\u00e4ufel mit den \u00d6ffis allerdings nicht mehr optimal erreichbar. Auch f\u00fcr Menschen mit Behinderungen ist dies \u00e4rgerlich, da die Bus-Linie 92A und 92B der <a href=\"https:\/\/www.wienerlinien.at\/eportal3\/ep\/programView.do?programId=4402136\">Wiener Linien<\/a> zwar direkt von der Station Kaiserm\u00fchlen wegf\u00e4hrt jedoch nicht direkt zum G\u00e4nseh\u00e4ufel &#8211; sondern zur Station Sch\u00fcttauplatz (Fu\u00dfweg zum Bad ca. 9 Minuten) &#8211; Der Shuttledienst der Wiener B\u00e4der direkt zum Bad wurde 2020 pandemiebedingt eingestellt. Somit ist die \u00d6ffiverbindung nicht mehr vorhanden.<\/p>\n\n\n<div class=\"wp-block-image\">\n<figure class=\"aligncenter size-full\"><a href=\"https:\/\/bmin.info\/WP\/wp-content\/uploads\/2022\/05\/Faxi.jpg\"><img loading=\"lazy\" decoding=\"async\" width=\"1024\" height=\"576\" src=\"https:\/\/bmin.info\/WP\/wp-content\/uploads\/2022\/05\/Faxi.jpg\" alt=\"\" class=\"wp-image-10838\" srcset=\"https:\/\/bmin.info\/WP\/wp-content\/uploads\/2022\/05\/Faxi.jpg 1024w, https:\/\/bmin.info\/WP\/wp-content\/uploads\/2022\/05\/Faxi-300x169.jpg 300w, https:\/\/bmin.info\/WP\/wp-content\/uploads\/2022\/05\/Faxi-768x432.jpg 768w, https:\/\/bmin.info\/WP\/wp-content\/uploads\/2022\/05\/Faxi-144x81.jpg 144w\" sizes=\"auto, (max-width: 1024px) 100vw, 1024px\" \/><\/a><figcaption><em>Foto: Faxi<\/em><\/figcaption><\/figure>\n<\/div>\n\n\n<p>Die Betreiber des <a href=\"https:\/\/www.faxi.at\/barrierefrei\/\">Fahrradtaxi-Service<\/a> (7 Euro) haben letztes Jahr das Angebot erweitert, sodass erstmals eine Person im Rollstuhl vom G\u00e4nseh\u00e4ufel zur U-Bahn mitfahren konnte.<br \/>Niels Niedermaier und sein Kollege Houman Bozorgipou haben in den letzten beiden Jahren an mehr als 60 Tagen im Jahr &#8211; einen Verkehr mit dem &#8222;Faxi&#8220; von und zum G\u00e4nseh\u00e4ufel organisiert. Doch die <a href=\"https:\/\/www.wien.gv.at\/kontakte\/ma44\/index.html\">MA 44<\/a> (Wiener B\u00e4der) ist zur Zeit nicht an einer gratis Bef\u00f6rderung mit Fahrradtaxis als Ersatz f\u00fcr den Shuttle-Bus interessiert.<\/p>\n","protected":false},"excerpt":{"rendered":"<p>Text: Pepo Meia, David HerrmannAuch Menschen mit Behinderung beschweren sich \u00fcber verk\u00fcrzte \u00d6ffnungszeiten und eingeschr\u00e4nktes Angebot.Schwimmen hat f\u00fcr Menschen mit Behinderung einen hohen Stellenwert. Die Schwerelosigkeit im Wasser st\u00e4rkt die Beweglichkeit der Gelenke, Kreislauf und Atmung werden angeregt und erm\u00f6glicht Bewegungen ohne Hilfsmittel. Auch schwerstbehinderte Menschen k\u00f6nnen mit \u00dcbung ohne fremde Hilfe im Wasser gleiten&#8230; <a href=\"https:\/\/bmin.info\/WP\/2022\/05\/25\/wiener-baeder-serviceleistungen-reduziert\/\" class=\"more-link\">Continue reading <span class=\"screen-reader-text\">Wiener B\u00e4der: Serviceleistungen reduziert<\/span><\/a><\/p>\n","protected":false},"author":3,"featured_media":0,"comment_status":"closed","ping_status":"closed","sticky":false,"template":"","format":"standard","meta":{"footnotes":""},"categories":[3],"tags":[],"class_list":["post-10805","post","type-post","status-publish","format-standard","hentry","category-info"],"_links":{"self":[{"href":"https:\/\/bmin.info\/WP\/wp-json\/wp\/v2\/posts\/10805","targetHints":{"allow":["GET"]}}],"collection":[{"href":"https:\/\/bmin.info\/WP\/wp-json\/wp\/v2\/posts"}],"about":[{"href":"https:\/\/bmin.info\/WP\/wp-json\/wp\/v2\/types\/post"}],"author":[{"embeddable":true,"href":"https:\/\/bmin.info\/WP\/wp-json\/wp\/v2\/users\/3"}],"replies":[{"embeddable":true,"href":"https:\/\/bmin.info\/WP\/wp-json\/wp\/v2\/comments?post=10805"}],"version-history":[{"count":17,"href":"https:\/\/bmin.info\/WP\/wp-json\/wp\/v2\/posts\/10805\/revisions"}],"predecessor-version":[{"id":10879,"href":"https:\/\/bmin.info\/WP\/wp-json\/wp\/v2\/posts\/10805\/revisions\/10879"}],"wp:attachment":[{"href":"https:\/\/bmin.info\/WP\/wp-json\/wp\/v2\/media?parent=10805"}],"wp:term":[{"taxonomy":"category","embeddable":true,"href":"https:\/\/bmin.info\/WP\/wp-json\/wp\/v2\/categories?post=10805"},{"taxonomy":"post_tag","embeddable":true,"href":"https:\/\/bmin.info\/WP\/wp-json\/wp\/v2\/tags?post=10805"}],"curies":[{"name":"wp","href":"https:\/\/api.w.org\/{rel}","templated":true}]}}