{"id":10830,"date":"2022-05-26T07:59:49","date_gmt":"2022-05-26T06:59:49","guid":{"rendered":"https:\/\/bmin.info\/WP\/?p=10830"},"modified":"2022-05-27T07:22:47","modified_gmt":"2022-05-27T06:22:47","slug":"gruene-doebling-parteilokal-eroeffnet","status":"publish","type":"post","link":"https:\/\/bmin.info\/WP\/2022\/05\/26\/gruene-doebling-parteilokal-eroeffnet\/","title":{"rendered":"Gr\u00fcne D\u00f6bling: Parteilokal er\u00f6ffnet"},"content":{"rendered":"\n<p>Text: Pepo Meia, Niels Cimpa<br \/><strong>Klein aber fein<\/strong><br \/>Am 25. Mai 2022 fand die offizielle Er\u00f6ffnung des neuen barrierefrei zug\u00e4nglichen Parteilokals der <a href=\"https:\/\/doebling.gruene.at\/team\/\">D\u00f6blinger Gr\u00fcnen<\/a> statt.<\/p>\n\n\n\n<p>Der Umbau des Vereinslokals begann bereits unter dem ehemaligen Klubobmann <a href=\"https:\/\/www.meinbezirk.at\/doebling\/c-lokales\/hieber-gegen-tiller-heftiger-politstreit-in-doebling_a2509734\">Heinz Hieber<\/a>. Anfang dieses Jahres wurde der Umbau unter dem neuen Klubobmann <a href=\"https:\/\/www.ots.at\/presseaussendung\/OTS_20211209_OTS0164\/generationenwechsel-an-der-spitze-der-gruenen-doebling-peter-kristoefel-neuer-klubobmann\">Peter Krist\u00f6fel<\/a> abgeschlossen. Nun erfolgte endlich die offizielle Er\u00f6ffnung.\u00a0<\/p>\n\n\n<div class=\"wp-block-image\">\n<figure class=\"aligncenter size-large is-resized\"><a href=\"https:\/\/bmin.info\/WP\/wp-content\/uploads\/2022\/05\/gruendoebl1.jpg\"><img loading=\"lazy\" decoding=\"async\" src=\"https:\/\/bmin.info\/WP\/wp-content\/uploads\/2022\/05\/gruendoebl1-1024x576.jpg\" alt=\"\" class=\"wp-image-10849\" width=\"768\" height=\"432\" srcset=\"https:\/\/bmin.info\/WP\/wp-content\/uploads\/2022\/05\/gruendoebl1-1024x576.jpg 1024w, https:\/\/bmin.info\/WP\/wp-content\/uploads\/2022\/05\/gruendoebl1-300x169.jpg 300w, https:\/\/bmin.info\/WP\/wp-content\/uploads\/2022\/05\/gruendoebl1-768x432.jpg 768w, https:\/\/bmin.info\/WP\/wp-content\/uploads\/2022\/05\/gruendoebl1-144x81.jpg 144w, https:\/\/bmin.info\/WP\/wp-content\/uploads\/2022\/05\/gruendoebl1.jpg 1280w\" sizes=\"auto, (max-width: 768px) 100vw, 768px\" \/><\/a><\/figure>\n<\/div>\n\n\n<p>Das neue Parteilokal <em>&#8222;GR\u00dcNRAUM 19&#8220;<\/em> in der Billrothstra\u00dfe 42 liegt zwischen den beiden umgebauten Parteilokalen von \u00d6VP und SP\u00d6.&nbsp;<\/p>\n\n\n\n<p>Anzumerken ist, dass das kleine Behinderten-WC mit Haltegriffen und unterfahrbarer Waschgelegenheit ausgestattet ist, jedoch ist die Waschmuschel zu gro\u00df geraten (Wendekreis &#8211; Rollstuhl). Die Armaturen sind unserer Meinung nach auch nicht optimal (nicht bedienungsfreundlich &#8211; siehe Fotos unten).<\/p>\n\n\n\n<figure class=\"wp-block-gallery has-nested-images columns-default is-cropped wp-block-gallery-1 is-layout-flex wp-block-gallery-is-layout-flex\">\n<figure class=\"wp-block-image size-large\"><a href=\"https:\/\/bmin.info\/WP\/wp-content\/uploads\/2022\/05\/gruendoebl6-1.jpg\"><img loading=\"lazy\" decoding=\"async\" width=\"990\" height=\"660\" data-id=\"10867\" src=\"https:\/\/bmin.info\/WP\/wp-content\/uploads\/2022\/05\/gruendoebl6-1.jpg\" alt=\"\" class=\"wp-image-10867\" srcset=\"https:\/\/bmin.info\/WP\/wp-content\/uploads\/2022\/05\/gruendoebl6-1.jpg 990w, https:\/\/bmin.info\/WP\/wp-content\/uploads\/2022\/05\/gruendoebl6-1-300x200.jpg 300w, https:\/\/bmin.info\/WP\/wp-content\/uploads\/2022\/05\/gruendoebl6-1-768x512.jpg 768w, https:\/\/bmin.info\/WP\/wp-content\/uploads\/2022\/05\/gruendoebl6-1-144x96.jpg 144w\" sizes=\"auto, (max-width: 990px) 100vw, 990px\" \/><\/a><\/figure>\n\n\n\n<figure class=\"wp-block-image size-large\"><a href=\"https:\/\/bmin.info\/WP\/wp-content\/uploads\/2022\/05\/gruendoebl4-1.jpg\"><img loading=\"lazy\" decoding=\"async\" width=\"1024\" height=\"683\" data-id=\"10868\" src=\"https:\/\/bmin.info\/WP\/wp-content\/uploads\/2022\/05\/gruendoebl4-1-1024x683.jpg\" alt=\"\" class=\"wp-image-10868\" srcset=\"https:\/\/bmin.info\/WP\/wp-content\/uploads\/2022\/05\/gruendoebl4-1-1024x683.jpg 1024w, https:\/\/bmin.info\/WP\/wp-content\/uploads\/2022\/05\/gruendoebl4-1-300x200.jpg 300w, https:\/\/bmin.info\/WP\/wp-content\/uploads\/2022\/05\/gruendoebl4-1-768x512.jpg 768w, https:\/\/bmin.info\/WP\/wp-content\/uploads\/2022\/05\/gruendoebl4-1-144x96.jpg 144w, https:\/\/bmin.info\/WP\/wp-content\/uploads\/2022\/05\/gruendoebl4-1.jpg 1279w\" sizes=\"auto, (max-width: 1024px) 100vw, 1024px\" \/><\/a><\/figure>\n<\/figure>\n","protected":false},"excerpt":{"rendered":"<p>Text: Pepo Meia, Niels CimpaKlein aber feinAm 25. Mai 2022 fand die offizielle Er\u00f6ffnung des neuen barrierefrei zug\u00e4nglichen Parteilokals der D\u00f6blinger Gr\u00fcnen statt. Der Umbau des Vereinslokals begann bereits unter dem ehemaligen Klubobmann Heinz Hieber. Anfang dieses Jahres wurde der Umbau unter dem neuen Klubobmann Peter Krist\u00f6fel abgeschlossen. Nun erfolgte endlich die offizielle Er\u00f6ffnung.\u00a0 Das&#8230; <a href=\"https:\/\/bmin.info\/WP\/2022\/05\/26\/gruene-doebling-parteilokal-eroeffnet\/\" class=\"more-link\">Continue reading <span class=\"screen-reader-text\">Gr\u00fcne D\u00f6bling: Parteilokal er\u00f6ffnet<\/span><\/a><\/p>\n","protected":false},"author":3,"featured_media":0,"comment_status":"closed","ping_status":"closed","sticky":false,"template":"","format":"standard","meta":{"footnotes":""},"categories":[3],"tags":[],"class_list":["post-10830","post","type-post","status-publish","format-standard","hentry","category-info"],"_links":{"self":[{"href":"https:\/\/bmin.info\/WP\/wp-json\/wp\/v2\/posts\/10830","targetHints":{"allow":["GET"]}}],"collection":[{"href":"https:\/\/bmin.info\/WP\/wp-json\/wp\/v2\/posts"}],"about":[{"href":"https:\/\/bmin.info\/WP\/wp-json\/wp\/v2\/types\/post"}],"author":[{"embeddable":true,"href":"https:\/\/bmin.info\/WP\/wp-json\/wp\/v2\/users\/3"}],"replies":[{"embeddable":true,"href":"https:\/\/bmin.info\/WP\/wp-json\/wp\/v2\/comments?post=10830"}],"version-history":[{"count":12,"href":"https:\/\/bmin.info\/WP\/wp-json\/wp\/v2\/posts\/10830\/revisions"}],"predecessor-version":[{"id":10876,"href":"https:\/\/bmin.info\/WP\/wp-json\/wp\/v2\/posts\/10830\/revisions\/10876"}],"wp:attachment":[{"href":"https:\/\/bmin.info\/WP\/wp-json\/wp\/v2\/media?parent=10830"}],"wp:term":[{"taxonomy":"category","embeddable":true,"href":"https:\/\/bmin.info\/WP\/wp-json\/wp\/v2\/categories?post=10830"},{"taxonomy":"post_tag","embeddable":true,"href":"https:\/\/bmin.info\/WP\/wp-json\/wp\/v2\/tags?post=10830"}],"curies":[{"name":"wp","href":"https:\/\/api.w.org\/{rel}","templated":true}]}}