{"id":10848,"date":"2022-05-30T10:54:04","date_gmt":"2022-05-30T09:54:04","guid":{"rendered":"https:\/\/bmin.info\/WP\/?p=10848"},"modified":"2022-06-06T08:10:29","modified_gmt":"2022-06-06T07:10:29","slug":"behindertenbereich-bei-pflegereform-beruecksichtigen","status":"publish","type":"post","link":"https:\/\/bmin.info\/WP\/2022\/05\/30\/behindertenbereich-bei-pflegereform-beruecksichtigen\/","title":{"rendered":"Behindertenbereich bei Pflegereform ber\u00fccksichtigen!"},"content":{"rendered":"\n<p>Text: \u00d6BR<br \/><strong><em>Behindertenrat kritisiert ungleiche Arbeitsbedingungen im Team und fehlende Ber\u00fccksichtigung Pers\u00f6nlicher Assistenz<\/em><\/strong><br \/>Wien (OTS) &#8211; Der \u00d6sterreichische Behindertenrat begr\u00fc\u00dft die Pflegereform als ersten wichtigen Schritt, da sie jahrelangen Stillstand aufbricht. Trotzdem m\u00fcssen diesem ersten Schritt weitere folgen, da die Spezifika des Behindertenbereichs im vorliegenden Reformplan nicht ausreichend ber\u00fccksichtigt sind.<\/p>\n\n\n\n<p>Die Betreuung und Unterst\u00fctzung von Menschen mit Behinderungen erfolgt n\u00e4mlich oftmals in multiprofessionellen Teams (Diplom-Sozialbetreuer*innen , Fachsozialbetreuer*innen, P\u00e4dagog*innen, Psycholog*innen, usw.), und die Pflege ist dabei nur ein Sekund\u00e4rprozess.<\/p>\n\n\n<div class=\"wp-block-image\">\n<figure class=\"alignright size-full is-resized\"><a href=\"https:\/\/bmin.info\/WP\/wp-content\/uploads\/2021\/06\/behindertenrat-1024x317-1.jpg\"><img loading=\"lazy\" decoding=\"async\" src=\"https:\/\/bmin.info\/WP\/wp-content\/uploads\/2021\/06\/behindertenrat-1024x317-1.jpg\" alt=\"\" class=\"wp-image-8909\" width=\"256\" height=\"79\" srcset=\"https:\/\/bmin.info\/WP\/wp-content\/uploads\/2021\/06\/behindertenrat-1024x317-1.jpg 1024w, https:\/\/bmin.info\/WP\/wp-content\/uploads\/2021\/06\/behindertenrat-1024x317-1-300x93.jpg 300w, https:\/\/bmin.info\/WP\/wp-content\/uploads\/2021\/06\/behindertenrat-1024x317-1-768x238.jpg 768w, https:\/\/bmin.info\/WP\/wp-content\/uploads\/2021\/06\/behindertenrat-1024x317-1-144x45.jpg 144w\" sizes=\"auto, (max-width: 256px) 100vw, 256px\" \/><\/a><\/figure>\n<\/div>\n\n\n<p>Durch die Fokussierung auf die Pflegeausbildungen kommt es durch die Pflegereform zu einer Ungleichbehandlung bei Gehalt und Urlaub f\u00fcr Mitarbeiter*innen, die im selben Team arbeiten und &#8211; bis auf Heimhilfen \u2013 bisher in derselben Verwendungsgruppe der Kollektivvertr\u00e4ge eingestuft waren. Klaus Widl, Vizepr\u00e4sident des \u00d6sterreichischen Behindertenrats, fordert daher: <em>\u201cAlle Personen, die im Rahmen der Behindertenhilfe der L\u00e4nder in der direkten Arbeit mit Klient*innen betreuend oder begleitend aktiv sind, m\u00fcssen unabh\u00e4ngig von ihrer Formalausbildung Verbesserungen wie einen Gehaltsbonus und zus\u00e4tzliche Erholungstage erhalten.\u201d<\/em><\/p>\n\n\n\n<p>Angesichts des Personalmangels im Behindertenbereich ist es auch notwendig, dass Personen w\u00e4hrend einer Ausbildung in einem Sozialbetreuungsberuf \u2013 gleich wie bei einer Pflegeausbildung \u2013 einen Ausbildungszuschuss in H\u00f6he von 600,00 EUR erhalten. Daneben ist eine generelle Ausbildungsoffensive im Behindertenbereich dringend n\u00f6tig, um den Bedarf an qualifizierten Fachkr\u00e4ften zu decken.<\/p>\n\n\n\n<p><strong>Keine Ber\u00fccksichtigung der Pers\u00f6nlichen Assistenz<\/strong><br \/>Pers\u00f6nliche Assistenz erm\u00f6glicht Menschen mit Behinderungen ein selbstbestimmtes Leben in den eigenen vier W\u00e4nden. Durch die fehlende Ber\u00fccksichtigung dieser Berufsgruppe im vorgelegten Pflegepaket ist zu bef\u00fcrchten, dass in Ermangelung von Pers\u00f6nlichen Assistent*innen weitere Personen in ein Heim ziehen m\u00fcssen. Klaus Widl mahnt daher ein: <em>\u201cDie momentan prek\u00e4ren Arbeitsbedingungen der Pers\u00f6nlichen Assistent*innen m\u00fcssen dringend verbessert werden. Die dadurch entstehenden Mehrkosten lie\u00dfen sich \u00fcber den im Regierungsprogramm angef\u00fchrten Inklusionsfonds finanzieren.\u201d<\/em><\/p>\n\n\n\n<p>Pflegereform muss Behindertenbereich ber\u00fccksichtigen<br \/><a href=\"https:\/\/wp.me\/p9ocLE-3ih\">Die Forderungen im Detail<\/a><\/p>\n\n\n\n<p><a href=\"https:\/\/www.bizeps.or.at\/bizeps-nimmt-stellung-zum-entwurf-des-nationalen-aktionsplans-behinderung-2022-bis-2030\/\">BIZEPS nimmt Stellung zum Entwurf des Nationalen Aktionsplans Behinderung 2022 bis 2030<\/a><br \/>Der Nationale Aktionsplan Behinderung (NAP) ist f\u00fcr die bundesweite Umsetzung der UN-Behindertenrechtskonvention in \u00d6sterreich gedacht \u2026<br \/>Auszugsweise:<\/p>\n\n\n<div class=\"wp-block-image\">\n<figure class=\"alignright size-full is-resized\"><a href=\"https:\/\/bmin.info\/WP\/wp-content\/uploads\/2021\/11\/BIZEPS-Logo-1.jpg\"><img loading=\"lazy\" decoding=\"async\" src=\"https:\/\/bmin.info\/WP\/wp-content\/uploads\/2021\/11\/BIZEPS-Logo-1.jpg\" alt=\"\" class=\"wp-image-9946\" width=\"256\" height=\"144\" srcset=\"https:\/\/bmin.info\/WP\/wp-content\/uploads\/2021\/11\/BIZEPS-Logo-1.jpg 1024w, https:\/\/bmin.info\/WP\/wp-content\/uploads\/2021\/11\/BIZEPS-Logo-1-300x169.jpg 300w, https:\/\/bmin.info\/WP\/wp-content\/uploads\/2021\/11\/BIZEPS-Logo-1-768x432.jpg 768w, https:\/\/bmin.info\/WP\/wp-content\/uploads\/2021\/11\/BIZEPS-Logo-1-144x81.jpg 144w\" sizes=\"auto, (max-width: 256px) 100vw, 256px\" \/><\/a><\/figure>\n<\/div>\n\n\n<p><strong>Finanzierung<\/strong><br \/>Zur Umsetzung einiger Ma\u00dfnahmen ist eine zus\u00e4tzliche Finanzierung notwendig. Der Bundesbehindertenbeirat verwies daher schon im Vorjahr auf den Inklusionsfonds, der im <a href=\"https:\/\/www.bizeps.or.at\/oevp-gruene-regierungsprogramm-2020\/\">Regierungsprogramm<\/a> erw\u00e4hnt wurde.<\/p>\n\n\n\n<p>Und weiter:&nbsp;<br \/>BIZEPS schlie\u00dft sich der <a href=\"https:\/\/www.behindertenrat.at\/2022\/05\/stellungnahme-zum-entwurf-des-nap-2022-2030\/\">Stellungnahme des \u00d6sterreichischen Behindertenrates<\/a> an und weist daher nur exemplarisch auf drei Punkte, u.a.&nbsp;<\/p>\n\n\n\n<p><strong>Kapitel 6.3 \u2013 Pers\u00f6nliche Assistenz<\/strong>: Es ist nicht nachvollziehbar, warum die Erarbeitung der bundeseinheitlichen Rahmenbedingungen zur Pers\u00f6nlichen Assistenz mit dem Zeitraum bis 2030 vorgesehen ist, da die Ma\u00dfnahme schon im aktuellen Regierungsprogramm steht und das Pilotprojekt mit dem Starttermin 2022 angek\u00fcndigt wurde.<\/p>\n\n\n\n<p><strong>Anm.<\/strong>: Es ist zu begr\u00fc\u00dfen, dass das Problem im Pflegebereich ernst genommen wird. Die j\u00e4hrliche Wertanpassung des Pflegegeldes war ein erster Schritt in die richtige Richtung. Der Wertverlust seit Einf\u00fchrung von mindestens 30% wurde jedoch noch nicht ausgeglichen. 80% der Pflegegeldbezieher sind nicht in Heimen, nehmen keine Pflegedienste und Pers\u00f6nliche Assistenz in Anspruch, da vermutlich Familien, Angeh\u00f6rige und Bekannte den Betroffenen helfen.<\/p>\n\n\n\n<p>Die Stellungnahmen von BIZEPS, \u00d6BR, <a href=\"https:\/\/www.ots.at\/presseaussendung\/OTS_20220530_OTS0093\/lebenshilfe-kritisiert-ausgrenzende-bildungspolitik\">Lebenshilfe<\/a>, <a href=\"https:\/\/www.monitoringausschuss.at\/download\/stellungnahmen\/nationaler_aktionsplan_behinderung_2022-2030\/UMA_SN_NAP_2022-2030_05_2022.pdf\">Monitoringausschuss<\/a> und <a href=\"https:\/\/www.xn--sli-una.at\/stellungnahmen\">SLI\u00d6<\/a> zum NAP lassen hoffen, dass Verbesserungen im Behindertenbereich erreicht werden k\u00f6nnen. Jedoch ohne die daf\u00fcr n\u00f6tigen Geldmittel zur Verf\u00fcgung zu stellen nicht wesentliche. In einigen Wochen soll der Nationale Aktionsplan Behinderung (NAP) 2022-2030 vom Ministerrat verabschiedet werden. Der NAP soll das zentrale Instrument zur Umsetzung der Rechte von Menschen mit Behinderungen f\u00fcr die nahe Zukunft werden. Da ist ja noch etwas Zeit\u2026<\/p>\n\n\n\n<p><a href=\"https:\/\/www.bizeps.or.at\/ist-der-nationale-aktionsplans-behinderung-noch-zu-retten\/\">Ist der Nationale Aktionsplans Behinderung noch zu retten?<\/a> &#8211; BIZEPS online 01.06.2022<br \/><em>Die Begutachtungsfrist f\u00fcr den Nationalen Aktionsplan Behinderung (NAP) ist verstrichen. BIZEPS fordert mit Nachdruck Verbesserungen ein<\/em><br \/><br \/><a href=\"https:\/\/www.ots.at\/presseaussendung\/OTS_20220602_OTS0162\/fpoe-ragger-nationaler-aktionsplan-behinderung-ist-nur-symbolpolitik\">FP\u00d6-Ragger: \u201eNationaler Aktionsplan Behinderung ist nur Symbolpolitik!\u201c<\/a> &#8211; 02.06.2022<br \/><em>Pers\u00f6nliche Assistenz, Zugang zum ersten Arbeitsmarkt: \u201eWas kostet, wird von Schwarz-Gr\u00fcn aufgeschoben!\u201c<\/em><\/p>\n\n\n\n<p>Wenn man sich intensiv mit der Materie besch\u00e4ftigt, hat man auch nicht den Eindruck, dass die Regierung die Baustellen und L\u00fccken im Pflege und Behindertenbereich schlie\u00dfen kann. Der F\u00f6deralismus scheint oft hinderlich zu sein. Jedoch die Hoffnung stirbt zuletzt.<\/p>\n\n\n\n<p>Artikel und Presseaussendungen zum Thema:<br \/><a href=\"https:\/\/bmin.info\/WP\/2022\/05\/12\/rauch-regierung-bringt-groesstes-pflege-reformpaket-der-vergangenen-jahrzehnte-auf-den-weg\/\">Rauch: Regierung bringt gr\u00f6\u00dftes Pflege-Reformpaket der vergangenen Jahrzehnte auf den Weg<\/a><br \/>Wien (OTS) \u2013 Die Bundesregierung pr\u00e4sentiert am internationalen Tag der Pflege die gr\u00f6\u00dfte Pflegereform der vergangenen Jahrzehnte. Das Paket umfasst insgesamt 20 Ma\u00dfnahmen mit einem Volumen von \u2026<\/p>\n\n\n\n<p><a href=\"https:\/\/bmin.info\/WP\/2022\/05\/20\/statement-von-stadtrat-peter-hacker-zur-pflegereform\/\">Statement von Stadtrat Peter Hacker zur Pflegereform<\/a><br \/>BMIN hat Peter Hacker \u2013 Amtsf\u00fchrender Stadtrat von Wien f\u00fcr Soziales, Gesundheit und Sport \u2013 um eine Stellungnahme zur Pflegereform ersucht.<\/p>\n","protected":false},"excerpt":{"rendered":"<p>Text: \u00d6BRBehindertenrat kritisiert ungleiche Arbeitsbedingungen im Team und fehlende Ber\u00fccksichtigung Pers\u00f6nlicher AssistenzWien (OTS) &#8211; Der \u00d6sterreichische Behindertenrat begr\u00fc\u00dft die Pflegereform als ersten wichtigen Schritt, da sie jahrelangen Stillstand aufbricht. Trotzdem m\u00fcssen diesem ersten Schritt weitere folgen, da die Spezifika des Behindertenbereichs im vorliegenden Reformplan nicht ausreichend ber\u00fccksichtigt sind. Die Betreuung und Unterst\u00fctzung von Menschen mit&#8230; <a href=\"https:\/\/bmin.info\/WP\/2022\/05\/30\/behindertenbereich-bei-pflegereform-beruecksichtigen\/\" class=\"more-link\">Continue reading <span class=\"screen-reader-text\">Behindertenbereich bei Pflegereform ber\u00fccksichtigen!<\/span><\/a><\/p>\n","protected":false},"author":3,"featured_media":0,"comment_status":"closed","ping_status":"closed","sticky":false,"template":"","format":"standard","meta":{"footnotes":""},"categories":[3],"tags":[],"class_list":["post-10848","post","type-post","status-publish","format-standard","hentry","category-info"],"_links":{"self":[{"href":"https:\/\/bmin.info\/WP\/wp-json\/wp\/v2\/posts\/10848","targetHints":{"allow":["GET"]}}],"collection":[{"href":"https:\/\/bmin.info\/WP\/wp-json\/wp\/v2\/posts"}],"about":[{"href":"https:\/\/bmin.info\/WP\/wp-json\/wp\/v2\/types\/post"}],"author":[{"embeddable":true,"href":"https:\/\/bmin.info\/WP\/wp-json\/wp\/v2\/users\/3"}],"replies":[{"embeddable":true,"href":"https:\/\/bmin.info\/WP\/wp-json\/wp\/v2\/comments?post=10848"}],"version-history":[{"count":14,"href":"https:\/\/bmin.info\/WP\/wp-json\/wp\/v2\/posts\/10848\/revisions"}],"predecessor-version":[{"id":10933,"href":"https:\/\/bmin.info\/WP\/wp-json\/wp\/v2\/posts\/10848\/revisions\/10933"}],"wp:attachment":[{"href":"https:\/\/bmin.info\/WP\/wp-json\/wp\/v2\/media?parent=10848"}],"wp:term":[{"taxonomy":"category","embeddable":true,"href":"https:\/\/bmin.info\/WP\/wp-json\/wp\/v2\/categories?post=10848"},{"taxonomy":"post_tag","embeddable":true,"href":"https:\/\/bmin.info\/WP\/wp-json\/wp\/v2\/tags?post=10848"}],"curies":[{"name":"wp","href":"https:\/\/api.w.org\/{rel}","templated":true}]}}