{"id":10883,"date":"2022-05-30T11:22:59","date_gmt":"2022-05-30T10:22:59","guid":{"rendered":"https:\/\/bmin.info\/WP\/?p=10883"},"modified":"2022-06-22T14:03:00","modified_gmt":"2022-06-22T13:03:00","slug":"treffen-mit-dem-behindertenbeauftragten-von-doebling","status":"publish","type":"post","link":"https:\/\/bmin.info\/WP\/2022\/05\/30\/treffen-mit-dem-behindertenbeauftragten-von-doebling\/","title":{"rendered":"Treffen mit dem Behindertenbeauftragten von D\u00f6bling"},"content":{"rendered":"\n<p>Text: Daniel-Ray<br \/>Seit\u00a0 einem Jahr ist Gregor Lautner Behindertenbeauftragter von D\u00f6bling. Der engagierte Bezirksrat der \u00d6VP setzt sich f\u00fcr die Belange von Menschen mit Behinderung in D\u00f6bling ein. Pepo Meia traf sich Ende Mai 2022 mit <a href=\"https:\/\/bmin.info\/WP\/2021\/05\/10\/wien-doebling-gregor-lautner-ist-behindertenbeauftragter\/\">Gregor Lautner<\/a> zu einem Informationsaustausch im Eissalon Fronza.<\/p>\n\n\n<div class=\"wp-block-image\">\n<figure class=\"aligncenter size-full is-resized\"><a href=\"https:\/\/bmin.info\/WP\/wp-content\/uploads\/2022\/05\/LautnerMeia280522.jpg\"><img loading=\"lazy\" decoding=\"async\" src=\"https:\/\/bmin.info\/WP\/wp-content\/uploads\/2022\/05\/LautnerMeia280522.jpg\" alt=\"\" class=\"wp-image-10893\" width=\"553\" height=\"415\" srcset=\"https:\/\/bmin.info\/WP\/wp-content\/uploads\/2022\/05\/LautnerMeia280522.jpg 737w, https:\/\/bmin.info\/WP\/wp-content\/uploads\/2022\/05\/LautnerMeia280522-300x225.jpg 300w, https:\/\/bmin.info\/WP\/wp-content\/uploads\/2022\/05\/LautnerMeia280522-144x108.jpg 144w\" sizes=\"auto, (max-width: 553px) 100vw, 553px\" \/><\/a><\/figure>\n<\/div>\n\n\n<p>In D\u00f6bling herrscht gro\u00dfer Nachholbedarf bez\u00fcglich barrierefreier Ma\u00dfnahmen nicht nur im \u00f6ffentlichen Bereich. Lautner bereitet einen Antrag f\u00fcr die <a href=\"https:\/\/www.wien.gv.at\/bezirke\/doebling\/politik\/stream.html\">n\u00e4chste Bezirkssitzung<\/a> f\u00fcr <a href=\"https:\/\/bmin.info\/WP\/2022\/04\/04\/barrierefreiheit-fuer-den-karl-marx-hof\/\">barrierefreie Ma\u00dfnahmen<\/a> vor.<\/p>\n","protected":false},"excerpt":{"rendered":"<p>Text: Daniel-RaySeit\u00a0 einem Jahr ist Gregor Lautner Behindertenbeauftragter von D\u00f6bling. Der engagierte Bezirksrat der \u00d6VP setzt sich f\u00fcr die Belange von Menschen mit Behinderung in D\u00f6bling ein. Pepo Meia traf sich Ende Mai 2022 mit Gregor Lautner zu einem Informationsaustausch im Eissalon Fronza. In D\u00f6bling herrscht gro\u00dfer Nachholbedarf bez\u00fcglich barrierefreier Ma\u00dfnahmen nicht nur im \u00f6ffentlichen&#8230; <a href=\"https:\/\/bmin.info\/WP\/2022\/05\/30\/treffen-mit-dem-behindertenbeauftragten-von-doebling\/\" class=\"more-link\">Continue reading <span class=\"screen-reader-text\">Treffen mit dem Behindertenbeauftragten von D\u00f6bling<\/span><\/a><\/p>\n","protected":false},"author":3,"featured_media":0,"comment_status":"closed","ping_status":"closed","sticky":false,"template":"","format":"standard","meta":{"footnotes":""},"categories":[3],"tags":[],"class_list":["post-10883","post","type-post","status-publish","format-standard","hentry","category-info"],"_links":{"self":[{"href":"https:\/\/bmin.info\/WP\/wp-json\/wp\/v2\/posts\/10883","targetHints":{"allow":["GET"]}}],"collection":[{"href":"https:\/\/bmin.info\/WP\/wp-json\/wp\/v2\/posts"}],"about":[{"href":"https:\/\/bmin.info\/WP\/wp-json\/wp\/v2\/types\/post"}],"author":[{"embeddable":true,"href":"https:\/\/bmin.info\/WP\/wp-json\/wp\/v2\/users\/3"}],"replies":[{"embeddable":true,"href":"https:\/\/bmin.info\/WP\/wp-json\/wp\/v2\/comments?post=10883"}],"version-history":[{"count":7,"href":"https:\/\/bmin.info\/WP\/wp-json\/wp\/v2\/posts\/10883\/revisions"}],"predecessor-version":[{"id":10999,"href":"https:\/\/bmin.info\/WP\/wp-json\/wp\/v2\/posts\/10883\/revisions\/10999"}],"wp:attachment":[{"href":"https:\/\/bmin.info\/WP\/wp-json\/wp\/v2\/media?parent=10883"}],"wp:term":[{"taxonomy":"category","embeddable":true,"href":"https:\/\/bmin.info\/WP\/wp-json\/wp\/v2\/categories?post=10883"},{"taxonomy":"post_tag","embeddable":true,"href":"https:\/\/bmin.info\/WP\/wp-json\/wp\/v2\/tags?post=10883"}],"curies":[{"name":"wp","href":"https:\/\/api.w.org\/{rel}","templated":true}]}}