{"id":10892,"date":"2022-06-02T08:28:06","date_gmt":"2022-06-02T07:28:06","guid":{"rendered":"https:\/\/bmin.info\/WP\/?p=10892"},"modified":"2022-06-02T08:28:06","modified_gmt":"2022-06-02T07:28:06","slug":"oegk-viele-klagen-zu-wenige-windeln","status":"publish","type":"post","link":"https:\/\/bmin.info\/WP\/2022\/06\/02\/oegk-viele-klagen-zu-wenige-windeln\/","title":{"rendered":"\u00d6GK: Viele Klagen, zu wenige Windeln"},"content":{"rendered":"\n<p>Text: <a href=\"https:\/\/wien.orf.at\/stories\/3158746\/\">orf.at<\/a><br \/><em>Beim Verein ChronischKrank h\u00e4ufen sich Beschwerden von Menschen, die unter Inkontinenz leiden. Sie w\u00fcrden von der \u00d6sterreichischen Gesundheitskasse nur noch zwei statt wie bisher sechs Windeln t\u00e4glich bekommen.<\/em><\/p>\n\n\n\n<p>Die \u00d6sterreichische Gesundheitskasse (\u00d6GK) argumentiert, dass Windeln saugf\u00e4higer geworden seien und daher zwei St\u00fcck pro Tag ausreichend w\u00e4ren. Die Kasse verspricht zwar f\u00fcr jeden eine Einzelfalll\u00f6sung. Doch das ist f\u00fcr die Betroffenen ein b\u00fcrokratischer und oft auch schikan\u00f6ser H\u00fcrdenlauf, wie J\u00fcrgen Holzinger vom Verein ChronischKrank betonte. Denn es sei durchaus m\u00f6glich, \u201edass ein Chefarzt wesentlich mehr Inkontinenzprodukte bewilligt bei der selben Person als wie dann beim n\u00e4chsten Mal ein anderer Chefarzt\u201c.<\/p>\n\n\n<div class=\"wp-block-image\">\n<figure class=\"alignright size-full is-resized\"><a href=\"https:\/\/bmin.info\/WP\/wp-content\/uploads\/2022\/06\/Holzinger.jpg\"><img loading=\"lazy\" decoding=\"async\" src=\"https:\/\/bmin.info\/WP\/wp-content\/uploads\/2022\/06\/Holzinger.jpg\" alt=\"\" class=\"wp-image-10909\" width=\"272\" height=\"200\" srcset=\"https:\/\/bmin.info\/WP\/wp-content\/uploads\/2022\/06\/Holzinger.jpg 543w, https:\/\/bmin.info\/WP\/wp-content\/uploads\/2022\/06\/Holzinger-300x221.jpg 300w, https:\/\/bmin.info\/WP\/wp-content\/uploads\/2022\/06\/Holzinger-144x106.jpg 144w\" sizes=\"auto, (max-width: 272px) 100vw, 272px\" \/><\/a><\/figure>\n<\/div>\n\n\n<p>Zudem w\u00fcssten viele nicht, dass sie f\u00fcr mehr Windeln bei der Kasse vorstellig werden m\u00fcssten und w\u00fcrden sich die restlichen ben\u00f6tigten Windeln aus eigener Tasche bezahlen. Holzinger berichtete von fast t\u00e4glich eintreffenden Beschwerden per Telefon und Mail, dass die gew\u00fcnschte oder gebrauchte Menge an Produkten nicht bewilligt werde. Einfacher w\u00e4re es, wenn die Kasse die umstrittene Kontingentierung r\u00fcckg\u00e4ngig machen w\u00fcrde.<\/p>\n\n\n\n<p><strong>Problem besteht trotz \u00d6GK-Angebot weiter<br \/><\/strong>Die \u00d6GK habe zwar angek\u00fcndigt, dass sich Menschen melden k\u00f6nnten und dass dann eine Einzelfalll\u00f6sung gefunden werde. Auch Holzinger betonte, dass die \u00d6GK in ihren R\u00fcckmeldungen angebe, sehr sehr bem\u00fcht zu sein und dass nach L\u00f6sungen gesucht werde, wenn jemand nicht die ben\u00f6tigte Menge erhalte. \u201eAber wir sehen halt immer wieder, dass sich Personen an uns wenden, die pers\u00f6nlich eben nicht durchgekommen sind. Es also nicht erreicht haben, dass sie die Menge kriegen, die sie eigentlich brauchen\u201c, so Holzinger.<\/p>\n\n\n\n<p>Zum <a href=\"https:\/\/chronischkrank.at\/2021\/orf-beitrag-oegk-kuerzt-inkontinenzmaterial-wir-intervenieren\/\">kompletten Artikel<\/a> &#8211; Verein ChronischKrank \u00d6sterreich<\/p>\n","protected":false},"excerpt":{"rendered":"<p>Text: orf.atBeim Verein ChronischKrank h\u00e4ufen sich Beschwerden von Menschen, die unter Inkontinenz leiden. Sie w\u00fcrden von der \u00d6sterreichischen Gesundheitskasse nur noch zwei statt wie bisher sechs Windeln t\u00e4glich bekommen. Die \u00d6sterreichische Gesundheitskasse (\u00d6GK) argumentiert, dass Windeln saugf\u00e4higer geworden seien und daher zwei St\u00fcck pro Tag ausreichend w\u00e4ren. Die Kasse verspricht zwar f\u00fcr jeden eine Einzelfalll\u00f6sung.&#8230; <a href=\"https:\/\/bmin.info\/WP\/2022\/06\/02\/oegk-viele-klagen-zu-wenige-windeln\/\" class=\"more-link\">Continue reading <span class=\"screen-reader-text\">\u00d6GK: Viele Klagen, zu wenige Windeln<\/span><\/a><\/p>\n","protected":false},"author":3,"featured_media":0,"comment_status":"closed","ping_status":"closed","sticky":false,"template":"","format":"standard","meta":{"footnotes":""},"categories":[3],"tags":[],"class_list":["post-10892","post","type-post","status-publish","format-standard","hentry","category-info"],"_links":{"self":[{"href":"https:\/\/bmin.info\/WP\/wp-json\/wp\/v2\/posts\/10892","targetHints":{"allow":["GET"]}}],"collection":[{"href":"https:\/\/bmin.info\/WP\/wp-json\/wp\/v2\/posts"}],"about":[{"href":"https:\/\/bmin.info\/WP\/wp-json\/wp\/v2\/types\/post"}],"author":[{"embeddable":true,"href":"https:\/\/bmin.info\/WP\/wp-json\/wp\/v2\/users\/3"}],"replies":[{"embeddable":true,"href":"https:\/\/bmin.info\/WP\/wp-json\/wp\/v2\/comments?post=10892"}],"version-history":[{"count":2,"href":"https:\/\/bmin.info\/WP\/wp-json\/wp\/v2\/posts\/10892\/revisions"}],"predecessor-version":[{"id":10910,"href":"https:\/\/bmin.info\/WP\/wp-json\/wp\/v2\/posts\/10892\/revisions\/10910"}],"wp:attachment":[{"href":"https:\/\/bmin.info\/WP\/wp-json\/wp\/v2\/media?parent=10892"}],"wp:term":[{"taxonomy":"category","embeddable":true,"href":"https:\/\/bmin.info\/WP\/wp-json\/wp\/v2\/categories?post=10892"},{"taxonomy":"post_tag","embeddable":true,"href":"https:\/\/bmin.info\/WP\/wp-json\/wp\/v2\/tags?post=10892"}],"curies":[{"name":"wp","href":"https:\/\/api.w.org\/{rel}","templated":true}]}}