{"id":10908,"date":"2022-06-04T18:51:46","date_gmt":"2022-06-04T17:51:46","guid":{"rendered":"https:\/\/bmin.info\/WP\/?p=10908"},"modified":"2022-06-05T17:57:09","modified_gmt":"2022-06-05T16:57:09","slug":"schanigaerten-rollstuhlfahrer-diskriminiert","status":"publish","type":"post","link":"https:\/\/bmin.info\/WP\/2022\/06\/04\/schanigaerten-rollstuhlfahrer-diskriminiert\/","title":{"rendered":"Schanig\u00e4rten: Rollstuhlfahrer diskriminiert"},"content":{"rendered":"\n<p>Text: Pepo Meia, David Herrmann<br \/>Wie <a href=\"https:\/\/bmin.info\/WP\/2022\/05\/22\/schanigaerten-rollstuhlfahrer-unerwuenscht-2\/\">BMIN-Info k\u00fcrzlich berichtet hat<\/a>, werden trotz Schanigartenrichtlinie auch im Jahre 2022 Schanig\u00e4rten, mit Stufe und ohne Rampenzugang, rechtswidrig er\u00f6ffnet. Menschen mit Behinderung werden dadurch eindeutig diskriminiert<\/p>\n\n\n\n<p>Aktivist <a href=\"https:\/\/bmin.info\/WP\/aktivistinnen\/thomas-stix\/\">Thomas Stix<\/a> hat uns dar\u00fcber informiert, dass das Landstein nun einen barrierefreien Schanigarten hat. Der Eingang des Lokals &#8211; wie auf dem Foto von <a href=\"https:\/\/www.bizeps.or.at\/autor\/goetzinger-kornelia\/\">Kornelia G\u00f6tzinger<\/a> ersichtlich &#8211; hat noch immer eine hohe Stufe vorzuweisen.<\/p>\n\n\n<div class=\"wp-block-image\">\n<figure class=\"aligncenter size-large is-resized\"><a href=\"https:\/\/bmin.info\/WP\/wp-content\/uploads\/2022\/06\/Landstein1.jpg\"><img loading=\"lazy\" decoding=\"async\" src=\"https:\/\/bmin.info\/WP\/wp-content\/uploads\/2022\/06\/Landstein1-1024x683.jpg\" alt=\"\" class=\"wp-image-10914\" width=\"768\" height=\"512\" srcset=\"https:\/\/bmin.info\/WP\/wp-content\/uploads\/2022\/06\/Landstein1-1024x683.jpg 1024w, https:\/\/bmin.info\/WP\/wp-content\/uploads\/2022\/06\/Landstein1-300x200.jpg 300w, https:\/\/bmin.info\/WP\/wp-content\/uploads\/2022\/06\/Landstein1-768x512.jpg 768w, https:\/\/bmin.info\/WP\/wp-content\/uploads\/2022\/06\/Landstein1-144x96.jpg 144w, https:\/\/bmin.info\/WP\/wp-content\/uploads\/2022\/06\/Landstein1.jpg 1280w\" sizes=\"auto, (max-width: 768px) 100vw, 768px\" \/><\/a><figcaption><em>Foto: Kornelia G\u00f6tzinger<\/em><\/figcaption><\/figure>\n<\/div>\n\n\n<p><a href=\"https:\/\/www.landstein.at\">Landstein<\/a> &#8211; barrierefreier Gastgarten &#8211; Eingang zum Lokal jedoch mit Stufe &#8211; Landstrasser Hauptstrasse 132, 1030, Wien<\/p>\n\n\n\n<p>Aktivistin G\u00f6tzinger selbst, hat erneut einen Lokalaugenschein durchgef\u00fchrt &#8211; diesmal im dritten Wiener Gemeindebezirk &#8211; und uns dankenswerterweise Bilder von den jeweiligen nicht barrierefreien Schanig\u00e4rten zukommen lassen.<\/p>\n\n\n<div class=\"wp-block-image\">\n<figure class=\"aligncenter size-large is-resized\"><a href=\"https:\/\/bmin.info\/WP\/wp-content\/uploads\/2022\/06\/Modena.jpg\"><img loading=\"lazy\" decoding=\"async\" src=\"https:\/\/bmin.info\/WP\/wp-content\/uploads\/2022\/06\/Modena-1024x682.jpg\" alt=\"\" class=\"wp-image-10916\" width=\"768\" height=\"512\" srcset=\"https:\/\/bmin.info\/WP\/wp-content\/uploads\/2022\/06\/Modena-1024x682.jpg 1024w, https:\/\/bmin.info\/WP\/wp-content\/uploads\/2022\/06\/Modena-300x200.jpg 300w, https:\/\/bmin.info\/WP\/wp-content\/uploads\/2022\/06\/Modena-768x512.jpg 768w, https:\/\/bmin.info\/WP\/wp-content\/uploads\/2022\/06\/Modena-144x96.jpg 144w, https:\/\/bmin.info\/WP\/wp-content\/uploads\/2022\/06\/Modena.jpg 1280w\" sizes=\"auto, (max-width: 768px) 100vw, 768px\" \/><\/a><figcaption><em>Foto: Kornelia G\u00f6tzinger<\/em><\/figcaption><\/figure>\n<\/div>\n\n\n<p><strong>Pizzeria Modena<\/strong> &#8211; Gastgarten mit Stufe &#8211; direkt gegen\u00fcber vom Landstein &#8211; Landstrasser Hauptstrasse 133, 1030, Wien&nbsp;<\/p>\n\n\n<div class=\"wp-block-image\">\n<figure class=\"aligncenter size-large is-resized\"><a href=\"https:\/\/bmin.info\/WP\/wp-content\/uploads\/2022\/06\/Lenz.jpg\"><img loading=\"lazy\" decoding=\"async\" src=\"https:\/\/bmin.info\/WP\/wp-content\/uploads\/2022\/06\/Lenz-1024x682.jpg\" alt=\"\" class=\"wp-image-10917\" width=\"768\" height=\"512\" srcset=\"https:\/\/bmin.info\/WP\/wp-content\/uploads\/2022\/06\/Lenz-1024x682.jpg 1024w, https:\/\/bmin.info\/WP\/wp-content\/uploads\/2022\/06\/Lenz-300x200.jpg 300w, https:\/\/bmin.info\/WP\/wp-content\/uploads\/2022\/06\/Lenz-768x512.jpg 768w, https:\/\/bmin.info\/WP\/wp-content\/uploads\/2022\/06\/Lenz-144x96.jpg 144w, https:\/\/bmin.info\/WP\/wp-content\/uploads\/2022\/06\/Lenz.jpg 1280w\" sizes=\"auto, (max-width: 768px) 100vw, 768px\" \/><\/a><figcaption><em>Foto: Kornelia G\u00f6tzinger<\/em><\/figcaption><\/figure>\n<\/div>\n\n\n<p><strong>Lenz im Hotel Hilton<\/strong> &#8211; Gastgarten mit Stufe &#8211; Am Stadtpark 1,&nbsp;1030, Wien<\/p>\n\n\n<div class=\"wp-block-image\">\n<figure class=\"aligncenter size-large is-resized\"><a href=\"https:\/\/bmin.info\/WP\/wp-content\/uploads\/2022\/06\/Sellenys.jpg\"><img loading=\"lazy\" decoding=\"async\" src=\"https:\/\/bmin.info\/WP\/wp-content\/uploads\/2022\/06\/Sellenys-1024x682.jpg\" alt=\"\" class=\"wp-image-10918\" width=\"768\" height=\"512\" srcset=\"https:\/\/bmin.info\/WP\/wp-content\/uploads\/2022\/06\/Sellenys-1024x682.jpg 1024w, https:\/\/bmin.info\/WP\/wp-content\/uploads\/2022\/06\/Sellenys-300x200.jpg 300w, https:\/\/bmin.info\/WP\/wp-content\/uploads\/2022\/06\/Sellenys-768x512.jpg 768w, https:\/\/bmin.info\/WP\/wp-content\/uploads\/2022\/06\/Sellenys-144x96.jpg 144w, https:\/\/bmin.info\/WP\/wp-content\/uploads\/2022\/06\/Sellenys.jpg 1280w\" sizes=\"auto, (max-width: 768px) 100vw, 768px\" \/><\/a><figcaption><em>Foto: Kornelia G\u00f6tzinger<\/em><\/figcaption><\/figure>\n<\/div>\n\n\n<p><strong>Selleny&#8217;s im Hilton Hotel<\/strong> &#8211; Gastgarten mit Stufe &#8211; Am Stadtpark 1,&nbsp;1030, Wien<\/p>\n\n\n\n<p><strong>Anm.:<\/strong> Drei der vier Lokale haben Schanig\u00e4rten mit Stufe und diskriminieren Menschen mit Behinderung. Das Landstein hat nun zwar&nbsp;einen barrierefrei zug\u00e4nglichen Schanigarten, das Lokal allerdings hat noch immer keine Rampe. Die Betreiber der Lokale sollten die Schanigartenrichtlinie einhalten und baldigst einen Zugang f\u00fcr Rollstuhlnutzer erm\u00f6glichen.<br \/><br \/>Diese Negativbeispiele unterstreichen einmal mehr die<strong> Forderung einer unabh\u00e4ngigen Anlaufstelle, <\/strong>die f\u00fcr die Anliegen von behinderten Menschen zust\u00e4ndig ist. Eine Art B\u00fcrgerdienst f\u00fcr diese Bev\u00f6lkerungsgruppe, der jedoch nicht nur beratende Funktion hat wie die MA 25, sondern die Richtlinien bzw. gesetzlichen Rahmenbedingungen bei den verschiedenen Stellen auch einfordern kann \u2013 auch bei diskriminierenden Schanig\u00e4rten. Bei wiederholter Zurechtweisung sollten dann auch Strafma\u00dfnahmen m\u00f6glich sein. Allein die Androhung die Bewilligung zu entziehen, kann Wunder bewirken.<\/p>\n\n\n\n<p>Artikel zum Thema:<br \/><a href=\"https:\/\/bmin.info\/WP\/2022\/05\/01\/schanigarten-saison-eroeffnet\/\">Schanigarten-Saison er\u00f6ffnet<\/a><br \/>Der Fr\u00fchling ist da und die Gastronomie \u00f6ffnet wieder ihre Schanig\u00e4rten. Auch f\u00fcr mobilit\u00e4tseingeschr\u00e4nkte Personen ist es umso sch\u00f6ner wieder im Freien sich treffen und \u2026<\/p>\n\n\n\n<p><a href=\"https:\/\/bmin.info\/WP\/2022\/05\/22\/schanigaerten-rollstuhlfahrer-unerwuenscht-2\/\">Schanig\u00e4rten: Rollstuhlfahrer unerw\u00fcnscht<\/a><br \/>Trotz Schanigartenrichtlinie und eindeutiger Diskriminierung von Menschen mit Behinderung, werden auch im Jahre 2022 Schanig\u00e4rten, mit Stufe und ohne Rampenzugang, rechtswidrig er\u00f6ffnet.Aktivistin Kornelia G\u00f6tzinger hat uns \u2026<\/p>\n","protected":false},"excerpt":{"rendered":"<p>Text: Pepo Meia, David HerrmannWie BMIN-Info k\u00fcrzlich berichtet hat, werden trotz Schanigartenrichtlinie auch im Jahre 2022 Schanig\u00e4rten, mit Stufe und ohne Rampenzugang, rechtswidrig er\u00f6ffnet. Menschen mit Behinderung werden dadurch eindeutig diskriminiert Aktivist Thomas Stix hat uns dar\u00fcber informiert, dass das Landstein nun einen barrierefreien Schanigarten hat. Der Eingang des Lokals &#8211; wie auf dem Foto&#8230; <a href=\"https:\/\/bmin.info\/WP\/2022\/06\/04\/schanigaerten-rollstuhlfahrer-diskriminiert\/\" class=\"more-link\">Continue reading <span class=\"screen-reader-text\">Schanig\u00e4rten: Rollstuhlfahrer diskriminiert<\/span><\/a><\/p>\n","protected":false},"author":3,"featured_media":0,"comment_status":"closed","ping_status":"closed","sticky":false,"template":"","format":"standard","meta":{"footnotes":""},"categories":[3],"tags":[],"class_list":["post-10908","post","type-post","status-publish","format-standard","hentry","category-info"],"_links":{"self":[{"href":"https:\/\/bmin.info\/WP\/wp-json\/wp\/v2\/posts\/10908","targetHints":{"allow":["GET"]}}],"collection":[{"href":"https:\/\/bmin.info\/WP\/wp-json\/wp\/v2\/posts"}],"about":[{"href":"https:\/\/bmin.info\/WP\/wp-json\/wp\/v2\/types\/post"}],"author":[{"embeddable":true,"href":"https:\/\/bmin.info\/WP\/wp-json\/wp\/v2\/users\/3"}],"replies":[{"embeddable":true,"href":"https:\/\/bmin.info\/WP\/wp-json\/wp\/v2\/comments?post=10908"}],"version-history":[{"count":10,"href":"https:\/\/bmin.info\/WP\/wp-json\/wp\/v2\/posts\/10908\/revisions"}],"predecessor-version":[{"id":10930,"href":"https:\/\/bmin.info\/WP\/wp-json\/wp\/v2\/posts\/10908\/revisions\/10930"}],"wp:attachment":[{"href":"https:\/\/bmin.info\/WP\/wp-json\/wp\/v2\/media?parent=10908"}],"wp:term":[{"taxonomy":"category","embeddable":true,"href":"https:\/\/bmin.info\/WP\/wp-json\/wp\/v2\/categories?post=10908"},{"taxonomy":"post_tag","embeddable":true,"href":"https:\/\/bmin.info\/WP\/wp-json\/wp\/v2\/tags?post=10908"}],"curies":[{"name":"wp","href":"https:\/\/api.w.org\/{rel}","templated":true}]}}