{"id":10935,"date":"2022-06-03T18:13:00","date_gmt":"2022-06-03T17:13:00","guid":{"rendered":"https:\/\/bmin.info\/WP\/?p=10935"},"modified":"2022-06-11T04:09:10","modified_gmt":"2022-06-11T03:09:10","slug":"es-brennt-klimaschutz-darf-nicht-sozial-blind-sein","status":"publish","type":"post","link":"https:\/\/bmin.info\/WP\/2022\/06\/03\/es-brennt-klimaschutz-darf-nicht-sozial-blind-sein\/","title":{"rendered":"Es brennt! Klimaschutz darf nicht sozial blind sein"},"content":{"rendered":"\n<p>Text: Armutskonferenz<br \/><strong>Ergebnisse der 13. Armutskonferenz<\/strong> &#8211; 23.-25. Mai 2022 &#8211; St. Virgil, Salzburg<br \/><em>Armut bek\u00e4mpfen, Klima retten: Ausgleichszulage erh\u00f6hen, Sozialleistungen Wert anpassen, sozialer Klimabonus, Energie &amp; Klimafonds, Wohnbeihilfe in der Sozialhilfe<\/em><br \/>25.05.22 &#8211; &#8222;Klimaschutz kann nur dann erfolgreich sein und Akzeptanz finden, wenn er nicht sozial blind ist. Klimaschutz selbst muss Armut bek\u00e4mpfen.\u201c, das war ein wesentliches Res\u00fcmee der 13. Armutskonferenz, die heute unter dem Titel \u201eEs brennt\u201c in Salzburg mit \u00fcber 300 TeilnehmerInnen aus Wissenschaft, Selbsthilfeinitiativen, sozialen Organisationen, Bildungseinrichtungen und Armutsbetroffenen zu Ende ging.<\/p>\n\n\n\n<p><\/p>\n\n\n\n<figure class=\"wp-block-image size-large\"><a href=\"https:\/\/bmin.info\/WP\/wp-content\/uploads\/2022\/06\/armutskonferenz_es-brennt_aktionsfoto_quer.png\"><img loading=\"lazy\" decoding=\"async\" width=\"1024\" height=\"279\" src=\"https:\/\/bmin.info\/WP\/wp-content\/uploads\/2022\/06\/armutskonferenz_es-brennt_aktionsfoto_quer-1024x279.png\" alt=\"\" class=\"wp-image-10956\" srcset=\"https:\/\/bmin.info\/WP\/wp-content\/uploads\/2022\/06\/armutskonferenz_es-brennt_aktionsfoto_quer-1024x279.png 1024w, https:\/\/bmin.info\/WP\/wp-content\/uploads\/2022\/06\/armutskonferenz_es-brennt_aktionsfoto_quer-300x82.png 300w, https:\/\/bmin.info\/WP\/wp-content\/uploads\/2022\/06\/armutskonferenz_es-brennt_aktionsfoto_quer-768x209.png 768w, https:\/\/bmin.info\/WP\/wp-content\/uploads\/2022\/06\/armutskonferenz_es-brennt_aktionsfoto_quer-1536x419.png 1536w, https:\/\/bmin.info\/WP\/wp-content\/uploads\/2022\/06\/armutskonferenz_es-brennt_aktionsfoto_quer-144x39.png 144w, https:\/\/bmin.info\/WP\/wp-content\/uploads\/2022\/06\/armutskonferenz_es-brennt_aktionsfoto_quer.png 1808w\" sizes=\"auto, (max-width: 1024px) 100vw, 1024px\" \/><\/a><\/figure>\n\n\n\n<p>Angesichts steigender Wohn-, Energie- und Lebensmittelpreise fordert die Armutskonferenz, die Ausgleichszulage um 80 Euro zu erh\u00f6hen. Durch die Teuerung von rund 8% ist sie nur noch 950.- Euro wert. Das ist eine Entwertung um 80 Euro. Die Ausgleichszulage ist eine Unterst\u00fctzungsleistung des Bundes, die Pensionsbezieher:innen ein Existenzminimum gew\u00e4hrleisten soll. Diese definiert das unterste soziale Netz. Deswegen hilft sie auch Einkommensschwachen im unteren sozialen Netz der Mindestsicherungs- und Sozialhilfe.<\/p>\n\n\n\n<figure class=\"wp-block-embed aligncenter is-type-video is-provider-youtube wp-block-embed-youtube wp-embed-aspect-16-9 wp-has-aspect-ratio\"><div class=\"wp-block-embed__wrapper\">\n<iframe loading=\"lazy\" title=\"Es brennt! Ergebnisse der 13. Armutskonferenz Mai 2022\" width=\"650\" height=\"366\" src=\"https:\/\/www.youtube.com\/embed\/82hUeRW6tnQ?list=PLDh3LfpTapE_147e6k_RzSkwjVQRSaKE0\" frameborder=\"0\" allow=\"accelerometer; autoplay; clipboard-write; encrypted-media; gyroscope; picture-in-picture; web-share\" referrerpolicy=\"strict-origin-when-cross-origin\" allowfullscreen><\/iframe>\n<\/div><\/figure>\n\n\n\n<p><strong>Wetterprognose: hei\u00df und st\u00fcrmisch<\/strong><br \/>Weiters m\u00fcssen wir Familienbeihilfe, Arbeitslosengeld und Notstandshilfe Wert anpassen. Bei diesen Sozialleistungen ist seit 20 Jahren die Inflation nicht ber\u00fccksichtigt worden. Die Betroffenen m\u00fcssen mit immer weniger auskommen. \u201eIn jedem Fall m\u00fcssen wir die K\u00fcrzung des Arbeitslosengeldes verhindern\u201c, warnt die Armutskonferenz. \u201eIn ganz \u00d6sterreich wird nach M\u00f6glichkeiten gesucht wie man die Betroffenen am besten vor dem Absturz bewahrt. Nur in der Arbeitsmarktpolitik schlie\u00dft man noch immer nicht aus, bei den am meisten Gef\u00e4hrdeten zu k\u00fcrzen.\u201c<br \/>Die Wetterprognose ist hei\u00df und st\u00fcrmisch. Das Tief der sozialen Krise nach Corona und jetzt mit der Teuerung bedroht viele Frauen, M\u00e4nner und Kinder im Land. Das Hoch der Klimaerhitzung nagt an unseren globalen Lebensgrundlagen. Die Zeit brennt.<\/p>\n\n\n\n<p><strong>Energie- und Klimafonds<\/strong><br \/>\u00d6sterreichweiten Energie- und Klimahilfsfonds schaffen: Der Energie- und Klimahilfsfonds soll jene Haushalte unterst\u00fctzen, die Probleme haben, ihre Energierechnungen zu bezahlen. Au\u00dferdem soll dieser Fonds dabei helfen, wenn man etwa seine Heizung tauschen m\u00f6chte oder eine bessere W\u00e4rmed\u00e4mmung machen lassen will.<\/p>\n\n\n\n<p><strong>Sozialer Klimabonus<\/strong><br \/>Die Belastung einkommensschw\u00e4cherer Haushalte k\u00f6nnte durch einen einkommensabh\u00e4ngigen \u00d6kobonus ausgeglichen werden. Im Rahmen der CO2-Steuer ist ein solches Instrument als &#8222;Klimabonus&#8220; bereits angelegt. Der regionale Aspekt wird so durch eine soziale Komponente erg\u00e4nzt. &#8222;Unser Vorschlag besteht aus einem \u00d6kobonus, einem Heizkostenzuschuss f\u00fcr einkommensarme Personen und einem Kinderzuschlag f\u00fcr alle&#8220;, so die Armutskonferenz.<br \/>Die Finanzierung des Klimabonus ist zur Zeit ausschlie\u00dflich \u00fcber die Co2 Besteuerung angedacht, eine Einnahmenquelle, die \u00e4rmere Haushalte anteilsm\u00e4\u00dfig viel st\u00e4rker belastet als reiche Haushalte. Da braucht es zum Ausgleich eine Finanzierung \u00fcber andere, progressive Einkunftsarten insbesondere Verm\u00f6gen.<\/p>\n\n\n\n<p><strong>Sozialhilfe: Keine Anrechnung der Wohnbeihilfe<\/strong><br \/>Die Armutskonferenz dr\u00e4ngt auf weitere Reformen in der Sozialhilfe: keine Anrechnung der Wohnbeihilfe, Soforthilfe erm\u00f6glichen, funktionierende \u201eHilfen in besonderen Lebenslagen\u201c. Aus den Bundesl\u00e4ndern, in denen schon l\u00e4nger die gek\u00fcrzte Sozialhilfe gilt, ereilen uns Hilferufe von Betroffenen und Sozialberater:innen. Der Abzug der Wohnbeihilfe und die K\u00fcrzungen beim Lebensunterhalt f\u00fchren zu massiven Problemen. Frauen, M\u00e4nner und Kinder haben zu wenig zum Wohnen und zu wenig zum Leben. Um ihre Miete zu zahlen, m\u00fcssen die Betroffenen das aufbrauchen, was eigentlich f\u00fcr den notwendigsten Lebensunterhalt vorgesehen w\u00e4re. Hungern f\u00fcr die Miete. Insgesamt brauchen wir eine neue Mindestsicherung, die Existenz, Chancen und Teilhabe sichert.<\/p>\n\n\n\n<p><strong>Soziale K\u00e4lte abwenden, globale Hitze verhindern<\/strong><br \/>\u201eSoziale K\u00e4lte abwenden, globale Hitze verhindern, um das geht es\u201c, so die Armutskonferenz. Armutsbetroffene sind vom Klimawandel weitaus st\u00e4rker betroffen als einkommensst\u00e4rkere Gruppen. W\u00e4hrend sie weniger zur Klimakrise beitragen, bekommen sie die Auswirkungen der Umweltbelastungen wie die Verknappung der nat\u00fcrlichen Ressourcen, Luftverschmutzung, Hitze, \u00dcberschwemmungen oder D\u00fcrre deutlicher zu sp\u00fcren. Hingegen verursachen die reichsten zehn Prozent der \u00f6sterreichischen Bev\u00f6lkerung mehr als viermal so viel Treibhausgase wie die \u00e4rmsten zehn Prozent. \u201eDas ist eine Verteilungs- und Gerechtigkeitsfrage,\u201c so die Armutskonferenz abschlie\u00dfend.<\/p>\n","protected":false},"excerpt":{"rendered":"<p>Text: ArmutskonferenzErgebnisse der 13. Armutskonferenz &#8211; 23.-25. Mai 2022 &#8211; St. Virgil, SalzburgArmut bek\u00e4mpfen, Klima retten: Ausgleichszulage erh\u00f6hen, Sozialleistungen Wert anpassen, sozialer Klimabonus, Energie &amp; Klimafonds, Wohnbeihilfe in der Sozialhilfe25.05.22 &#8211; &#8222;Klimaschutz kann nur dann erfolgreich sein und Akzeptanz finden, wenn er nicht sozial blind ist. Klimaschutz selbst muss Armut bek\u00e4mpfen.\u201c, das war ein wesentliches&#8230; <a href=\"https:\/\/bmin.info\/WP\/2022\/06\/03\/es-brennt-klimaschutz-darf-nicht-sozial-blind-sein\/\" class=\"more-link\">Continue reading <span class=\"screen-reader-text\">Es brennt! Klimaschutz darf nicht sozial blind sein<\/span><\/a><\/p>\n","protected":false},"author":3,"featured_media":0,"comment_status":"closed","ping_status":"closed","sticky":false,"template":"","format":"standard","meta":{"footnotes":""},"categories":[3],"tags":[],"class_list":["post-10935","post","type-post","status-publish","format-standard","hentry","category-info"],"_links":{"self":[{"href":"https:\/\/bmin.info\/WP\/wp-json\/wp\/v2\/posts\/10935","targetHints":{"allow":["GET"]}}],"collection":[{"href":"https:\/\/bmin.info\/WP\/wp-json\/wp\/v2\/posts"}],"about":[{"href":"https:\/\/bmin.info\/WP\/wp-json\/wp\/v2\/types\/post"}],"author":[{"embeddable":true,"href":"https:\/\/bmin.info\/WP\/wp-json\/wp\/v2\/users\/3"}],"replies":[{"embeddable":true,"href":"https:\/\/bmin.info\/WP\/wp-json\/wp\/v2\/comments?post=10935"}],"version-history":[{"count":3,"href":"https:\/\/bmin.info\/WP\/wp-json\/wp\/v2\/posts\/10935\/revisions"}],"predecessor-version":[{"id":10958,"href":"https:\/\/bmin.info\/WP\/wp-json\/wp\/v2\/posts\/10935\/revisions\/10958"}],"wp:attachment":[{"href":"https:\/\/bmin.info\/WP\/wp-json\/wp\/v2\/media?parent=10935"}],"wp:term":[{"taxonomy":"category","embeddable":true,"href":"https:\/\/bmin.info\/WP\/wp-json\/wp\/v2\/categories?post=10935"},{"taxonomy":"post_tag","embeddable":true,"href":"https:\/\/bmin.info\/WP\/wp-json\/wp\/v2\/tags?post=10935"}],"curies":[{"name":"wp","href":"https:\/\/api.w.org\/{rel}","templated":true}]}}