{"id":10955,"date":"2022-06-08T04:45:00","date_gmt":"2022-06-08T03:45:00","guid":{"rendered":"https:\/\/bmin.info\/WP\/?p=10955"},"modified":"2022-06-11T04:47:25","modified_gmt":"2022-06-11T03:47:25","slug":"volksanwaltschaft-festakt-zum-45-jahr-jubilaeum-in-der-hofburg","status":"publish","type":"post","link":"https:\/\/bmin.info\/WP\/2022\/06\/08\/volksanwaltschaft-festakt-zum-45-jahr-jubilaeum-in-der-hofburg\/","title":{"rendered":"Volksanwaltschaft: Festakt zum 45-Jahr-Jubil\u00e4um in der Hofburg"},"content":{"rendered":"\n<p>Text: Volksanwaltschaft<br \/>Vor 45 Jahren nahm die Volksanwaltschaft ihren Betrieb auf. Seitdem k\u00f6nnen sich laut Verfassung alle, die einen Missstand in der Verwaltung vermuten, an die Volksanwaltschaft wenden.<\/p>\n\n\n\n<p>Wien (OTS) &#8211; Waren die Anf\u00e4nge noch bescheiden \u2013 1977\/78 mit 18 Planstellen \u2013 so wuchsen mit der Zeit auch die Aufgaben der Volksanwaltschaft (VA), sodass der Personalstand auf mittlerweile 92 Planstellen angewachsen ist. Im Jahr 2021 wandten sich rund 23.600 Menschen mit Eingaben an die VA, was zu 11.516 neuen Pr\u00fcfverfahren f\u00fchrte. Die Ergebnisse dieser Pr\u00fcfverfahren werden im j\u00e4hrlichen Bericht \u201eKontrolle der \u00f6ffentlichen Verwaltung\u201c an das Parlament ver\u00f6ffentlicht.<\/p>\n\n\n\n<p>Aus Anlass des halbrunden Geburtstags findet heute im Gro\u00dfen Redoutensaal der Hofburg, dem derzeitigen Plenarsaal des Parlaments, ein gemeinsamer Festakt von VA und Parlament statt. Er\u00f6ffnet wird die Veranstaltung durch Gru\u00dfworte von Nationalratspr\u00e4sidenten Wolfgang Sobotka und Pr\u00e4sidentin des Bundesrats Christine Schwarz-Fuchs. Die Volksanw\u00e4lte Walter Rosenkranz, Werner Amon und Bernhard Achitz geben einen \u00dcberblick \u00fcber das breite Aufgabenspektrum der Volksanwaltschaft, von der \u00f6ffentlichen Kontrolle, die Rolle der VA als Nationale Menschenrechtsinstitution und ihre internationalen Aktivit\u00e4ten bis hin zu den Aufgaben der Heimopferrentenkommission. Die Veranstaltung wird mit Gru\u00dfworten des Pr\u00e4sidenten des International Ombudsman Institute (IOI) Chris Field und der Festrede von Judith Kohlenberger, Forscherin im Bereich der Sozialpolitik an der Wirtschaftsuniversit\u00e4t Wien, beschlossen.<br \/><br \/>Presseaussendung zum Thema:<br \/><a href=\"https:\/\/volksanwaltschaft.gv.at\/artikel\/Volksanwaltschaft-feiert-10-Jahre-OPCAT-Mandat-Menschenrechtsbeirat-Haus-der-Menschenrechte?topic_type=aktuelles&amp;archiv=0\">Volksanwaltschaft feiert 10 Jahre: OPCAT-Mandat \u2013 Menschenrechtsbeirat \u2013 Haus der Menschenrechte<\/a> (07.06.2022)<\/p>\n","protected":false},"excerpt":{"rendered":"<p>Text: VolksanwaltschaftVor 45 Jahren nahm die Volksanwaltschaft ihren Betrieb auf. Seitdem k\u00f6nnen sich laut Verfassung alle, die einen Missstand in der Verwaltung vermuten, an die Volksanwaltschaft wenden. Wien (OTS) &#8211; Waren die Anf\u00e4nge noch bescheiden \u2013 1977\/78 mit 18 Planstellen \u2013 so wuchsen mit der Zeit auch die Aufgaben der Volksanwaltschaft (VA), sodass der Personalstand&#8230; <a href=\"https:\/\/bmin.info\/WP\/2022\/06\/08\/volksanwaltschaft-festakt-zum-45-jahr-jubilaeum-in-der-hofburg\/\" class=\"more-link\">Continue reading <span class=\"screen-reader-text\">Volksanwaltschaft: Festakt zum 45-Jahr-Jubil\u00e4um in der Hofburg<\/span><\/a><\/p>\n","protected":false},"author":3,"featured_media":0,"comment_status":"closed","ping_status":"closed","sticky":false,"template":"","format":"standard","meta":{"footnotes":""},"categories":[3],"tags":[],"class_list":["post-10955","post","type-post","status-publish","format-standard","hentry","category-info"],"_links":{"self":[{"href":"https:\/\/bmin.info\/WP\/wp-json\/wp\/v2\/posts\/10955","targetHints":{"allow":["GET"]}}],"collection":[{"href":"https:\/\/bmin.info\/WP\/wp-json\/wp\/v2\/posts"}],"about":[{"href":"https:\/\/bmin.info\/WP\/wp-json\/wp\/v2\/types\/post"}],"author":[{"embeddable":true,"href":"https:\/\/bmin.info\/WP\/wp-json\/wp\/v2\/users\/3"}],"replies":[{"embeddable":true,"href":"https:\/\/bmin.info\/WP\/wp-json\/wp\/v2\/comments?post=10955"}],"version-history":[{"count":6,"href":"https:\/\/bmin.info\/WP\/wp-json\/wp\/v2\/posts\/10955\/revisions"}],"predecessor-version":[{"id":10966,"href":"https:\/\/bmin.info\/WP\/wp-json\/wp\/v2\/posts\/10955\/revisions\/10966"}],"wp:attachment":[{"href":"https:\/\/bmin.info\/WP\/wp-json\/wp\/v2\/media?parent=10955"}],"wp:term":[{"taxonomy":"category","embeddable":true,"href":"https:\/\/bmin.info\/WP\/wp-json\/wp\/v2\/categories?post=10955"},{"taxonomy":"post_tag","embeddable":true,"href":"https:\/\/bmin.info\/WP\/wp-json\/wp\/v2\/tags?post=10955"}],"curies":[{"name":"wp","href":"https:\/\/api.w.org\/{rel}","templated":true}]}}