{"id":10960,"date":"2022-06-14T16:25:17","date_gmt":"2022-06-14T15:25:17","guid":{"rendered":"https:\/\/bmin.info\/WP\/?p=10960"},"modified":"2022-06-27T16:42:42","modified_gmt":"2022-06-27T15:42:42","slug":"abg-z-nr-a-d-theresia-haidlmayr-verstorben","status":"publish","type":"post","link":"https:\/\/bmin.info\/WP\/2022\/06\/14\/abg-z-nr-a-d-theresia-haidlmayr-verstorben\/","title":{"rendered":"Abg.z.NR a.D. Theresia Haidlmayr verstorben"},"content":{"rendered":"\n<p>Text: BMIN<br \/><em>Die ehemalige Nationalratsabgeordnete der Gr\u00fcnen und Bereichssprecherin f\u00fcr Menschen mit Behinderungen, Theresia Haidlmayr, erlag in der Nacht von 12. auf 13. Juni 2022 im Alter von 66 Jahren einem Krebsleiden.<\/em><\/p>\n\n\n\n<p>Die 1955&nbsp;in Steyr (O\u00d6) geborene Haidlmayr war aufgrund einer Glasknochenkrankheit auf die Benutzung eines Rollstuhls angewiesen. Ihre berufliche Karriere begann sie in der Buchhaltung und Lohnverrechnung, bevor sie in Steyr Koordinatorin in der integrativen Behindertenarbeit wurde.&nbsp;<\/p>\n\n\n<div class=\"wp-block-image\">\n<figure class=\"alignleft size-full is-resized\"><a href=\"https:\/\/bmin.info\/WP\/wp-content\/uploads\/2022\/06\/Haidlm2018.jpg\"><img loading=\"lazy\" decoding=\"async\" src=\"https:\/\/bmin.info\/WP\/wp-content\/uploads\/2022\/06\/Haidlm2018.jpg\" alt=\"\" class=\"wp-image-10976\" width=\"203\" height=\"284\" srcset=\"https:\/\/bmin.info\/WP\/wp-content\/uploads\/2022\/06\/Haidlm2018.jpg 448w, https:\/\/bmin.info\/WP\/wp-content\/uploads\/2022\/06\/Haidlm2018-214x300.jpg 214w, https:\/\/bmin.info\/WP\/wp-content\/uploads\/2022\/06\/Haidlm2018-103x144.jpg 103w\" sizes=\"auto, (max-width: 203px) 100vw, 203px\" \/><\/a><\/figure>\n<\/div>\n\n<div class=\"wp-block-image\">\n<figure class=\"alignright size-full is-resized\"><a href=\"https:\/\/bmin.info\/WP\/wp-content\/uploads\/2022\/06\/haidlma2008-1.jpg\"><img loading=\"lazy\" decoding=\"async\" src=\"https:\/\/bmin.info\/WP\/wp-content\/uploads\/2022\/06\/haidlma2008-1.jpg\" alt=\"\" class=\"wp-image-10981\" width=\"224\" height=\"314\"\/><\/a><\/figure>\n<\/div>\n\n\n<p>Von 1994 bis 2008 war Haidlmayr als Nationalratsabgeordnete, Behinderten-&nbsp;und Zivildienstsprecherin f\u00fcr \u201eDie Gr\u00fcnen\u201c t\u00e4tig.&nbsp;Der Abschied verlief dabei nicht reibungslos &#8211; sie f\u00fchle sich zur Nichtkandidatur bei den anstehenden Wahlen &#8222;gezwungen&#8220;, so Haidlmayr damals. Wegen Aussichtslosigkeit auf ein w\u00e4hlbares Mandat stellte sie sich beim Bundeskongress nicht mehr der Wahl.<\/p>\n\n\n\n<p>Nach Beendigung ihrer T\u00e4tigkeit als Politikerin engagierte sich Haidlmayr ehrenamtlich beim Verein Aids Life, der u.a. den Life Ball organisiert.<\/p>\n\n\n\n<p>Mit <a href=\"https:\/\/de.wikipedia.org\/wiki\/Theresia_Haidlmayr\">Theresia Haidlmayr<\/a> verliert die Behindertenbewegung eine herzliche Mitstreiterin, die sich intensiv f\u00fcr die Inklusion und Gleichberechtigung von Menschen mit Behinderung eingesetzt hat. Unser Mitgef\u00fchl gilt ihrer Familie, ihren Angeh\u00f6rigen und Freunden. Ihr Ableben ist ein schmerzvoller Verlust f\u00fcr die Behindertenbewegung.<br \/><br \/><strong>Die Urnenbestattung findet am Freitag, den 8. Juli 2022, am Zentralfriedhof um 14 Uhr statt.<\/strong><\/p>\n\n\n\n<p>Artikel und Presseaussendungen zum Thema:<br \/><a href=\"https:\/\/www.ots.at\/presseaussendung\/OTS_20220613_OTS0161\/bundespraesident-betroffen-ueber-ableben-von-theresia-haidlmayr\">Bundespr\u00e4sident betroffen \u00fcber Ableben von Theresia Haidlmayr<\/a><br \/><a href=\"https:\/\/www.ots.at\/presseaussendung\/OTS_20220613_OTS0148\/sozialminister-johannes-rauch-zum-tod-von-theresia-haidlmayr\">Sozialminister Johannes Rauch zum Tod von Theresia Haidlmayr<\/a><br \/><a href=\"https:\/\/www.ots.at\/presseaussendung\/OTS_20220613_OTS0144\/gruene-trauern-um-theresia-haidlmayr\">Gr\u00fcne trauern um Theresia Haidlmayr<\/a><br \/><a href=\"https:\/\/www.ots.at\/presseaussendung\/OTS_20220613_OTS0130\/gruene-wien-puehringerkraus-trauer-ueber-den-verlust-von-theresia-haidlmayr\">Gr\u00fcne Wien \u2013 P\u00fchringer\/Kraus: Trauer \u00fcber den Verlust von Theresia Haidlmayr<\/a><br \/><a href=\"https:\/\/www.behindertenrat.at\/2022\/06\/trauer-um-theresia-haidlmayr\/\">Trauer um Theresia Haidlmayr<\/a> (behindertenrat.at)<br \/><a href=\"https:\/\/orf.at\/stories\/3270967\/\">Langj\u00e4hrige gr\u00fcne Behindertensprecherin Haidlmayr gestorben<\/a> (orf.at)<br \/><a href=\"https:\/\/www.nachrichten.at\/politik\/innenpolitik\/gruenen-politikerin-theresia-haidlmayr-mit-66-jahren-gestorben;art385,3666017\">Gr\u00fcnen-Politikerin Theresia Haidlmayr mit 66 Jahren gestorben<\/a> (O\u00d6-Nachrichten)<br \/><a href=\"https:\/\/kurier.at\/politik\/inland\/ex-gruen-abgeordnete-haidlmayr-gestorben\/402040317\">Ex-Gr\u00fcn-Abgeordnete Theresia Haidlmayr gestorben<\/a> (kurier.at)<br \/><a href=\"https:\/\/www.heute.at\/s\/pionierin-kaempferin-theresia-haidlmayr-ist-tot-100212197\">&#8222;Pionierin, K\u00e4mpferin&#8220; \u2013 Theresia Haidlmayr ist tot<\/a> (heute.at)<br \/><a href=\"https:\/\/www.meinbezirk.at\/c-politik\/langjaehrige-gruene-behindertensprecherin-haidlmayr-verstorben_a5408611\">Langj\u00e4hrige Gr\u00fcne Behindertensprecherin Haidlmayr verstorben<\/a> (meinBezirk.at)<br \/><a href=\"https:\/\/www.bizeps.or.at\/die-selbstbestimmt-leben-bewegung-trauert-um-theresia-haidlmayr\/\">Die Selbstbestimmt-Leben-Bewegung trauert um Theresia Haidlmayr<\/a> BIZEPS online (21.06.2022)<br \/><em>SLI\u00d6 trauert um Theresia Haidlmayr, langj\u00e4hriges Mitglied der Selbstbestimmt-Leben-Bewegung, die in den fr\u00fchen Morgenstunden des 13. Juni 2022 verstorben ist.<\/em><\/p>\n","protected":false},"excerpt":{"rendered":"<p>Text: BMINDie ehemalige Nationalratsabgeordnete der Gr\u00fcnen und Bereichssprecherin f\u00fcr Menschen mit Behinderungen, Theresia Haidlmayr, erlag in der Nacht von 12. auf 13. Juni 2022 im Alter von 66 Jahren einem Krebsleiden. Die 1955&nbsp;in Steyr (O\u00d6) geborene Haidlmayr war aufgrund einer Glasknochenkrankheit auf die Benutzung eines Rollstuhls angewiesen. Ihre berufliche Karriere begann sie in der Buchhaltung&#8230; <a href=\"https:\/\/bmin.info\/WP\/2022\/06\/14\/abg-z-nr-a-d-theresia-haidlmayr-verstorben\/\" class=\"more-link\">Continue reading <span class=\"screen-reader-text\">Abg.z.NR a.D. Theresia Haidlmayr verstorben<\/span><\/a><\/p>\n","protected":false},"author":3,"featured_media":0,"comment_status":"closed","ping_status":"closed","sticky":false,"template":"","format":"standard","meta":{"footnotes":""},"categories":[3],"tags":[],"class_list":["post-10960","post","type-post","status-publish","format-standard","hentry","category-info"],"_links":{"self":[{"href":"https:\/\/bmin.info\/WP\/wp-json\/wp\/v2\/posts\/10960","targetHints":{"allow":["GET"]}}],"collection":[{"href":"https:\/\/bmin.info\/WP\/wp-json\/wp\/v2\/posts"}],"about":[{"href":"https:\/\/bmin.info\/WP\/wp-json\/wp\/v2\/types\/post"}],"author":[{"embeddable":true,"href":"https:\/\/bmin.info\/WP\/wp-json\/wp\/v2\/users\/3"}],"replies":[{"embeddable":true,"href":"https:\/\/bmin.info\/WP\/wp-json\/wp\/v2\/comments?post=10960"}],"version-history":[{"count":11,"href":"https:\/\/bmin.info\/WP\/wp-json\/wp\/v2\/posts\/10960\/revisions"}],"predecessor-version":[{"id":11015,"href":"https:\/\/bmin.info\/WP\/wp-json\/wp\/v2\/posts\/10960\/revisions\/11015"}],"wp:attachment":[{"href":"https:\/\/bmin.info\/WP\/wp-json\/wp\/v2\/media?parent=10960"}],"wp:term":[{"taxonomy":"category","embeddable":true,"href":"https:\/\/bmin.info\/WP\/wp-json\/wp\/v2\/categories?post=10960"},{"taxonomy":"post_tag","embeddable":true,"href":"https:\/\/bmin.info\/WP\/wp-json\/wp\/v2\/tags?post=10960"}],"curies":[{"name":"wp","href":"https:\/\/api.w.org\/{rel}","templated":true}]}}