{"id":11016,"date":"2022-07-02T10:31:59","date_gmt":"2022-07-02T09:31:59","guid":{"rendered":"https:\/\/bmin.info\/WP\/?p=11016"},"modified":"2022-07-02T10:31:59","modified_gmt":"2022-07-02T09:31:59","slug":"psychiatrie-mehr-personal-als-schluessel-gegen-menschenrechtsverletzungen","status":"publish","type":"post","link":"https:\/\/bmin.info\/WP\/2022\/07\/02\/psychiatrie-mehr-personal-als-schluessel-gegen-menschenrechtsverletzungen\/","title":{"rendered":"Psychiatrie: Mehr Personal als Schl\u00fcssel gegen Menschenrechtsverletzungen"},"content":{"rendered":"\n<p>Text: Volksanwaltschaft<br \/>Seit 2012 ist die Volksanwaltschaft f\u00fcr die Pr\u00e4ventive Menschenrechtskontrolle zust\u00e4ndig, nun haben ihre Kontrollkommissionen schwerpunktm\u00e4\u00dfig die psychiatrischen Krankenanstalten und Abteilungen in ganz \u00d6sterreich gepr\u00fcft. 2021 wurden dazu 50 Besuche durchgef\u00fchrt. Die Auswertung wurde nun der \u00d6ffentlichkeit pr\u00e4sentiert.<\/p>\n\n\n<div class=\"wp-block-image\">\n<figure class=\"alignright size-full is-resized\"><a href=\"https:\/\/bmin.info\/WP\/wp-content\/uploads\/2022\/07\/c-Photo-Simonis.jpg\"><img loading=\"lazy\" decoding=\"async\" src=\"https:\/\/bmin.info\/WP\/wp-content\/uploads\/2022\/07\/c-Photo-Simonis.jpg\" alt=\"\" class=\"wp-image-11020\" width=\"183\" height=\"244\" srcset=\"https:\/\/bmin.info\/WP\/wp-content\/uploads\/2022\/07\/c-Photo-Simonis.jpg 244w, https:\/\/bmin.info\/WP\/wp-content\/uploads\/2022\/07\/c-Photo-Simonis-225x300.jpg 225w, https:\/\/bmin.info\/WP\/wp-content\/uploads\/2022\/07\/c-Photo-Simonis-108x144.jpg 108w\" sizes=\"auto, (max-width: 183px) 100vw, 183px\" \/><\/a><figcaption><em>(<strong>c<\/strong>)-Photo-Simonis<\/em><\/figcaption><\/figure>\n<\/div>\n\n\n<p>\u201eAuf den Pr\u00fcfschwerpunkt Psychiatrie haben sich die Volksanwaltschaft und ihre Kommissionen geeinigt, weil dort das Aggressionspotential und die Gewaltgefahr hoch sind\u201c, sagt Volksanwalt Bernhard Achitz: \u201eEinerseits sind die Besch\u00e4ftigten immer wieder mit gewaltt\u00e4tigen oder aggressiven Patientinnen und Patienten konfrontiert. Und andererseits m\u00fcssen sie selbst Gewalt in Form von Zwangsma\u00dfnahmen aus\u00fcben.\u201c<\/p>\n\n\n\n<p><strong>Deeskalationsschulungen selten f\u00fcr alle Berufsgruppen verpflichtend<\/strong><br \/>Das Ergebnis der Auswertung ist durchwachsen: \u201eImmer mehr psychiatrische Einrichtungen setzen Deeskalationsschulungen ein. Allerdings in vielen F\u00e4llen nur f\u00fcr das Pflegepersonal, seltener auch f\u00fcr \u00c4rztinnen und \u00c4rzte verpflichtend, und noch weniger auch f\u00fcr das sonstige Personal\u201c, fasst Achitz zusammen: \u201eUm freiheitsbeschr\u00e4nkende Ma\u00dfnahmen zu vermeiden, muss das gesamte Personal verpflichtend aus- und weitergebildet werden, zumindest aber Berufsgruppen mit Patientinnen- und Patientenkontakt.\u201c<\/p>\n\n\n\n<p>Verbesserungsbedarf sieht die Volksanwaltschaft auch bei Dokumentation und statistischer Auswertung: \u201eAlle F\u00e4lle von Aggression m\u00fcssen systematisch erfasst werden. Aus der statistischen Auswertung der Gewaltereignisse muss man dann die n\u00f6tigen Schl\u00fcsse ziehen. Dass man die Ursache f\u00fcr Gewalt kennt, ist entscheidend f\u00fcr wirksame Pr\u00e4ventionsarbeit.\u201c Karin Guti\u00e9rrez-Lobos, Leiterin einer der Kommissionen der Volksanwaltschaft und selbst Psychiaterin, zitiert dazu eine Studie, in der die Betroffenen angaben, \u201edass zur Pr\u00e4vention R\u00fcckzugsr\u00e4ume, Art der Kommunikation und Respektierung der Privat- und Intimsph\u00e4re besonders wichtig sind.\u201c<\/p>\n\n\n\n<p><strong>Handlungsbedarf \u2013 Nur qualifiziertes Personal darf Fixierungen durchf\u00fchren!<\/strong><br \/>Die Sonderpr\u00fcfung hat ergeben, dass freiheitsbeschr\u00e4nkende Ma\u00dfnahmen wie Fixierungen in einem Viertel der Einrichtungen nicht ausschlie\u00dflich durch qualifiziertes \u00e4rztliches und pflegerisches Personal durchgef\u00fchrt werden. \u201eHier besteht enormer Handlungsbedarf, denn Fixierungen sind ein gravierender Einschnitt in die Menschenrechte, sie d\u00fcrfen nur als allerletztes Mittel eingesetzt werden, um Gefahr f\u00fcr Leben oder Gesundheit abzuwenden\u201c, sagt Achitz: \u201eSonst handelt es sich um Folter.\u201c Leider mussten die Kommissionen auch beobachten, dass Fixierungen in Anwesenheit anderer Patientinnen bzw. Patienten durchgef\u00fchrt wurden, manchmal sogar am Gang.<\/p>\n\n\n\n<p><strong>Deeskalation ist eines der wichtigsten Handwerkszeuge der Psychiatrie<\/strong><br \/>Bernhard Rappert ist Leiter des Fachbereichs Patientenanwaltschaft bei VertretungsNetz. Die Patientenanw\u00e4ltinnen und Patientenanw\u00e4lte nach dem Unterbringungsgesetz sind t\u00e4glich vor Ort auf den psychiatrischen Stationen im Einsatz. Sie nehmen Kontakt zu den untergebrachten Patientinnen und Patienten auf, beraten und vertreten sie und \u00fcberpr\u00fcfen, ob ihre Grundrechte verletzt werden. Deeskalation ist f\u00fcr ihn eines der wichtigsten Handwerkszeuge der Psychiatrie. \u201eUm Gewaltsituationen pr\u00e4ventiv zu vermeiden und wenn, dann professionell zu bearbeiten, sind Zeit und Raum n\u00f6tig\u201c. Eine moderne r\u00e4umliche Gestaltung psychiatrischer Stationen, und ausreichend Zeit, um sich mit den betroffenen Personen auseinanderzusetzen \u201ef\u00fchren effektiv dazu, institutionellen Zwang zu reduzieren\u201c.<\/p>\n\n\n\n<p><strong>Mehr Personal ist der Schl\u00fcssel gegen Menschenrechtsverletzungen<\/strong><br \/>Und wie so oft, zeigt auch das Ergebnis des Psychiatrie-Schwerpunkts der Volksanwaltschaft: \u201eViele Probleme liegen am Personalmangel. Mehr Personal ist der Schl\u00fcssel, um Menschenrechtsverletzungen zu verhindern\u201c, sagt Achitz. \u201eDar\u00fcber hinaus braucht es den Ausbau von niederschwelligen Behandlungsangeboten wie etwa Krisendiensten, und aufsuchende ambulante Versorgung, um m\u00f6glichst viele Situationen, die zu einer Unterbringung f\u00fchren k\u00f6nnen, schon im Vorfeld zu vermeiden\u201c, erg\u00e4nzt Guti\u00e9rrez-Lobos.<\/p>\n","protected":false},"excerpt":{"rendered":"<p>Text: VolksanwaltschaftSeit 2012 ist die Volksanwaltschaft f\u00fcr die Pr\u00e4ventive Menschenrechtskontrolle zust\u00e4ndig, nun haben ihre Kontrollkommissionen schwerpunktm\u00e4\u00dfig die psychiatrischen Krankenanstalten und Abteilungen in ganz \u00d6sterreich gepr\u00fcft. 2021 wurden dazu 50 Besuche durchgef\u00fchrt. Die Auswertung wurde nun der \u00d6ffentlichkeit pr\u00e4sentiert. \u201eAuf den Pr\u00fcfschwerpunkt Psychiatrie haben sich die Volksanwaltschaft und ihre Kommissionen geeinigt, weil dort das Aggressionspotential und&#8230; <a href=\"https:\/\/bmin.info\/WP\/2022\/07\/02\/psychiatrie-mehr-personal-als-schluessel-gegen-menschenrechtsverletzungen\/\" class=\"more-link\">Continue reading <span class=\"screen-reader-text\">Psychiatrie: Mehr Personal als Schl\u00fcssel gegen Menschenrechtsverletzungen<\/span><\/a><\/p>\n","protected":false},"author":3,"featured_media":0,"comment_status":"closed","ping_status":"closed","sticky":false,"template":"","format":"standard","meta":{"footnotes":""},"categories":[3],"tags":[],"class_list":["post-11016","post","type-post","status-publish","format-standard","hentry","category-info"],"_links":{"self":[{"href":"https:\/\/bmin.info\/WP\/wp-json\/wp\/v2\/posts\/11016","targetHints":{"allow":["GET"]}}],"collection":[{"href":"https:\/\/bmin.info\/WP\/wp-json\/wp\/v2\/posts"}],"about":[{"href":"https:\/\/bmin.info\/WP\/wp-json\/wp\/v2\/types\/post"}],"author":[{"embeddable":true,"href":"https:\/\/bmin.info\/WP\/wp-json\/wp\/v2\/users\/3"}],"replies":[{"embeddable":true,"href":"https:\/\/bmin.info\/WP\/wp-json\/wp\/v2\/comments?post=11016"}],"version-history":[{"count":4,"href":"https:\/\/bmin.info\/WP\/wp-json\/wp\/v2\/posts\/11016\/revisions"}],"predecessor-version":[{"id":11022,"href":"https:\/\/bmin.info\/WP\/wp-json\/wp\/v2\/posts\/11016\/revisions\/11022"}],"wp:attachment":[{"href":"https:\/\/bmin.info\/WP\/wp-json\/wp\/v2\/media?parent=11016"}],"wp:term":[{"taxonomy":"category","embeddable":true,"href":"https:\/\/bmin.info\/WP\/wp-json\/wp\/v2\/categories?post=11016"},{"taxonomy":"post_tag","embeddable":true,"href":"https:\/\/bmin.info\/WP\/wp-json\/wp\/v2\/tags?post=11016"}],"curies":[{"name":"wp","href":"https:\/\/api.w.org\/{rel}","templated":true}]}}