{"id":11041,"date":"2022-07-05T15:25:00","date_gmt":"2022-07-05T14:25:00","guid":{"rendered":"https:\/\/bmin.info\/WP\/?p=11041"},"modified":"2022-07-11T08:20:39","modified_gmt":"2022-07-11T07:20:39","slug":"pflegereform-heimhelferinnen-und-behindertenbetreuerinnen-bekommen-durch-druck-von-ak-und-oegb-mehr-geld","status":"publish","type":"post","link":"https:\/\/bmin.info\/WP\/2022\/07\/05\/pflegereform-heimhelferinnen-und-behindertenbetreuerinnen-bekommen-durch-druck-von-ak-und-oegb-mehr-geld\/","title":{"rendered":"Pflegereform: Heimhelfer*innen und Behindertenbetreuer*innen bekommen durch Druck von AK und \u00d6GB mehr Geld"},"content":{"rendered":"\n<p>Text: AK Nieder\u00f6sterreich<br \/><em><strong>AK Nieder\u00f6sterreich-Wieser: \u201eErfolg f\u00fcr Betroffene, wesentliche Schw\u00e4chen im Gesetz bleiben aber\u201c<\/strong><\/em><br \/>St. P\u00f6lten (OTS) &#8211; Erster Teilerfolg f\u00fcr Arbeiterkammern und Gewerkschaften und vor allem Betroffene: Bei der geplanten Pflegereform sollen laut j\u00fcngsten Meldungen auch Heimhelfer*innen und Behindertenbetreuer*innen mehr Geld bekommen. F\u00fcr AK Nieder\u00f6sterreich-Pr\u00e4sident und \u00d6GB N\u00d6-Vorsitzenden Markus Wieser bleiben aber wesentliche Schw\u00e4chen der geplanten Reform bestehen.<\/p>\n\n\n\n<p>AK Nieder\u00f6sterreich Pr\u00e4sident und \u00d6GB Nieder\u00f6sterreich Vorsitzender Markus Wieser begr\u00fc\u00dft die nun bekanntgewordenen Verbesserungen bei der Pflegereform. \u201eDass auch Heimhelfer*innen und Behindertenbetreuer*innen die Zweckzusch\u00fcsse bekommen, ist richtig und wichtig. Es ist gut, dass diese Forderung von AK und Gewerkschaften laut j\u00fcngsten Meldungen umgesetzt wird.\u201c<\/p>\n\n\n\n<p>Wesentliche Schwachstellen der Reform bleiben aber bestehen: So ist die Finanzierung je nach Bundesland unterschiedlich und kompliziert, au\u00dferdem sieht der Gesetzesentwurf nur auf zwei Jahre befristete Zusch\u00fcsse vor und keine dauerhaft bessere Bezahlung. Expert*innen sprechen von einer schwierigen oder gar unm\u00f6glichen Umsetzung. \u201eHier muss rasch Klarheit geschaffen werden, wie das in der Praxis funktionieren soll\u201c, sagt Wieser.<\/p>\n\n\n\n<p>Die zentrale Forderung von AK und Gewerkschaften ans Parlament bleibt laut Wieser jedenfalls am Tisch: \u201eMenschen, die in Gesundheitsberufen arbeiten, m\u00fcssen dauerhaft, fair und deutlich besser bezahlt werden.\u201c<\/p>\n\n\n\n<p>Artikel und Presseaussendungen zum Thema:<br \/><a href=\"https:\/\/www.parlament.gv.at\/PAKT\/PR\/JAHR_2022\/PK0841\/index.shtml\">Pflegereform: Gehaltserh\u00f6hungen auch f\u00fcr Heimhilfen und Behindertenbegleiter:innen beschlossen<\/a> &#8211; Parlamentskorrespondenz Nr. 841 vom 07.07.2022<br \/><em>Mehr Befugnisse f\u00fcr Pflegekr\u00e4fte, 600 \u20ac Ausbildungszuschuss, Bonus f\u00fcr pflegende Angeh\u00f6rige kommt erst im Herbst<\/em><br \/><a href=\"https:\/\/www.ots.at\/presseaussendung\/OTS_20220705_OTS0145\/grebiengruene-pflegepaket-bringt-gehaltserhoehung-fuer-behindertenbetreuerinnen\">Grebien\/Gr\u00fcne: Pflegepaket bringt Gehaltserh\u00f6hung f\u00fcr Behindertenbetreuer:innen<\/a> (ots.at)<br \/><a href=\"https:\/\/www.ots.at\/presseaussendung\/OTS_20220705_OTS0169\/lebenshilfe-begruesst-gehaltserhoehung-fuer-behindertenbetreuerinnen-im-pflegepaket\">Lebenshilfe begr\u00fc\u00dft Gehaltserh\u00f6hung f\u00fcr Behindertenbetreuer*innen im Pflegepaket<\/a> (ots.at)<\/p>\n","protected":false},"excerpt":{"rendered":"<p>Text: AK Nieder\u00f6sterreichAK Nieder\u00f6sterreich-Wieser: \u201eErfolg f\u00fcr Betroffene, wesentliche Schw\u00e4chen im Gesetz bleiben aber\u201cSt. P\u00f6lten (OTS) &#8211; Erster Teilerfolg f\u00fcr Arbeiterkammern und Gewerkschaften und vor allem Betroffene: Bei der geplanten Pflegereform sollen laut j\u00fcngsten Meldungen auch Heimhelfer*innen und Behindertenbetreuer*innen mehr Geld bekommen. F\u00fcr AK Nieder\u00f6sterreich-Pr\u00e4sident und \u00d6GB N\u00d6-Vorsitzenden Markus Wieser bleiben aber wesentliche Schw\u00e4chen der geplanten&#8230; <a href=\"https:\/\/bmin.info\/WP\/2022\/07\/05\/pflegereform-heimhelferinnen-und-behindertenbetreuerinnen-bekommen-durch-druck-von-ak-und-oegb-mehr-geld\/\" class=\"more-link\">Continue reading <span class=\"screen-reader-text\">Pflegereform: Heimhelfer*innen und Behindertenbetreuer*innen bekommen durch Druck von AK und \u00d6GB mehr Geld<\/span><\/a><\/p>\n","protected":false},"author":3,"featured_media":0,"comment_status":"closed","ping_status":"closed","sticky":false,"template":"","format":"standard","meta":{"footnotes":""},"categories":[3],"tags":[],"class_list":["post-11041","post","type-post","status-publish","format-standard","hentry","category-info"],"_links":{"self":[{"href":"https:\/\/bmin.info\/WP\/wp-json\/wp\/v2\/posts\/11041","targetHints":{"allow":["GET"]}}],"collection":[{"href":"https:\/\/bmin.info\/WP\/wp-json\/wp\/v2\/posts"}],"about":[{"href":"https:\/\/bmin.info\/WP\/wp-json\/wp\/v2\/types\/post"}],"author":[{"embeddable":true,"href":"https:\/\/bmin.info\/WP\/wp-json\/wp\/v2\/users\/3"}],"replies":[{"embeddable":true,"href":"https:\/\/bmin.info\/WP\/wp-json\/wp\/v2\/comments?post=11041"}],"version-history":[{"count":3,"href":"https:\/\/bmin.info\/WP\/wp-json\/wp\/v2\/posts\/11041\/revisions"}],"predecessor-version":[{"id":11092,"href":"https:\/\/bmin.info\/WP\/wp-json\/wp\/v2\/posts\/11041\/revisions\/11092"}],"wp:attachment":[{"href":"https:\/\/bmin.info\/WP\/wp-json\/wp\/v2\/media?parent=11041"}],"wp:term":[{"taxonomy":"category","embeddable":true,"href":"https:\/\/bmin.info\/WP\/wp-json\/wp\/v2\/categories?post=11041"},{"taxonomy":"post_tag","embeddable":true,"href":"https:\/\/bmin.info\/WP\/wp-json\/wp\/v2\/tags?post=11041"}],"curies":[{"name":"wp","href":"https:\/\/api.w.org\/{rel}","templated":true}]}}