{"id":11049,"date":"2022-07-10T10:36:36","date_gmt":"2022-07-10T09:36:36","guid":{"rendered":"https:\/\/bmin.info\/WP\/?p=11049"},"modified":"2022-07-23T09:58:22","modified_gmt":"2022-07-23T08:58:22","slug":"lokalaugenschein-in-wien-brigittenau-neue-schanigaerten-nicht-barrierefrei","status":"publish","type":"post","link":"https:\/\/bmin.info\/WP\/2022\/07\/10\/lokalaugenschein-in-wien-brigittenau-neue-schanigaerten-nicht-barrierefrei\/","title":{"rendered":"Lokalaugenschein in Wien-Brigittenau: Neue Schanig\u00e4rten nicht barrierefrei"},"content":{"rendered":"\n<p>Text: Pepo Meia, David Herrmann<br \/>In den letzten Wochen h\u00e4ufen sich die Negativbeispiele hinsichtlich nicht barrierefreier Schanig\u00e4rten. Rechtlich ist dies eindeutig geregelt und trotz Schanigartenrichtlinie werden nach wie vor Schanig\u00e4rten, mit Stufe und ohne Rampenzugang, rechtswidrig errichtet.&nbsp;<\/p>\n\n\n\n<p>Bei einer Besichtigung in der N\u00e4he bei der U-Bahnstation J\u00e4gerstra\u00dfe im 20. Wiener Gemeindebezirk haben wir erneut mehrere Gastst\u00e4tten gefunden, von deren Schanig\u00e4rten Rollstuhlfahrer ausgeschlossen sind.&nbsp;<\/p>\n\n\n\n<p>Das Restaurant <strong>Bilber\/Gelateria Eissalon Grassi<\/strong> in der Burghardtgasse\/Ecke Leipziger Stra\u00dfe ist nicht barrierefrei zug\u00e4nglich. Der neugestaltete Schanigarten befindet sich vor dem Lokal. Wie auf den Fotos ersichtlich, wurde der Schanigarten mit Stufe errichtet. Vor einem Jahr konnte man noch ohne Stufe im Freien konsumieren. Der Betreiber meinte auf Nachfrage, dass er eine Bewilligung f\u00fcr diesen Schanigarten habe. Er argumentierte die fehlende Barrierefreiheit damit, dass auch die anderen Gastronomiebetriebe in der N\u00e4he keine barrierefreien Schanig\u00e4rten haben.<\/p>\n\n\n\n<figure class=\"wp-block-gallery has-nested-images columns-default is-cropped wp-block-gallery-1 is-layout-flex wp-block-gallery-is-layout-flex\">\n<figure class=\"wp-block-image size-large\"><a href=\"https:\/\/bmin.info\/WP\/wp-content\/uploads\/2022\/07\/IMG_1496.jpg\"><img loading=\"lazy\" decoding=\"async\" width=\"1024\" height=\"776\" data-id=\"11075\" src=\"https:\/\/bmin.info\/WP\/wp-content\/uploads\/2022\/07\/IMG_1496-1024x776.jpg\" alt=\"\" class=\"wp-image-11075\" srcset=\"https:\/\/bmin.info\/WP\/wp-content\/uploads\/2022\/07\/IMG_1496-1024x776.jpg 1024w, https:\/\/bmin.info\/WP\/wp-content\/uploads\/2022\/07\/IMG_1496-300x227.jpg 300w, https:\/\/bmin.info\/WP\/wp-content\/uploads\/2022\/07\/IMG_1496-768x582.jpg 768w, https:\/\/bmin.info\/WP\/wp-content\/uploads\/2022\/07\/IMG_1496-144x109.jpg 144w, https:\/\/bmin.info\/WP\/wp-content\/uploads\/2022\/07\/IMG_1496.jpg 1247w\" sizes=\"auto, (max-width: 1024px) 100vw, 1024px\" \/><\/a><\/figure>\n\n\n\n<figure class=\"wp-block-image size-large\"><a href=\"https:\/\/bmin.info\/WP\/wp-content\/uploads\/2022\/07\/IMG_1499.jpg\"><img loading=\"lazy\" decoding=\"async\" width=\"1024\" height=\"768\" data-id=\"11077\" src=\"https:\/\/bmin.info\/WP\/wp-content\/uploads\/2022\/07\/IMG_1499-1024x768.jpg\" alt=\"\" class=\"wp-image-11077\" srcset=\"https:\/\/bmin.info\/WP\/wp-content\/uploads\/2022\/07\/IMG_1499-1024x768.jpg 1024w, https:\/\/bmin.info\/WP\/wp-content\/uploads\/2022\/07\/IMG_1499-300x225.jpg 300w, https:\/\/bmin.info\/WP\/wp-content\/uploads\/2022\/07\/IMG_1499-768x576.jpg 768w, https:\/\/bmin.info\/WP\/wp-content\/uploads\/2022\/07\/IMG_1499-144x108.jpg 144w, https:\/\/bmin.info\/WP\/wp-content\/uploads\/2022\/07\/IMG_1499.jpg 1280w\" sizes=\"auto, (max-width: 1024px) 100vw, 1024px\" \/><\/a><\/figure>\n\n\n\n<figure class=\"wp-block-image size-large\"><a href=\"https:\/\/bmin.info\/WP\/wp-content\/uploads\/2022\/07\/IMG_1500.jpg\"><img loading=\"lazy\" decoding=\"async\" width=\"1024\" height=\"855\" data-id=\"11076\" src=\"https:\/\/bmin.info\/WP\/wp-content\/uploads\/2022\/07\/IMG_1500-1024x855.jpg\" alt=\"\" class=\"wp-image-11076\" srcset=\"https:\/\/bmin.info\/WP\/wp-content\/uploads\/2022\/07\/IMG_1500-1024x855.jpg 1024w, https:\/\/bmin.info\/WP\/wp-content\/uploads\/2022\/07\/IMG_1500-300x251.jpg 300w, https:\/\/bmin.info\/WP\/wp-content\/uploads\/2022\/07\/IMG_1500-768x641.jpg 768w, https:\/\/bmin.info\/WP\/wp-content\/uploads\/2022\/07\/IMG_1500-144x120.jpg 144w, https:\/\/bmin.info\/WP\/wp-content\/uploads\/2022\/07\/IMG_1500.jpg 1280w\" sizes=\"auto, (max-width: 1024px) 100vw, 1024px\" \/><\/a><\/figure>\n<\/figure>\n\n\n\n<p>Die Pizzeria <strong>La Esno<\/strong> in der Klosterneuburger Stra\u00dfe wurde vor rund einem halben Jahr neu \u00fcbernommen. Hier befand sich zuvor eine B\u00e4ckerei, ohne&nbsp; Schanigarten. Mittlerweile wurde ein kleiner Schanigarten mit Stufe errichtet. Der Betreiber dieser Lokalit\u00e4t meinte, er habe eine Schanigarten-Bewilligung<\/p>\n\n\n<div class=\"wp-block-image\">\n<figure class=\"aligncenter size-large\"><a href=\"https:\/\/bmin.info\/WP\/wp-content\/uploads\/2022\/07\/IMG_0692.jpg\"><img loading=\"lazy\" decoding=\"async\" width=\"1024\" height=\"768\" src=\"https:\/\/bmin.info\/WP\/wp-content\/uploads\/2022\/07\/IMG_0692-1024x768.jpg\" alt=\"\" class=\"wp-image-11079\" srcset=\"https:\/\/bmin.info\/WP\/wp-content\/uploads\/2022\/07\/IMG_0692-1024x768.jpg 1024w, https:\/\/bmin.info\/WP\/wp-content\/uploads\/2022\/07\/IMG_0692-300x225.jpg 300w, https:\/\/bmin.info\/WP\/wp-content\/uploads\/2022\/07\/IMG_0692-768x576.jpg 768w, https:\/\/bmin.info\/WP\/wp-content\/uploads\/2022\/07\/IMG_0692-144x108.jpg 144w, https:\/\/bmin.info\/WP\/wp-content\/uploads\/2022\/07\/IMG_0692.jpg 1249w\" sizes=\"auto, (max-width: 1024px) 100vw, 1024px\" \/><\/a><\/figure>\n<\/div>\n\n\n<p>In der Gerhardusgasse sind gleich zwei Lokalit\u00e4ten nicht barrierefrei: Die Gastst\u00e4tte <strong>Kopfwehinsel<\/strong> ist lediglich \u00fcber Stufen begehbar. Auch der Schanigarten ist f\u00fcr Rollstuhlnutzer nicht zug\u00e4nglich. Der Betreiber gab ebenfalls an, eine Bewilligung f\u00fcr den Schanigarten zu besitzen.<\/p>\n\n\n\n<p>Daneben befindet sich das Lokal <strong>Savacium<\/strong>, das ebenso nur \u00fcber Stufen erreichbar ist. Die Fl\u00e4che des (noch leerstehenden) Schanigartens ist ebenfalls nicht barrierefrei zug\u00e4nglich.<\/p>\n\n\n\n<figure class=\"wp-block-gallery has-nested-images columns-default is-cropped wp-block-gallery-2 is-layout-flex wp-block-gallery-is-layout-flex\">\n<figure class=\"wp-block-image size-large\"><a href=\"https:\/\/bmin.info\/WP\/wp-content\/uploads\/2022\/07\/IMG_1493.jpg\"><img loading=\"lazy\" decoding=\"async\" width=\"1024\" height=\"706\" data-id=\"11082\" src=\"https:\/\/bmin.info\/WP\/wp-content\/uploads\/2022\/07\/IMG_1493-1024x706.jpg\" alt=\"\" class=\"wp-image-11082\" srcset=\"https:\/\/bmin.info\/WP\/wp-content\/uploads\/2022\/07\/IMG_1493-1024x706.jpg 1024w, https:\/\/bmin.info\/WP\/wp-content\/uploads\/2022\/07\/IMG_1493-300x207.jpg 300w, https:\/\/bmin.info\/WP\/wp-content\/uploads\/2022\/07\/IMG_1493-768x529.jpg 768w, https:\/\/bmin.info\/WP\/wp-content\/uploads\/2022\/07\/IMG_1493-144x99.jpg 144w, https:\/\/bmin.info\/WP\/wp-content\/uploads\/2022\/07\/IMG_1493.jpg 1280w\" sizes=\"auto, (max-width: 1024px) 100vw, 1024px\" \/><\/a><\/figure>\n\n\n\n<figure class=\"wp-block-image size-large\"><a href=\"https:\/\/bmin.info\/WP\/wp-content\/uploads\/2022\/07\/IMG_1491.jpg\"><img loading=\"lazy\" decoding=\"async\" width=\"1024\" height=\"768\" data-id=\"11081\" src=\"https:\/\/bmin.info\/WP\/wp-content\/uploads\/2022\/07\/IMG_1491-1024x768.jpg\" alt=\"\" class=\"wp-image-11081\" srcset=\"https:\/\/bmin.info\/WP\/wp-content\/uploads\/2022\/07\/IMG_1491-1024x768.jpg 1024w, https:\/\/bmin.info\/WP\/wp-content\/uploads\/2022\/07\/IMG_1491-300x225.jpg 300w, https:\/\/bmin.info\/WP\/wp-content\/uploads\/2022\/07\/IMG_1491-768x576.jpg 768w, https:\/\/bmin.info\/WP\/wp-content\/uploads\/2022\/07\/IMG_1491-144x108.jpg 144w, https:\/\/bmin.info\/WP\/wp-content\/uploads\/2022\/07\/IMG_1491.jpg 1280w\" sizes=\"auto, (max-width: 1024px) 100vw, 1024px\" \/><\/a><\/figure>\n\n\n\n<figure class=\"wp-block-image size-large\"><a href=\"https:\/\/bmin.info\/WP\/wp-content\/uploads\/2022\/07\/IMG_1495.jpg\"><img loading=\"lazy\" decoding=\"async\" width=\"1024\" height=\"768\" data-id=\"11083\" src=\"https:\/\/bmin.info\/WP\/wp-content\/uploads\/2022\/07\/IMG_1495-1024x768.jpg\" alt=\"\" class=\"wp-image-11083\" srcset=\"https:\/\/bmin.info\/WP\/wp-content\/uploads\/2022\/07\/IMG_1495-1024x768.jpg 1024w, https:\/\/bmin.info\/WP\/wp-content\/uploads\/2022\/07\/IMG_1495-300x225.jpg 300w, https:\/\/bmin.info\/WP\/wp-content\/uploads\/2022\/07\/IMG_1495-768x576.jpg 768w, https:\/\/bmin.info\/WP\/wp-content\/uploads\/2022\/07\/IMG_1495-144x108.jpg 144w, https:\/\/bmin.info\/WP\/wp-content\/uploads\/2022\/07\/IMG_1495.jpg 1200w\" sizes=\"auto, (max-width: 1024px) 100vw, 1024px\" \/><\/a><\/figure>\n<\/figure>\n\n\n\n<p>Wie die oben angef\u00fchrten Beispiele zeigen, sollten auch die zust\u00e4ndigen Stellen der Stadt Wien endlich aktiv werden, die gesetzlichen Rahmenbedingungen auch einhalten und Schanigarten-Bewilligungen ohne barrierefreien Zugang nicht mehr erteilen.<\/p>\n\n\n\n<p>Info:&nbsp;<a href=\"https:\/\/www.wien.gv.at\/stadtentwicklung\/studien\/pdf\/e000004.pdf\">Leitfaden barrierefreie Schanig\u00e4rten in Wien<\/a> (wien.gv.at \/ PDF)<\/p>\n\n\n\n<p>Diese Negativbeispiele unterstreichen einmal mehr die<strong> Forderung einer unabh\u00e4ngigen Anlaufstelle, <\/strong>die f\u00fcr die Anliegen von behinderten Menschen zust\u00e4ndig ist. Eine Art B\u00fcrgerdienst f\u00fcr diese Bev\u00f6lkerungsgruppe, der jedoch nicht nur beratende Funktion wie die MA 25 hat, sondern die Richtlinien bzw. gesetzlichen Rahmenbedingungen bei den verschiedenen Stellen auch einfordern kann \u2013 auch bei diskriminierenden Schanig\u00e4rten. Bei wiederholter Zurechtweisung sollten dann auch Strafma\u00dfnahmen m\u00f6glich sein. Allein die Androhung die Bewilligung zu entziehen, kann Wunder bewirken.<\/p>\n\n\n\n<p>Artikel zum Thema:<br \/><a href=\"https:\/\/bmin.info\/WP\/2022\/05\/01\/schanigarten-saison-eroeffnet\/\">Schanigarten-Saison er\u00f6ffnet<\/a><br \/>Der Fr\u00fchling ist da und die Gastronomie \u00f6ffnet wieder ihre Schanig\u00e4rten. Auch f\u00fcr mobilit\u00e4tseingeschr\u00e4nkte Personen ist es umso sch\u00f6ner wieder im Freien sich treffen und \u2026<br \/><br \/><a href=\"https:\/\/bmin.info\/WP\/2022\/05\/22\/schanigaerten-rollstuhlfahrer-unerwuenscht-2\/\">Schanig\u00e4rten: Rollstuhlfahrer unerw\u00fcnscht<\/a><br \/>Trotz Schanigartenrichtlinie und eindeutiger Diskriminierung von Menschen mit Behinderung, werden auch im Jahre 2022 Schanig\u00e4rten, mit Stufe und ohne Rampenzugang, rechtswidrig er\u00f6ffnet. Aktivistin Kornelia G\u00f6tzinger hat uns \u2026<br \/><br \/><a href=\"https:\/\/bmin.info\/WP\/2022\/06\/04\/schanigaerten-rollstuhlfahrer-diskriminiert\/\">Schanig\u00e4rten: Rollstuhlfahrer diskriminiert<\/a><br \/>Wie BMIN-Info k\u00fcrzlich berichtet hat, werden trotz Schanigartenrichtlinie auch im Jahre 2022 Schanig\u00e4rten, mit Stufe und ohne Rampenzugang, rechtswidrig er\u00f6ffnet. Menschen mit Behinderung werden dadurch \u2026\u00a0<\/p>\n\n\n\n<p><a href=\"https:\/\/bmin.info\/WP\/2020\/08\/26\/chaos-bei-schanigaerten-wer-ist-verantwortlich\/\">Chaos bei Schanig\u00e4rten: Wer ist verantwortlich?<\/a><br \/><strong><em>Beh\u00f6rden \u00fcberfordert \u2013 Wer achtet auf Barrierefreiheit?<\/em><\/strong><br \/>Seit rund einem Jahr sind wir mit den Wiener Magistratsabteilungen telefonisch und schriftlich wegen nicht-barrierefreien Schanig\u00e4rten in Kontakt. Neben vorbildlichen Beispielen, sieht man immer mehr Schanig\u00e4rten mit Podesten, die keine Zug\u00e4nglichkeit f\u00fcr mobilit\u00e4tseingeschr\u00e4nkte Personen vorsehen (Podeste mit bis zu 18 cm hohen Stufen).<br \/><br \/><a href=\"https:\/\/bmin.info\/WP\/2020\/09\/07\/barrierefreie-schanigaerten-stellungnahme-vom-stadtratbuero-hebein\/\">Barrierefreie Schanig\u00e4rten: Stellungnahme vom Stadtratb\u00fcro Hebein<\/a><\/p>\n\n\n\n<p><a href=\"https:\/\/bmin.info\/WP\/2020\/10\/01\/barrierefreie-schanigaerten-stellungnahme-vom-stadtratbuero-hanke\/\">Barrierefreie Schanig\u00e4rten: Stellungnahme vom Stadtratb\u00fcro Hanke<\/a><\/p>\n","protected":false},"excerpt":{"rendered":"<p>Text: Pepo Meia, David HerrmannIn den letzten Wochen h\u00e4ufen sich die Negativbeispiele hinsichtlich nicht barrierefreier Schanig\u00e4rten. Rechtlich ist dies eindeutig geregelt und trotz Schanigartenrichtlinie werden nach wie vor Schanig\u00e4rten, mit Stufe und ohne Rampenzugang, rechtswidrig errichtet.&nbsp; Bei einer Besichtigung in der N\u00e4he bei der U-Bahnstation J\u00e4gerstra\u00dfe im 20. Wiener Gemeindebezirk haben wir erneut mehrere Gastst\u00e4tten&#8230; <a href=\"https:\/\/bmin.info\/WP\/2022\/07\/10\/lokalaugenschein-in-wien-brigittenau-neue-schanigaerten-nicht-barrierefrei\/\" class=\"more-link\">Continue reading <span class=\"screen-reader-text\">Lokalaugenschein in Wien-Brigittenau: Neue Schanig\u00e4rten nicht barrierefrei<\/span><\/a><\/p>\n","protected":false},"author":3,"featured_media":0,"comment_status":"closed","ping_status":"closed","sticky":false,"template":"","format":"standard","meta":{"footnotes":""},"categories":[3],"tags":[],"class_list":["post-11049","post","type-post","status-publish","format-standard","hentry","category-info"],"_links":{"self":[{"href":"https:\/\/bmin.info\/WP\/wp-json\/wp\/v2\/posts\/11049","targetHints":{"allow":["GET"]}}],"collection":[{"href":"https:\/\/bmin.info\/WP\/wp-json\/wp\/v2\/posts"}],"about":[{"href":"https:\/\/bmin.info\/WP\/wp-json\/wp\/v2\/types\/post"}],"author":[{"embeddable":true,"href":"https:\/\/bmin.info\/WP\/wp-json\/wp\/v2\/users\/3"}],"replies":[{"embeddable":true,"href":"https:\/\/bmin.info\/WP\/wp-json\/wp\/v2\/comments?post=11049"}],"version-history":[{"count":13,"href":"https:\/\/bmin.info\/WP\/wp-json\/wp\/v2\/posts\/11049\/revisions"}],"predecessor-version":[{"id":11118,"href":"https:\/\/bmin.info\/WP\/wp-json\/wp\/v2\/posts\/11049\/revisions\/11118"}],"wp:attachment":[{"href":"https:\/\/bmin.info\/WP\/wp-json\/wp\/v2\/media?parent=11049"}],"wp:term":[{"taxonomy":"category","embeddable":true,"href":"https:\/\/bmin.info\/WP\/wp-json\/wp\/v2\/categories?post=11049"},{"taxonomy":"post_tag","embeddable":true,"href":"https:\/\/bmin.info\/WP\/wp-json\/wp\/v2\/tags?post=11049"}],"curies":[{"name":"wp","href":"https:\/\/api.w.org\/{rel}","templated":true}]}}