{"id":11153,"date":"2022-08-12T08:44:34","date_gmt":"2022-08-12T07:44:34","guid":{"rendered":"https:\/\/bmin.info\/WP\/?p=11153"},"modified":"2022-08-12T08:51:31","modified_gmt":"2022-08-12T07:51:31","slug":"persoenliche-assistenz-in-wien-muss-trotz-teuerung-sichergestellt-sein","status":"publish","type":"post","link":"https:\/\/bmin.info\/WP\/2022\/08\/12\/persoenliche-assistenz-in-wien-muss-trotz-teuerung-sichergestellt-sein\/","title":{"rendered":"Pers\u00f6nliche Assistenz in Wien muss trotz Teuerung sichergestellt sein"},"content":{"rendered":"\n<p>Text: BMIN<br \/>Einen eindringlichen Appell richteten Interessenvertretungen und Hilfsorganisationen am 18. Juli 2022 an Stadtrat Peter Hacker (SP\u00d6) und Anita Bauer, Gesch\u00e4ftsf\u00fchrerin des Fonds Soziales Wien.<\/p>\n\n\n\n<p>Aktuell werden mehr als 350 Menschen mit Behinderungen in Wien durch die Pflegeerg\u00e4nzungsleistung (PGE) unterst\u00fctzt.<\/p>\n\n\n\n<p><em>\u201eDie derzeit zugrunde gelegten 18,00 \u20ac\/Stunde als Verrechnungsbasis f\u00fcr die PGE decken die anfallenden Kosten nicht mehr ab\u201c<\/em>, erkl\u00e4rten die unterzeichnenden Organisationen die aktuelle Situation.<\/p>\n\n\n\n<p>Es ist f\u00fcr die Betroffenen \u00e4u\u00dferst schwierig, geeigneten Mitarbeiter zu finden, da sie weitaus weniger Hilfe erhalten, als sie ben\u00f6tigen.<\/p>\n\n\n\n<p>Dem Kaufkraftverlust von 37 % seit Einf\u00fchrung der F\u00f6rderung (2008) steht eine einmalige Erh\u00f6hung von 12,5 % auf die aktuelle Abrechnungsgrundlage von 18 \u20ac\/Stunde (Stand 1.1.2021) gegen\u00fcber.<\/p>\n\n\n\n<p>Angesichts dieser Tatsachen <a href=\"https:\/\/www.bizeps.or.at\/wp-content\/uploads\/2022\/08\/Gemeinsamens-Schreiben.pdf\">fordern die unterzeichnenden Vereine, Organisationen und Interessengruppen<\/a> h\u00f6here Abrechnungss\u00e4tze und ersuchen Stadtrat Peter Hacker (SP\u00d6) und Gesch\u00e4ftsf\u00fchrerin vom FSW, Anita Bauer, dringend um einen Gespr\u00e4chstermin.<\/p>\n","protected":false},"excerpt":{"rendered":"<p>Text: BMINEinen eindringlichen Appell richteten Interessenvertretungen und Hilfsorganisationen am 18. Juli 2022 an Stadtrat Peter Hacker (SP\u00d6) und Anita Bauer, Gesch\u00e4ftsf\u00fchrerin des Fonds Soziales Wien. Aktuell werden mehr als 350 Menschen mit Behinderungen in Wien durch die Pflegeerg\u00e4nzungsleistung (PGE) unterst\u00fctzt. \u201eDie derzeit zugrunde gelegten 18,00 \u20ac\/Stunde als Verrechnungsbasis f\u00fcr die PGE decken die anfallenden Kosten&#8230; <a href=\"https:\/\/bmin.info\/WP\/2022\/08\/12\/persoenliche-assistenz-in-wien-muss-trotz-teuerung-sichergestellt-sein\/\" class=\"more-link\">Continue reading <span class=\"screen-reader-text\">Pers\u00f6nliche Assistenz in Wien muss trotz Teuerung sichergestellt sein<\/span><\/a><\/p>\n","protected":false},"author":3,"featured_media":0,"comment_status":"closed","ping_status":"closed","sticky":false,"template":"","format":"standard","meta":{"footnotes":""},"categories":[3],"tags":[],"class_list":["post-11153","post","type-post","status-publish","format-standard","hentry","category-info"],"_links":{"self":[{"href":"https:\/\/bmin.info\/WP\/wp-json\/wp\/v2\/posts\/11153","targetHints":{"allow":["GET"]}}],"collection":[{"href":"https:\/\/bmin.info\/WP\/wp-json\/wp\/v2\/posts"}],"about":[{"href":"https:\/\/bmin.info\/WP\/wp-json\/wp\/v2\/types\/post"}],"author":[{"embeddable":true,"href":"https:\/\/bmin.info\/WP\/wp-json\/wp\/v2\/users\/3"}],"replies":[{"embeddable":true,"href":"https:\/\/bmin.info\/WP\/wp-json\/wp\/v2\/comments?post=11153"}],"version-history":[{"count":3,"href":"https:\/\/bmin.info\/WP\/wp-json\/wp\/v2\/posts\/11153\/revisions"}],"predecessor-version":[{"id":11164,"href":"https:\/\/bmin.info\/WP\/wp-json\/wp\/v2\/posts\/11153\/revisions\/11164"}],"wp:attachment":[{"href":"https:\/\/bmin.info\/WP\/wp-json\/wp\/v2\/media?parent=11153"}],"wp:term":[{"taxonomy":"category","embeddable":true,"href":"https:\/\/bmin.info\/WP\/wp-json\/wp\/v2\/categories?post=11153"},{"taxonomy":"post_tag","embeddable":true,"href":"https:\/\/bmin.info\/WP\/wp-json\/wp\/v2\/tags?post=11153"}],"curies":[{"name":"wp","href":"https:\/\/api.w.org\/{rel}","templated":true}]}}