{"id":11167,"date":"2022-08-16T08:46:00","date_gmt":"2022-08-16T07:46:00","guid":{"rendered":"https:\/\/bmin.info\/WP\/?p=11167"},"modified":"2022-08-18T19:59:07","modified_gmt":"2022-08-18T18:59:07","slug":"schanigarten-el-gaucho-rochusmarkt-rollstuhlfeindlich","status":"publish","type":"post","link":"https:\/\/bmin.info\/WP\/2022\/08\/16\/schanigarten-el-gaucho-rochusmarkt-rollstuhlfeindlich\/","title":{"rendered":"Schanigarten: El Gaucho &#8211; Rochusmarkt &#8211; rollstuhlfeindlich"},"content":{"rendered":"\n<p>Text: Pepo Meia<br \/>Aktivistin Kornelia G\u00f6tzinger schreibt uns zu diesen von ihr gemachten Fotos: &#8222;<em>Seit Er\u00f6ffnung die nach 2006 war, sind mir diese Stufen ein Dorn im Auge. Weiters sind&nbsp;die Tische im Innenraum Stehtische und Barhocker (rollstuhlfeindlich)<\/em>.&#8220;<\/p>\n\n\n<div class=\"wp-block-image\">\n<figure class=\"aligncenter size-full is-resized\"><a href=\"https:\/\/bmin.info\/WP\/wp-content\/uploads\/2022\/08\/El-Gaucho01.jpg\"><img loading=\"lazy\" decoding=\"async\" src=\"https:\/\/bmin.info\/WP\/wp-content\/uploads\/2022\/08\/El-Gaucho01.jpg\" alt=\"\" class=\"wp-image-11176\" width=\"836\" height=\"470\" srcset=\"https:\/\/bmin.info\/WP\/wp-content\/uploads\/2022\/08\/El-Gaucho01.jpg 500w, https:\/\/bmin.info\/WP\/wp-content\/uploads\/2022\/08\/El-Gaucho01-300x169.jpg 300w, https:\/\/bmin.info\/WP\/wp-content\/uploads\/2022\/08\/El-Gaucho01-144x81.jpg 144w\" sizes=\"auto, (max-width: 836px) 100vw, 836px\" \/><\/a><\/figure>\n<\/div>\n\n<div class=\"wp-block-image\">\n<figure class=\"aligncenter size-full is-resized\"><a href=\"https:\/\/bmin.info\/WP\/wp-content\/uploads\/2022\/08\/El-Gaucho02.jpg\"><img loading=\"lazy\" decoding=\"async\" src=\"https:\/\/bmin.info\/WP\/wp-content\/uploads\/2022\/08\/El-Gaucho02.jpg\" alt=\"\" class=\"wp-image-11177\" width=\"838\" height=\"472\" srcset=\"https:\/\/bmin.info\/WP\/wp-content\/uploads\/2022\/08\/El-Gaucho02.jpg 599w, https:\/\/bmin.info\/WP\/wp-content\/uploads\/2022\/08\/El-Gaucho02-300x169.jpg 300w, https:\/\/bmin.info\/WP\/wp-content\/uploads\/2022\/08\/El-Gaucho02-144x81.jpg 144w\" sizes=\"auto, (max-width: 838px) 100vw, 838px\" \/><\/a><\/figure>\n<\/div>\n\n\n<p><strong>El Gaucho am Rochusmarkt<br \/><\/strong>Rochusplatz 1, 1030 Wien<br \/><br \/><strong>Anm<\/strong>.: Dieses Negativbeispiel unterstreicht einmal mehr die Forderung einer unabh\u00e4ngigen Anlaufstelle, die f\u00fcr die Anliegen von behinderten Menschen zust\u00e4ndig ist. Eine Art B\u00fcrgerdienst f\u00fcr diese Bev\u00f6lkerungsgruppe, der jedoch nicht nur beratende Funktion hat wie die MA 25, sondern die Richtlinien bzw. gesetzlichen Rahmenbedingungen bei den verschiedenen Stellen auch einfordern kann \u2013 auch bei diskriminierenden Schanig\u00e4rten. Bei wiederholter Zurechtweisung sollten dann auch Strafma\u00dfnahmen m\u00f6glich sein. Allein die Androhung die Bewilligung zu entziehen, kann Wunder bewirken.<br \/><br \/>Info:&nbsp;<a href=\"https:\/\/www.wien.gv.at\/stadtentwicklung\/studien\/pdf\/e000004.pdf\">Leitfaden barrierefreie Schanig\u00e4rten in Wien<\/a> (wien.gv.at \/ PDF)<br \/><br \/>Artikel zum Thema:<br \/><a href=\"https:\/\/bmin.info\/WP\/2022\/07\/10\/lokalaugenschein-in-wien-brigittenau-neue-schanigaerten-nicht-barrierefrei\/\">Lokalaugenschein in Wien-Brigittenau: Neue Schanig\u00e4rten nicht barrierefrei<\/a><br \/><a href=\"https:\/\/bmin.info\/WP\/2022\/08\/08\/schanigarten-zugang-gewaehrleistet\/\">Schanigarten: Zugang gew\u00e4hrleistet<\/a><br \/><a href=\"https:\/\/bmin.info\/WP\/2022\/05\/01\/schanigarten-saison-eroeffnet\/\">Schanigarten-Saison er\u00f6ffnet<\/a><br \/><a href=\"https:\/\/bmin.info\/WP\/2022\/05\/22\/schanigaerten-rollstuhlfahrer-unerwuenscht-2\/\">Schanig\u00e4rten: Rollstuhlfahrer unerw\u00fcnscht<\/a><br \/><a href=\"https:\/\/bmin.info\/WP\/2022\/06\/04\/schanigaerten-rollstuhlfahrer-diskriminiert\/\">Schanig\u00e4rten: Rollstuhlfahrer diskriminiert<\/a><br \/><a href=\"https:\/\/bmin.info\/WP\/2020\/08\/26\/chaos-bei-schanigaerten-wer-ist-verantwortlich\/\">Chaos bei Schanig\u00e4rten: Wer ist verantwortlich?<\/a><\/p>\n","protected":false},"excerpt":{"rendered":"<p>Text: Pepo MeiaAktivistin Kornelia G\u00f6tzinger schreibt uns zu diesen von ihr gemachten Fotos: &#8222;Seit Er\u00f6ffnung die nach 2006 war, sind mir diese Stufen ein Dorn im Auge. Weiters sind&nbsp;die Tische im Innenraum Stehtische und Barhocker (rollstuhlfeindlich).&#8220; El Gaucho am RochusmarktRochusplatz 1, 1030 Wien Anm.: Dieses Negativbeispiel unterstreicht einmal mehr die Forderung einer unabh\u00e4ngigen Anlaufstelle, die&#8230; <a href=\"https:\/\/bmin.info\/WP\/2022\/08\/16\/schanigarten-el-gaucho-rochusmarkt-rollstuhlfeindlich\/\" class=\"more-link\">Continue reading <span class=\"screen-reader-text\">Schanigarten: El Gaucho &#8211; Rochusmarkt &#8211; rollstuhlfeindlich<\/span><\/a><\/p>\n","protected":false},"author":3,"featured_media":0,"comment_status":"closed","ping_status":"closed","sticky":false,"template":"","format":"standard","meta":{"footnotes":""},"categories":[3],"tags":[],"class_list":["post-11167","post","type-post","status-publish","format-standard","hentry","category-info"],"_links":{"self":[{"href":"https:\/\/bmin.info\/WP\/wp-json\/wp\/v2\/posts\/11167","targetHints":{"allow":["GET"]}}],"collection":[{"href":"https:\/\/bmin.info\/WP\/wp-json\/wp\/v2\/posts"}],"about":[{"href":"https:\/\/bmin.info\/WP\/wp-json\/wp\/v2\/types\/post"}],"author":[{"embeddable":true,"href":"https:\/\/bmin.info\/WP\/wp-json\/wp\/v2\/users\/3"}],"replies":[{"embeddable":true,"href":"https:\/\/bmin.info\/WP\/wp-json\/wp\/v2\/comments?post=11167"}],"version-history":[{"count":8,"href":"https:\/\/bmin.info\/WP\/wp-json\/wp\/v2\/posts\/11167\/revisions"}],"predecessor-version":[{"id":11195,"href":"https:\/\/bmin.info\/WP\/wp-json\/wp\/v2\/posts\/11167\/revisions\/11195"}],"wp:attachment":[{"href":"https:\/\/bmin.info\/WP\/wp-json\/wp\/v2\/media?parent=11167"}],"wp:term":[{"taxonomy":"category","embeddable":true,"href":"https:\/\/bmin.info\/WP\/wp-json\/wp\/v2\/categories?post=11167"},{"taxonomy":"post_tag","embeddable":true,"href":"https:\/\/bmin.info\/WP\/wp-json\/wp\/v2\/tags?post=11167"}],"curies":[{"name":"wp","href":"https:\/\/api.w.org\/{rel}","templated":true}]}}