{"id":11187,"date":"2022-08-21T23:25:00","date_gmt":"2022-08-21T22:25:00","guid":{"rendered":"https:\/\/bmin.info\/WP\/?p=11187"},"modified":"2022-08-23T21:14:32","modified_gmt":"2022-08-23T20:14:32","slug":"zwischenbericht-schanigaerten-nicht-barrierefrei","status":"publish","type":"post","link":"https:\/\/bmin.info\/WP\/2022\/08\/21\/zwischenbericht-schanigaerten-nicht-barrierefrei\/","title":{"rendered":"Zwischenbericht: Schanig\u00e4rten nicht barrierefrei"},"content":{"rendered":"\n<p>Text: Pepo Meia, Dr. Johannnes Hinteregger<br \/><strong><em>\u201eAn den Taten werden Sie gemessen\u201c<\/em><\/strong><br \/>Nach unserer Artikelserie \u00fcber mangelhafte barrierefreie Schanig\u00e4rten, haben wir uns am 11. Juli 2022 mit einem Brief an die zust\u00e4ndige Stadtr\u00e4tin Mag.a Ulli Sima gewandt und erhielten prompt eine positive Antwort. Am 21. Juli 2022 erhielten wir von der zust\u00e4ndigen Beamtin ein Schreiben. Nach einem Telefonat am 16. August mit dieser haben wir einen Zwischenbericht an das Stadtratb\u00fcro Sima geschickt, den wir ungek\u00fcrzt zur Information auf unserer Homepage ver\u00f6ffentlichen.<\/p>\n\n\n\n<figure class=\"wp-block-gallery has-nested-images columns-default is-cropped wp-block-gallery-1 is-layout-flex wp-block-gallery-is-layout-flex\">\n<figure class=\"wp-block-image size-large\"><a href=\"https:\/\/bmin.info\/WP\/wp-content\/uploads\/2022\/08\/El-Gaucho01.jpg\"><img loading=\"lazy\" decoding=\"async\" width=\"500\" height=\"281\" data-id=\"11176\" src=\"https:\/\/bmin.info\/WP\/wp-content\/uploads\/2022\/08\/El-Gaucho01.jpg\" alt=\"\" class=\"wp-image-11176\" srcset=\"https:\/\/bmin.info\/WP\/wp-content\/uploads\/2022\/08\/El-Gaucho01.jpg 500w, https:\/\/bmin.info\/WP\/wp-content\/uploads\/2022\/08\/El-Gaucho01-300x169.jpg 300w, https:\/\/bmin.info\/WP\/wp-content\/uploads\/2022\/08\/El-Gaucho01-144x81.jpg 144w\" sizes=\"auto, (max-width: 500px) 100vw, 500px\" \/><\/a><\/figure>\n\n\n\n<figure class=\"wp-block-image size-large\"><a href=\"https:\/\/bmin.info\/WP\/wp-content\/uploads\/2022\/08\/1200Schanig.jpg\"><img loading=\"lazy\" decoding=\"async\" width=\"1280\" height=\"850\" data-id=\"11154\" src=\"https:\/\/bmin.info\/WP\/wp-content\/uploads\/2022\/08\/1200Schanig.jpg\" alt=\"\" class=\"wp-image-11154\" srcset=\"https:\/\/bmin.info\/WP\/wp-content\/uploads\/2022\/08\/1200Schanig.jpg 1280w, https:\/\/bmin.info\/WP\/wp-content\/uploads\/2022\/08\/1200Schanig-300x199.jpg 300w, https:\/\/bmin.info\/WP\/wp-content\/uploads\/2022\/08\/1200Schanig-1024x680.jpg 1024w, https:\/\/bmin.info\/WP\/wp-content\/uploads\/2022\/08\/1200Schanig-768x510.jpg 768w, https:\/\/bmin.info\/WP\/wp-content\/uploads\/2022\/08\/1200Schanig-144x96.jpg 144w\" sizes=\"auto, (max-width: 1280px) 100vw, 1280px\" \/><\/a><\/figure>\n<\/figure>\n\n\n\n<p><strong>Betrifft: Barrierefreie Schanig\u00e4rten<\/strong> (GGI 1568019\/22 &#8211; 1627021-2022)<br \/>Sehr geehrte Frau Stadtr\u00e4tin Mag.a Ulli Sima,<\/p>\n\n\n\n<p>aufgrund Ihrer Zust\u00e4ndigkeit f\u00fcr die Umsetzung der Schanigartenrichtlinie und somit auch f\u00fcr den barrierefreien Zugang zu Schanig\u00e4rten m\u00f6chten wir in einem Zwischenbericht an die vorhandenen Probleme erinnern.&nbsp;<\/p>\n\n\n\n<p>Am 21. Juli 2022 haben wir ein Schreiben von der zust\u00e4ndigen Beamtin erhalten. Sie schreibt w\u00f6rtlich: <em>\u201eDie Genehmigung von Gastg\u00e4rten auf \u00f6ffentlichem Grund erfolgt auf Grund des Wiener Gebrauchsabgabegesetzes und auf Grund von Sachverst\u00e4ndigengutachten. Es gibt aber nicht immer eine gesetzliche M\u00f6glichkeit, eine Genehmigung nach dem Gebrauchsabgabegesetz zu versagen, wenn es eine Stufe oder einen Absatz zum Gastgarten gibt. Sie k\u00f6nnen uns gerne die konkreten Standorte nennen, damit das jeweils zust\u00e4ndige Magistratische Bezirksamt \u00fcberpr\u00fcft, ob die Gastg\u00e4rten auch in dieser Form genehmigt wurden.\u201c&nbsp;<\/em><\/p>\n\n\n\n<p>In unserer Antwort haben wir auf unsere Artikel verwiesen &#8211; mit Fotos Namen und Adresse der jeweiligen Lokale &#8211; die nicht barrierefreie Schanig\u00e4rten betreiben.&nbsp;<\/p>\n\n\n\n<p>Am 16. August 2022 habe ich mit der zust\u00e4ndigen Beamtin telefoniert. Sie war ausgesprochen freundlich und hat sich f\u00fcr unser Engagement \u201eBarrierefreie Schanig\u00e4rten\u201c bedankt. Als Sie mir jedoch mitteilte, dass wir aus Datenschutzgr\u00fcnden keine Informationen \u00fcber die von der Magistratsabteilung kontrollierten Schanig\u00e4rten erhalten werden, war ich sprachlos und entt\u00e4uscht. Wo steht geschrieben, dass wir als diskriminierte B\u00fcrger diese Information nicht erhalten d\u00fcrfen?&nbsp;<\/p>\n\n\n\n<p>Letztlich entspricht die Erteilung von Bewilligungen f\u00fcr nicht barrierefreie Schanig\u00e4rten einer Diskriminierung von Menschen mit Behinderung. Es kann nicht rechtskonform sein, wenn bei Bewilligungen nur das Gebrauchsabgabegesetz ber\u00fccksichtigt wird, das keine barrierefreie Zug\u00e4nglichkeit fordert.<\/p>\n\n\n\n<p>M\u00fcssen auch wir erst eine Regenbogenparade veranstalten, um nicht als Menschen zweiter Klasse behandelt zu werden? Oder sollen wir bei jedem nicht barrierefreien Schanigarten ein Schlichtungsverfahren gem. Bundes- Behindertengleichstellungsgesetz bzw. Wr. Antidiskriminierungsgesetz beginnen?&nbsp;<\/p>\n\n\n\n<p><strong>Wir schlagen zur Verbesserung der Situation vor:&nbsp;<\/strong><\/p>\n\n\n\n<ul class=\"wp-block-list\"><li>Kurzfristig eine Weisung des Stadtratb\u00fcros an die zust\u00e4ndigen Bezirks\u00e4mter bei Neubewilligungen   auf die barrierefreie Zug\u00e4nglichkeit des Schanigartens zu achten<\/li><li>Auch Bezirksvertreter k\u00f6nnen Barrierefreiheit bei Neubewilligungen einfordern<\/li><li>Da Schanigartenbewilligungen nur mehr befristet ausgestellt werden, muss bei mangelnder Barrierefreiheit eine Zwischenl\u00f6sung mit einer transportablen Rollstuhlrampe vorgeschrieben werden<\/li><li>Da im Gebrauchsabgabegesetz keine barrierefreie Zug\u00e4nglichkeit vorgeschrieben wird, ist die Politik gefordert, eine entsprechende Bestimmung unmissverst\u00e4ndlich zu beschlie\u00dfen und bis dahin klar darauf hinzuweisen, dass sowohl bundesgesetzliche wie auch verfassungsrechtliche Normen die Diskriminierung behinderter Menschen verbieten.<\/li><\/ul>\n\n\n\n<p><strong>Forderung einer unabh\u00e4ngigen Anlaufstelle&nbsp;<\/strong><br \/>Die Negativbeispiele bei Schanig\u00e4rten unterstreichen einmal mehr die Forderung nach einer unabh\u00e4ngigen Anlaufstelle, welche f\u00fcr die Anliegen von behinderten Menschen zust\u00e4ndig ist. Eine Art B\u00fcrgerdienst f\u00fcr diese Bev\u00f6lkerungsgruppe, die jedoch nicht nur beratende Funktion hat wie die MA 25, sondern die Erf\u00fcllung von Richtlinien bzw. gesetzlichen Rahmenbedingungen bei den verschiedenen Stellen auch einfordern kann \u2013 auch bei diskriminierenden Schanig\u00e4rten. Bei wiederholter Zurechtweisung sollten dann auch Strafma\u00dfnahmen m\u00f6glich sein. Allein die Androhung die Bewilligung zu entziehen, kann Wunder bewirken.&nbsp;<br \/><br \/><strong>Gesetzliche Grundlagen:&nbsp;<\/strong><\/p>\n\n\n\n<ul class=\"wp-block-list\"><li>Artikel 7 der Bundesverfassung &#8211; Benachteiligungsverbot f\u00fcr Menschen mit Behinderung &#8211; seit 1997 in Kraft.&nbsp;<\/li><li>Wiener Antidiskriminierungsgesetz &#8211; seit 2004 in Kraft<\/li><li>Bundes Behindertengleichstellungsgesetz &#8211; seit 2006 in Kraft&nbsp;<\/li><li>UN-Behindertenrechtskonvention (UN-BRK) &#8211; 2008 von \u00d6sterreich ratifiziert&nbsp;<\/li><\/ul>\n\n\n\n<p>Ihrer baldigen Antwort gerne entgegensehend verbleiben wir&nbsp;<\/p>\n\n\n\n<p>mit freundlichen Gr\u00fc\u00dfen&nbsp;<\/p>\n\n\n\n<p>Pepo Meia (f\u00fcr BMIN)<\/p>\n\n\n\n<p>Info:&nbsp;<a href=\"https:\/\/www.wien.gv.at\/stadtentwicklung\/studien\/pdf\/e000004.pdf\">Schanigartenleitfaden f\u00fcr Wien<\/a> (wien.gv.at \/ PDF)<\/p>\n\n\n\n<p>Artikel zum Thema:<br \/><a href=\"https:\/\/bmin.info\/WP\/2022\/07\/10\/lokalaugenschein-in-wien-brigittenau-neue-schanigaerten-nicht-barrierefrei\/\">Lokalaugenschein in Wien-Brigittenau: Neue Schanig\u00e4rten nicht barrierefrei<\/a><br \/><a href=\"https:\/\/bmin.info\/WP\/2022\/08\/16\/schanigarten-el-gaucho-rochusmarkt-rollstuhlfeindlich\/\">Schanigarten: El Gaucho \u2013 Rochusmarkt \u2013 rollstuhlfeindlich<\/a><a href=\"Schanigarten: El Gaucho \u2013 Rochusmarkt \u2013\n                                                          rollstuhlfeindlich\"><br \/><\/a><a href=\"https:\/\/bmin.info\/WP\/2022\/08\/08\/schanigarten-zugang-gewaehrleistet\/\">Schanigarten: Zugang gew\u00e4hrleistet<\/a><br \/><a href=\"https:\/\/bmin.info\/WP\/2022\/05\/01\/schanigarten-saison-eroeffnet\/\">Schanigarten-Saison er\u00f6ffnet<\/a><br \/><a href=\"https:\/\/bmin.info\/WP\/2022\/05\/22\/schanigaerten-rollstuhlfahrer-unerwuenscht-2\/\">Schanig\u00e4rten: Rollstuhlfahrer unerw\u00fcnscht<\/a><br \/><a href=\"https:\/\/bmin.info\/WP\/2022\/06\/04\/schanigaerten-rollstuhlfahrer-diskriminiert\/\">Schanig\u00e4rten: Rollstuhlfahrer diskriminiert<\/a><br \/><a href=\"https:\/\/bmin.info\/WP\/2020\/08\/26\/chaos-bei-schanigaerten-wer-ist-verantwortlich\/\">Chaos bei Schanig\u00e4rten: Wer ist verantwortlich?<\/a><\/p>\n","protected":false},"excerpt":{"rendered":"<p>Text: Pepo Meia, Dr. Johannnes Hinteregger\u201eAn den Taten werden Sie gemessen\u201cNach unserer Artikelserie \u00fcber mangelhafte barrierefreie Schanig\u00e4rten, haben wir uns am 11. Juli 2022 mit einem Brief an die zust\u00e4ndige Stadtr\u00e4tin Mag.a Ulli Sima gewandt und erhielten prompt eine positive Antwort. Am 21. Juli 2022 erhielten wir von der zust\u00e4ndigen Beamtin ein Schreiben. Nach einem&#8230; <a href=\"https:\/\/bmin.info\/WP\/2022\/08\/21\/zwischenbericht-schanigaerten-nicht-barrierefrei\/\" class=\"more-link\">Continue reading <span class=\"screen-reader-text\">Zwischenbericht: Schanig\u00e4rten nicht barrierefrei<\/span><\/a><\/p>\n","protected":false},"author":3,"featured_media":0,"comment_status":"closed","ping_status":"closed","sticky":false,"template":"","format":"standard","meta":{"footnotes":""},"categories":[3],"tags":[],"class_list":["post-11187","post","type-post","status-publish","format-standard","hentry","category-info"],"_links":{"self":[{"href":"https:\/\/bmin.info\/WP\/wp-json\/wp\/v2\/posts\/11187","targetHints":{"allow":["GET"]}}],"collection":[{"href":"https:\/\/bmin.info\/WP\/wp-json\/wp\/v2\/posts"}],"about":[{"href":"https:\/\/bmin.info\/WP\/wp-json\/wp\/v2\/types\/post"}],"author":[{"embeddable":true,"href":"https:\/\/bmin.info\/WP\/wp-json\/wp\/v2\/users\/3"}],"replies":[{"embeddable":true,"href":"https:\/\/bmin.info\/WP\/wp-json\/wp\/v2\/comments?post=11187"}],"version-history":[{"count":15,"href":"https:\/\/bmin.info\/WP\/wp-json\/wp\/v2\/posts\/11187\/revisions"}],"predecessor-version":[{"id":11230,"href":"https:\/\/bmin.info\/WP\/wp-json\/wp\/v2\/posts\/11187\/revisions\/11230"}],"wp:attachment":[{"href":"https:\/\/bmin.info\/WP\/wp-json\/wp\/v2\/media?parent=11187"}],"wp:term":[{"taxonomy":"category","embeddable":true,"href":"https:\/\/bmin.info\/WP\/wp-json\/wp\/v2\/categories?post=11187"},{"taxonomy":"post_tag","embeddable":true,"href":"https:\/\/bmin.info\/WP\/wp-json\/wp\/v2\/tags?post=11187"}],"curies":[{"name":"wp","href":"https:\/\/api.w.org\/{rel}","templated":true}]}}