{"id":11213,"date":"2022-08-23T15:30:33","date_gmt":"2022-08-23T14:30:33","guid":{"rendered":"https:\/\/bmin.info\/WP\/?p=11213"},"modified":"2022-08-24T06:41:25","modified_gmt":"2022-08-24T05:41:25","slug":"inklusions-demo-am-28-september-2022","status":"publish","type":"post","link":"https:\/\/bmin.info\/WP\/2022\/08\/23\/inklusions-demo-am-28-september-2022\/","title":{"rendered":"Inklusions-Demo am 28. September 2022"},"content":{"rendered":"\n<p>Text: \u00d6sterreichischer Behindertenrat<br \/><strong>Unsere Geduld ist ersch\u00f6pft! Handelt endlich!<\/strong><br \/><strong>Inklusions-Demo f\u00fcr die Umsetzung der Menschenrechte von Menschen mit Behinderungen am Mittwoch, 28. September 2022: Die UN-Behindertenrechtskonvention muss endlich umgesetzt werden.<\/strong><br \/>Bereits vor 14 Jahren hat \u00d6sterreich die UN-Behindertenrechtskonvention (UN-BRK) unterschrieben und sich damit zur Umsetzung verpflichtet. Dennoch sind Menschen mit Behinderungen in vielen Bereichen von der gesellschaftlichen Teilhabe ausgeschlossen. Um viele der Menschenrechte von Menschen mit Behinderungen k\u00fcmmert sich \u00d6sterreich nicht oder nur unzureichend. Dass Bund und L\u00e4nder nicht beabsichtigen, das in den n\u00e4chsten Jahren zu \u00e4ndern, zeigt der im Juli beschlossene Nationale Aktionsplan Behinderung.<\/p>\n\n\n\n<p>So ist <strong>Pers\u00f6nliche Assistenz <\/strong>au\u00dferhalb der Arbeitswelt bis heute in jedem Bundesland anders geregelt und gewisse Personengruppen, beispielsweise Menschen mit Lernschwierigkeiten oder psychischen Erkrankungen, sind meist davon ausgeschlossen.<\/p>\n\n\n\n<p>Weiterhin werden kaum barrierefreie (Wohn-)Geb\u00e4ude errichtet und Online-Anwendungen entwickelt (z.B. Internet-Banking), die Menschen mit Behinderungen aufgrund fehlender <strong>Barrierefreiheit <\/strong>nicht nutzen k\u00f6nnen.<\/p>\n\n\n\n<p>Besonders besch\u00e4mend und fatal ist es, dass <strong>Inklusion in der Schule <\/strong>noch immer nicht fl\u00e4chendeckend umgesetzt ist. Kinder und Jugendliche mit Behinderungen werden weiterhin getrennt von ihren Alterskolleg*innen in Sonderschulen unterrichtet.<\/p>\n\n\n\n<p>Der Weg aus der Sonderschule f\u00fchrt oftmals direkt in eine \u201eTagesstruktur\u201c (Werkstatt), wo Menschen mit Behinderungen f\u00fcr ihre Arbeit keinen Lohn, sondern Taschengeld bekommen.<\/p>\n\n\n\n<p>Wenn Menschen mit Behinderungen den Weg in den ersten Arbeitsmarkt finden, sind sie h\u00e4ufiger und l\u00e4nger von Arbeitslosigkeit betroffen, weil die entsprechenden Unterst\u00fctzungsstrukturen fehlen.<\/p>\n\n\n\n<p>Das ist nur einer der Gr\u00fcnde, warum Menschen mit Behinderungen st\u00e4rker von Armut betroffen sind als Menschen ohne Behinderungen. Die aktuelle Teuerung stellt viele Menschen mit Behinderungen vor gro\u00dfe Probleme, von der Leistbarkeit pers\u00f6nlicher Assistenz bis hin zur Mobilit\u00e4t.<\/p>\n\n\n\n<p>Die politischen Entscheidungstr\u00e4ger*innen haben mit dem Beschluss des untauglichen \u201eNationalen Aktionsplan Behinderung \u2013 NAP\u201c am 6. Juli 2022 bewiesen, dass es am politischen Willen fehlt, diese Situation zu \u00e4ndern.<\/p>\n\n\n\n<p><strong>Wir fordern von der Bundesregierung und den Landesregierungen<\/strong><\/p>\n\n\n\n<ul class=\"wp-block-list\"><li>ein <strong>inklusives Bildungssystem <\/strong>und die \u00dcberf\u00fchrung von Sonderschulen in Regelschulen mit einem Etappenplan,<\/li><li>bedarfsgerechte <strong>Pers\u00f6nliche Assistenz <\/strong>f\u00fcr alle Menschen mit Behinderungen in ganz \u00d6sterreich einheitlich und f\u00fcr alle Lebensbereiche<\/li><li><strong>barrierefreie <\/strong>Geb\u00e4ude, Kommunikation und Online-Anwendungen<\/li><li>existenzsichernde <strong>Arbeitsm\u00f6glichkeiten <\/strong>f\u00fcr Menschen mit Behinderungen<\/li><li>dauerhafte Direktzahlungen, mit denen die <strong>Armut <\/strong>von Menschen mit Behinderungen bek\u00e4mpft wird. Die Auswirkungen der <strong>Teuerung <\/strong>m\u00fcssen kompensiert werden.<\/li><\/ul>\n\n\n\n<p class=\"has-text-align-center\"><iframe loading=\"lazy\" title=\"Pressekonferenz zum Nationalen Aktionsplan Behinderung (NAP) am 20. Juni 2022, Presseclub Concordia\" width=\"650\" height=\"366\" src=\"https:\/\/www.youtube.com\/embed\/dknpDvCBx6c?start=176&#038;feature=oembed\" frameborder=\"0\" allow=\"accelerometer; autoplay; clipboard-write; encrypted-media; gyroscope; picture-in-picture; web-share\" referrerpolicy=\"strict-origin-when-cross-origin\" allowfullscreen><\/iframe><\/p>\n\n\n\n<p class=\"has-text-align-center\"><\/p>\n\n\n\n<h2 class=\"wp-block-heading\">Inklusions-Demo Flyer<\/h2>\n\n\n\n<div data-wp-interactive=\"core\/file\" class=\"wp-block-file\"><object data-wp-bind--hidden=\"!state.hasPdfPreview\" hidden class=\"wp-block-file__embed\" data=\"https:\/\/bmin.info\/WP\/wp-content\/uploads\/2022\/08\/Inklusionsdemo_Flyer-2.pdf\" type=\"application\/pdf\" style=\"width:100%;height:600px\" aria-label=\"Einbettung von Einbettung von Inklusionsdemo_Flyer-2..\"><\/object><a id=\"wp-block-file--media-02dca330-a3d6-4b43-969d-44982b4c6885\" href=\"https:\/\/bmin.info\/WP\/wp-content\/uploads\/2022\/08\/Inklusionsdemo_Flyer-2.pdf\">Inklusionsdemo_Flyer-2<\/a><a href=\"https:\/\/bmin.info\/WP\/wp-content\/uploads\/2022\/08\/Inklusionsdemo_Flyer-2.pdf\" class=\"wp-block-file__button\" download aria-describedby=\"wp-block-file--media-02dca330-a3d6-4b43-969d-44982b4c6885\">Herunterladen<\/a><\/div>\n\n\n\n<p><strong>Weitere Informationen: <\/strong><a href=\"http:\/\/www.behindertenrat.at\/demonstration\/\">www.behindertenrat.at\/demonstration<\/a><\/p>\n","protected":false},"excerpt":{"rendered":"<p>Text: \u00d6sterreichischer BehindertenratUnsere Geduld ist ersch\u00f6pft! Handelt endlich!Inklusions-Demo f\u00fcr die Umsetzung der Menschenrechte von Menschen mit Behinderungen am Mittwoch, 28. September 2022: Die UN-Behindertenrechtskonvention muss endlich umgesetzt werden.Bereits vor 14 Jahren hat \u00d6sterreich die UN-Behindertenrechtskonvention (UN-BRK) unterschrieben und sich damit zur Umsetzung verpflichtet. Dennoch sind Menschen mit Behinderungen in vielen Bereichen von der gesellschaftlichen Teilhabe&#8230; <a href=\"https:\/\/bmin.info\/WP\/2022\/08\/23\/inklusions-demo-am-28-september-2022\/\" class=\"more-link\">Continue reading <span class=\"screen-reader-text\">Inklusions-Demo am 28. September 2022<\/span><\/a><\/p>\n","protected":false},"author":3,"featured_media":0,"comment_status":"closed","ping_status":"closed","sticky":false,"template":"","format":"standard","meta":{"footnotes":""},"categories":[3],"tags":[],"class_list":["post-11213","post","type-post","status-publish","format-standard","hentry","category-info"],"_links":{"self":[{"href":"https:\/\/bmin.info\/WP\/wp-json\/wp\/v2\/posts\/11213","targetHints":{"allow":["GET"]}}],"collection":[{"href":"https:\/\/bmin.info\/WP\/wp-json\/wp\/v2\/posts"}],"about":[{"href":"https:\/\/bmin.info\/WP\/wp-json\/wp\/v2\/types\/post"}],"author":[{"embeddable":true,"href":"https:\/\/bmin.info\/WP\/wp-json\/wp\/v2\/users\/3"}],"replies":[{"embeddable":true,"href":"https:\/\/bmin.info\/WP\/wp-json\/wp\/v2\/comments?post=11213"}],"version-history":[{"count":8,"href":"https:\/\/bmin.info\/WP\/wp-json\/wp\/v2\/posts\/11213\/revisions"}],"predecessor-version":[{"id":11232,"href":"https:\/\/bmin.info\/WP\/wp-json\/wp\/v2\/posts\/11213\/revisions\/11232"}],"wp:attachment":[{"href":"https:\/\/bmin.info\/WP\/wp-json\/wp\/v2\/media?parent=11213"}],"wp:term":[{"taxonomy":"category","embeddable":true,"href":"https:\/\/bmin.info\/WP\/wp-json\/wp\/v2\/categories?post=11213"},{"taxonomy":"post_tag","embeddable":true,"href":"https:\/\/bmin.info\/WP\/wp-json\/wp\/v2\/tags?post=11213"}],"curies":[{"name":"wp","href":"https:\/\/api.w.org\/{rel}","templated":true}]}}