{"id":16,"date":"2015-12-04T20:05:51","date_gmt":"2015-12-04T19:05:51","guid":{"rendered":"http:\/\/bmin.info\/WP\/?p=16"},"modified":"2017-04-01T09:15:18","modified_gmt":"2017-04-01T08:15:18","slug":"slioe-so-schaut-aus-2015","status":"publish","type":"post","link":"https:\/\/bmin.info\/WP\/2015\/12\/04\/slioe-so-schaut-aus-2015\/","title":{"rendered":"SLI\u00d6: \u201eSo schaut aus! &#8211; 2015\u201c"},"content":{"rendered":"<p class=\"blog-entry-title\">Text: Pepo Meia<\/p>\n<div class=\"blog-entry-date\">\n<p>Am 3. Dezember 2015 &#8211;\u00a0<u><a href=\"http:\/\/de.wikipedia.org\/wiki\/Internationaler_Tag_der_Menschen_mit_Behinderung\" target=\"_blank\" rel=\"external\">am Internationalen Tag der Menschen mit Behinderung<\/a><\/u>\u00a0&#8211; fand vor dem Bundeskanzleramt eine Aktion von SLI\u00d6 (Dachverband der \u00f6sterreichischen Selbstbestimmt Leben-Bewegung) statt.Mit dieser Kunst-Aktion \u2013\u00a0<a href=\"http:\/\/bmin.info\/media\/So%20schaut%202015.pdf\" target=\"_blank\" rel=\"external\">eine Trag\u00f6die in 7 Akten<\/a>\u00a0&#8211; will SLI\u00d6 auf die Diskriminierung von Menschen mit Behinderung aufmerksam machen.<\/p>\n<p><img loading=\"lazy\" decoding=\"async\" class=\"imageStyle aligncenter\" src=\"http:\/\/www.bmin.info\/Nachrichten\/Nachrichten_files\/151203-sli-k_aktion.jpg\" alt=\"Foto der Demo\" width=\"640\" height=\"403\" \/><\/p>\n<p>&#8222;In allen Bereichen des Lebens sind behinderte Menschen in \u00d6sterreich von Diskriminierung betroffen, vor allem bei Bildung, Mobilit\u00e4t, Recht, Wohnen, Kultur, Arbeit und Barrierefreiheit&#8220;, stellt Mag.a Bernadette Feuerstein von SLI\u00d6 fest.<\/p>\n<p>Mehr dazu in\u00a0<u><a href=\"https:\/\/www.bizeps.or.at\/news.php?nr=16087\" target=\"_blank\" rel=\"external\">BIZEPS-online \u2013 mit einem Video von dieser Aktion<\/a><\/u><\/p>\n<\/div>\n","protected":false},"excerpt":{"rendered":"<p>Text: Pepo Meia Am 3. Dezember 2015 &#8211;\u00a0am Internationalen Tag der Menschen mit Behinderung\u00a0&#8211; fand vor dem Bundeskanzleramt eine Aktion von SLI\u00d6 (Dachverband der \u00f6sterreichischen Selbstbestimmt Leben-Bewegung) statt.Mit dieser Kunst-Aktion \u2013\u00a0eine Trag\u00f6die in 7 Akten\u00a0&#8211; will SLI\u00d6 auf die Diskriminierung von Menschen mit Behinderung aufmerksam machen. &#8222;In allen Bereichen des Lebens sind behinderte Menschen in&#8230; <a href=\"https:\/\/bmin.info\/WP\/2015\/12\/04\/slioe-so-schaut-aus-2015\/\" class=\"more-link\">Continue reading <span class=\"screen-reader-text\">SLI\u00d6: \u201eSo schaut aus! &#8211; 2015\u201c<\/span><\/a><\/p>\n","protected":false},"author":1,"featured_media":0,"comment_status":"closed","ping_status":"closed","sticky":false,"template":"","format":"standard","meta":{"footnotes":""},"categories":[3],"tags":[],"class_list":["post-16","post","type-post","status-publish","format-standard","hentry","category-info"],"_links":{"self":[{"href":"https:\/\/bmin.info\/WP\/wp-json\/wp\/v2\/posts\/16","targetHints":{"allow":["GET"]}}],"collection":[{"href":"https:\/\/bmin.info\/WP\/wp-json\/wp\/v2\/posts"}],"about":[{"href":"https:\/\/bmin.info\/WP\/wp-json\/wp\/v2\/types\/post"}],"author":[{"embeddable":true,"href":"https:\/\/bmin.info\/WP\/wp-json\/wp\/v2\/users\/1"}],"replies":[{"embeddable":true,"href":"https:\/\/bmin.info\/WP\/wp-json\/wp\/v2\/comments?post=16"}],"version-history":[{"count":4,"href":"https:\/\/bmin.info\/WP\/wp-json\/wp\/v2\/posts\/16\/revisions"}],"predecessor-version":[{"id":94,"href":"https:\/\/bmin.info\/WP\/wp-json\/wp\/v2\/posts\/16\/revisions\/94"}],"wp:attachment":[{"href":"https:\/\/bmin.info\/WP\/wp-json\/wp\/v2\/media?parent=16"}],"wp:term":[{"taxonomy":"category","embeddable":true,"href":"https:\/\/bmin.info\/WP\/wp-json\/wp\/v2\/categories?post=16"},{"taxonomy":"post_tag","embeddable":true,"href":"https:\/\/bmin.info\/WP\/wp-json\/wp\/v2\/tags?post=16"}],"curies":[{"name":"wp","href":"https:\/\/api.w.org\/{rel}","templated":true}]}}