{"id":168,"date":"2016-01-05T08:31:29","date_gmt":"2016-01-05T07:31:29","guid":{"rendered":"http:\/\/bmin.info\/WP\/?p=168"},"modified":"2017-04-01T09:14:53","modified_gmt":"2017-04-01T08:14:53","slug":"parken-auf-platz-fuer-behinderte-doch-zu-strafen","status":"publish","type":"post","link":"https:\/\/bmin.info\/WP\/2016\/01\/05\/parken-auf-platz-fuer-behinderte-doch-zu-strafen\/","title":{"rendered":"Parken auf Platz f\u00fcr Behinderte doch zu strafen"},"content":{"rendered":"<p>Text: Die Presse<br \/>\nVwGH hebt Urteil auf, das nur eine Ermahnung vorsah.<\/p>\n<p>Wien. Das illegale Parken auf einem Behindertenparkplatz ist also doch kein Kavaliersdelikt. Der Verwaltungsgerichtshof (VwGH) hebt eine Entscheidung des Landesverwaltungsgerichts Steiermark, mit der einem Verkehrss\u00fcnder eine Strafe erspart geblieben w\u00e4re, auf. Der B\u00fcrgermeister der Stadt Graz wandte sich an das H\u00f6chstgericht, damit der Autofahrer doch noch eine Geldbu\u00dfe leisten muss.<\/p>\n<p>Die Stadt wollte 70 Euro Strafe gegen den Fahrzeuglenker verh\u00e4ngen. Denn der Fahrer hatte, ohne einen Behindertenausweis an der Scheibe zu haben, sein Auto auf einen Parkplatz gestellt, der f\u00fcr Menschen mit Behinderung reserviert ist. Der Mann ging gegen die Strafe vor, das Landesverwaltungsgericht lie\u00df daraufhin Milde gegen\u00fcber dem Verkehrss\u00fcnder walten. Statt einer Strafe k\u00f6nne man es diesmal bei einer Ermahnung belassen, meinte es.<\/p>\n<p><u><a href=\"http:\/\/diepresse.com\/home\/recht\/rechtallgemein\/4897583\/Parken-auf-Platz-fur-Behinderte-doch-zu-strafen?_vl_backlink=\/home\/recht\/index.do\">Der kopklette Artikel: \u201eDie Presse\u201c vom 3. J\u00e4nner 2016<\/a><\/u><\/p>\n","protected":false},"excerpt":{"rendered":"<p>Text: Die Presse VwGH hebt Urteil auf, das nur eine Ermahnung vorsah. Wien. Das illegale Parken auf einem Behindertenparkplatz ist also doch kein Kavaliersdelikt. Der Verwaltungsgerichtshof (VwGH) hebt eine Entscheidung des Landesverwaltungsgerichts Steiermark, mit der einem Verkehrss\u00fcnder eine Strafe erspart geblieben w\u00e4re, auf. Der B\u00fcrgermeister der Stadt Graz wandte sich an das H\u00f6chstgericht, damit der&#8230; <a href=\"https:\/\/bmin.info\/WP\/2016\/01\/05\/parken-auf-platz-fuer-behinderte-doch-zu-strafen\/\" class=\"more-link\">Continue reading <span class=\"screen-reader-text\">Parken auf Platz f\u00fcr Behinderte doch zu strafen<\/span><\/a><\/p>\n","protected":false},"author":1,"featured_media":0,"comment_status":"closed","ping_status":"closed","sticky":false,"template":"","format":"standard","meta":{"footnotes":""},"categories":[3],"tags":[],"class_list":["post-168","post","type-post","status-publish","format-standard","hentry","category-info"],"_links":{"self":[{"href":"https:\/\/bmin.info\/WP\/wp-json\/wp\/v2\/posts\/168","targetHints":{"allow":["GET"]}}],"collection":[{"href":"https:\/\/bmin.info\/WP\/wp-json\/wp\/v2\/posts"}],"about":[{"href":"https:\/\/bmin.info\/WP\/wp-json\/wp\/v2\/types\/post"}],"author":[{"embeddable":true,"href":"https:\/\/bmin.info\/WP\/wp-json\/wp\/v2\/users\/1"}],"replies":[{"embeddable":true,"href":"https:\/\/bmin.info\/WP\/wp-json\/wp\/v2\/comments?post=168"}],"version-history":[{"count":1,"href":"https:\/\/bmin.info\/WP\/wp-json\/wp\/v2\/posts\/168\/revisions"}],"predecessor-version":[{"id":169,"href":"https:\/\/bmin.info\/WP\/wp-json\/wp\/v2\/posts\/168\/revisions\/169"}],"wp:attachment":[{"href":"https:\/\/bmin.info\/WP\/wp-json\/wp\/v2\/media?parent=168"}],"wp:term":[{"taxonomy":"category","embeddable":true,"href":"https:\/\/bmin.info\/WP\/wp-json\/wp\/v2\/categories?post=168"},{"taxonomy":"post_tag","embeddable":true,"href":"https:\/\/bmin.info\/WP\/wp-json\/wp\/v2\/tags?post=168"}],"curies":[{"name":"wp","href":"https:\/\/api.w.org\/{rel}","templated":true}]}}