{"id":23,"date":"2015-12-01T20:22:08","date_gmt":"2015-12-01T19:22:08","guid":{"rendered":"http:\/\/bmin.info\/WP\/?p=23"},"modified":"2017-04-01T09:15:18","modified_gmt":"2017-04-01T08:15:18","slug":"wien-alsergrund-thurnstiege-inklusion-beinahe-umgesetzt","status":"publish","type":"post","link":"https:\/\/bmin.info\/WP\/2015\/12\/01\/wien-alsergrund-thurnstiege-inklusion-beinahe-umgesetzt\/","title":{"rendered":"Wien Alsergrund: Thurnstiege \u2013 Inklusion beinahe umgesetzt"},"content":{"rendered":"<div class=\"blog-entry-date\">Text: Niels Cimpa, Pepo Meia<\/div>\n<div class=\"blog-entry-date\">\nFast genau zehn Jahre ist es her, dass die Thurnstiege in Wien Alsergrund er\u00f6ffnet wurde. Sie ist ein gutes Beispiel, wie Inklusion umgesetzt werden kann. Und nicht nur mobilit\u00e4tseingeschr\u00e4nkte Personen sind gl\u00fccklich damit (siehe YouTube-Video).<\/p>\n<p>Die Thurnstiege verbindet die W\u00e4hringerstra\u00dfe mit der Wasagasse, wobei sie nicht nur f\u00fcr Rollstuhlfahrer eine gute Ausweichm\u00f6glichkeit f\u00fcr die steile Berggasse bietet. Zwar ist die gewundene Rampe der Stiege etwas schmal f\u00fcr Rollst\u00fchle, dennoch auch f\u00fcr ge\u00fcbte E-Rollstuhlnutzer selbstst\u00e4ndig befahrbar.<\/p>\n<p><img loading=\"lazy\" decoding=\"async\" class=\"imageStyle aligncenter\" src=\"http:\/\/www.bmin.info\/Nachrichten\/Nachrichten_files\/151203thurnstiege2.jpg\" alt=\"Foto der Thurnstige von oben\" width=\"710\" height=\"288\" \/><\/p>\n<p><img loading=\"lazy\" decoding=\"async\" class=\"imageStyle aligncenter\" src=\"http:\/\/www.bmin.info\/Nachrichten\/Nachrichten_files\/151203thurnstiege.jpg\" alt=\"Foto der Thurnstige von unten\" width=\"710\" height=\"349\" \/><\/p>\n<p><img loading=\"lazy\" decoding=\"async\" class=\"imageStyle aligncenter\" src=\"http:\/\/www.bmin.info\/Nachrichten\/Nachrichten_files\/dscf0412-002810029.jpg\" alt=\"Tafel der Stiege. Text: erbaut unter Mitwirkung der Stadt Wien, der Bezirksvorsehung 9, den B\u00fcrgerInnen und der Agenda 21. Architekt: Regina Pizzinini. Konstruktion Ing. \u00d6hlinger + Metz. Bauausf\u00fchrung Alpine - Mayreder\" width=\"710\" height=\"330\" \/><\/p>\n<p>Die Kosten von ca. 1,1 Millionen Euro sind sicher sinnvoll investiert, wenn man bedenkt, wie viele Milliarden von Euro sinnlos vernichtet wurden. Vor allem Einsparungen im Sozialbereich treffen nicht nur behinderte Menschen. Wir w\u00fcrden uns daher w\u00fcnschen, dass alle Bezirksvorstehungen von Wien bzw. \u00f6sterreichsichen Kommunalpolitiker Inklusion ernst nehmen und derartige Ma\u00dfnahmen zur Barrierefreiheit setzten.<\/p>\n<p><u><a href=\"https:\/\/www.youtube.com\/watch?v=u37gA8ybTtk\" target=\"_blank\" rel=\"external\">YouTube-Video \/ Thurnstiege<\/a><\/u><\/p>\n<\/div>\n","protected":false},"excerpt":{"rendered":"<p>Text: Niels Cimpa, Pepo Meia Fast genau zehn Jahre ist es her, dass die Thurnstiege in Wien Alsergrund er\u00f6ffnet wurde. Sie ist ein gutes Beispiel, wie Inklusion umgesetzt werden kann. Und nicht nur mobilit\u00e4tseingeschr\u00e4nkte Personen sind gl\u00fccklich damit (siehe YouTube-Video). Die Thurnstiege verbindet die W\u00e4hringerstra\u00dfe mit der Wasagasse, wobei sie nicht nur f\u00fcr Rollstuhlfahrer eine&#8230; <a href=\"https:\/\/bmin.info\/WP\/2015\/12\/01\/wien-alsergrund-thurnstiege-inklusion-beinahe-umgesetzt\/\" class=\"more-link\">Continue reading <span class=\"screen-reader-text\">Wien Alsergrund: Thurnstiege \u2013 Inklusion beinahe umgesetzt<\/span><\/a><\/p>\n","protected":false},"author":1,"featured_media":0,"comment_status":"closed","ping_status":"closed","sticky":false,"template":"","format":"standard","meta":{"footnotes":""},"categories":[3],"tags":[],"class_list":["post-23","post","type-post","status-publish","format-standard","hentry","category-info"],"_links":{"self":[{"href":"https:\/\/bmin.info\/WP\/wp-json\/wp\/v2\/posts\/23","targetHints":{"allow":["GET"]}}],"collection":[{"href":"https:\/\/bmin.info\/WP\/wp-json\/wp\/v2\/posts"}],"about":[{"href":"https:\/\/bmin.info\/WP\/wp-json\/wp\/v2\/types\/post"}],"author":[{"embeddable":true,"href":"https:\/\/bmin.info\/WP\/wp-json\/wp\/v2\/users\/1"}],"replies":[{"embeddable":true,"href":"https:\/\/bmin.info\/WP\/wp-json\/wp\/v2\/comments?post=23"}],"version-history":[{"count":1,"href":"https:\/\/bmin.info\/WP\/wp-json\/wp\/v2\/posts\/23\/revisions"}],"predecessor-version":[{"id":24,"href":"https:\/\/bmin.info\/WP\/wp-json\/wp\/v2\/posts\/23\/revisions\/24"}],"wp:attachment":[{"href":"https:\/\/bmin.info\/WP\/wp-json\/wp\/v2\/media?parent=23"}],"wp:term":[{"taxonomy":"category","embeddable":true,"href":"https:\/\/bmin.info\/WP\/wp-json\/wp\/v2\/categories?post=23"},{"taxonomy":"post_tag","embeddable":true,"href":"https:\/\/bmin.info\/WP\/wp-json\/wp\/v2\/tags?post=23"}],"curies":[{"name":"wp","href":"https:\/\/api.w.org\/{rel}","templated":true}]}}