{"id":320,"date":"2016-02-26T10:31:39","date_gmt":"2016-02-26T09:31:39","guid":{"rendered":"http:\/\/bmin.info\/WP\/?p=320"},"modified":"2017-04-01T09:14:53","modified_gmt":"2017-04-01T08:14:53","slug":"zweiter-lift-fuer-den-stephansplatz-nix-ist-fix","status":"publish","type":"post","link":"https:\/\/bmin.info\/WP\/2016\/02\/26\/zweiter-lift-fuer-den-stephansplatz-nix-ist-fix\/","title":{"rendered":"Zweiter Lift f\u00fcr den Stephansplatz: &#8222;Nix ist fix&#8220;"},"content":{"rendered":"<p><strong><em>Barrierefreies Zusammenleben erfordert barrierefreies Denken<\/em><\/strong><\/p>\n<p>Text: Pepo Meia, Niels Cimpa<br \/>\nSeit Jahren wird von der Behindertenbewegung der Bau eines zweiten Aufzuges gefordert. Schon bei der Errichtung der gro\u00dfen Liftanlage h\u00e4tte man diese bis an die Oberfl\u00e4che des Wiener Stephansplatzes f\u00fchren k\u00f6nnen.<\/p>\n<p>Der Denkmalschutz ist sicherlich ein wichtiges Anliegen. Auch bei der Planung des ber\u00fchmten\u00a0<a href=\"http:\/\/oe1.orf.at\/artikel\/327768\" target=\"_blank\">Haas-Hauses<\/a>\u00a0h\u00e4tte man ein diesbez\u00fcgliches Veto einlegen k\u00f6nnen. Der Denkmalschutz wird auch oft als Ausrede missbraucht um barrierefreie Ma\u00dfnahmen aus Kostengr\u00fcnden zu verhindern. Es gibt genug positive Beispiele, (Kirchen, historische Geb\u00e4ude, uva.) wo sehr wohl der Denkmalschutz mit Barrierefreiheit vereinbar ist.<\/p>\n<p>Seit\u00a0Jahren ist bekannt, dass der Stephansplatz saniert werden muss. Jetzt wird das Vorhaben um rund 13 Mio. Euro umgesetzt, wie aus den Medien <a href=\"http:\/\/wien.orf.at\/news\/stories\/2754324\/\" target=\"_blank\">ORF<\/a> (Wien heute) und <a href=\"http:\/\/kurier.at\/chronik\/wien\/wien-stephansplatz-wird-ab-herbst-saniert\/183.112.679\" target=\"_blank\">div. Printmedien<\/a> bekannt wurde.\u2028 Nicht nur der neue Bezirksvorsteher der Inneren Stadt <a href=\"http:\/\/www.markusfigl.at\/Aktuelles\/2-lift-am-stephansplatz-muss-bei-generalsanierung-mitgebaut-werden\/\" target=\"_blank\">MMag. Markus Figl<\/a> bef\u00fcrwortet den Einbau einer zweiten Liftanlage.<\/p>\n<p>Die Wiener Linien haben dazu noch keine offizielle Stellungnahme abgegeben. Aus Insiderkreisen ist jedoch bekannt, dass die Wiener Linien nun die technische Umsetzung der zweiten Liftanlage f\u00fcr m\u00f6glich halten, dies jedoch eine Schlie\u00dfung der kompletten U-Bahn Station f\u00fcr die Dauer des Lifteinbaus notwendig macht und deshalb eine Realisierung des Projekts doch noch scheitern k\u00f6nnte.<\/p>\n<p>Die aktuelle Ausgabe der Bezirkszeitung Innere Stadt meint, dass der Einbau der zweiten Liftanlage fix sei.<\/p>\n<p><a href=\"http:\/\/www.meinbezirk.at\/epaper\/bezirkszeitung-innere-stadt-ausgabe-82016-e27836.html\" target=\"_blank\">Wiener Bezirkszeitung Innere Stadt \/ Ausgabe 8 vom 24. + 25 Febr. 2016 \/Seite 12-13<\/a><\/p>\n<p>bz-Artikel &#8222;Zweiter Lift f\u00fcr den Stephansplatz&#8220;\u00a0zur Vergr\u00f6\u00dferung anklicken<\/p>\n<p><a href=\"https:\/\/bmin.info\/WP\/wp-content\/uploads\/2016\/02\/bz1d.jpg\" rel=\"attachment wp-att-358\"><img loading=\"lazy\" decoding=\"async\" class=\"alignnone wp-image-358\" src=\"https:\/\/bmin.info\/WP\/wp-content\/uploads\/2016\/02\/bz1d-300x230.jpg\" alt=\"bz1d\" width=\"429\" height=\"329\" \/><\/a><a href=\"https:\/\/bmin.info\/WP\/wp-content\/uploads\/2016\/02\/bz-2d.jpg\" rel=\"attachment wp-att-357\"><img loading=\"lazy\" decoding=\"async\" class=\"alignnone wp-image-357\" src=\"https:\/\/bmin.info\/WP\/wp-content\/uploads\/2016\/02\/bz-2d-300x229.jpg\" alt=\"bz 2d\" width=\"432\" height=\"330\" \/><\/a><\/p>\n<p>Artikel zum Thema:<br \/>\n<a href=\"http:\/\/www.smilerkreativ.at\/bi\/BMINklusiv\/Nachrichten\/Eintrage\/2014\/5\/13_U-Bahnstation_Stephansplatz__Zweiter_Aufzug_an_die_Oberflache_notwendig.html\" target=\"_blank\">U-Bahnstation Stephansplatz: Zweiter Aufzug an die Oberfl\u00e4che notwendig<\/a> (13.5.2014)<br \/>\n<a href=\"http:\/\/www.smilerkreativ.at\/bi\/BMINklusiv\/Nachrichten\/Eintrage\/2014\/10\/22_Stephansplatz__Brauchen_einen_neuen_Lift.html\" target=\"_blank\">Stephansplatz: Brauchen einen neuen Lift<\/a> (22.10.2014)<br \/>\n<a href=\"http:\/\/www.bmin.info\/N-Archiv\/BMIN.achrichten\/Nachrichten\/Eintrage\/2015\/4\/3_Wiener_Linien__Kein_zweiter_Lift_am_Wiener_Stephansplatz.html\" target=\"_blank\">Wiener Linien: Kein zweiter Lift am Wiener Stephansplatz<\/a> (3.4.2015)<\/p>\n","protected":false},"excerpt":{"rendered":"<p>Barrierefreies Zusammenleben erfordert barrierefreies Denken Text: Pepo Meia, Niels Cimpa Seit Jahren wird von der Behindertenbewegung der Bau eines zweiten Aufzuges gefordert. Schon bei der Errichtung der gro\u00dfen Liftanlage h\u00e4tte man diese bis an die Oberfl\u00e4che des Wiener Stephansplatzes f\u00fchren k\u00f6nnen. Der Denkmalschutz ist sicherlich ein wichtiges Anliegen. Auch bei der Planung des ber\u00fchmten\u00a0Haas-Hauses\u00a0h\u00e4tte man&#8230; <a href=\"https:\/\/bmin.info\/WP\/2016\/02\/26\/zweiter-lift-fuer-den-stephansplatz-nix-ist-fix\/\" class=\"more-link\">Continue reading <span class=\"screen-reader-text\">Zweiter Lift f\u00fcr den Stephansplatz: &#8222;Nix ist fix&#8220;<\/span><\/a><\/p>\n","protected":false},"author":3,"featured_media":0,"comment_status":"closed","ping_status":"closed","sticky":false,"template":"","format":"standard","meta":{"footnotes":""},"categories":[3],"tags":[],"class_list":["post-320","post","type-post","status-publish","format-standard","hentry","category-info"],"_links":{"self":[{"href":"https:\/\/bmin.info\/WP\/wp-json\/wp\/v2\/posts\/320","targetHints":{"allow":["GET"]}}],"collection":[{"href":"https:\/\/bmin.info\/WP\/wp-json\/wp\/v2\/posts"}],"about":[{"href":"https:\/\/bmin.info\/WP\/wp-json\/wp\/v2\/types\/post"}],"author":[{"embeddable":true,"href":"https:\/\/bmin.info\/WP\/wp-json\/wp\/v2\/users\/3"}],"replies":[{"embeddable":true,"href":"https:\/\/bmin.info\/WP\/wp-json\/wp\/v2\/comments?post=320"}],"version-history":[{"count":26,"href":"https:\/\/bmin.info\/WP\/wp-json\/wp\/v2\/posts\/320\/revisions"}],"predecessor-version":[{"id":375,"href":"https:\/\/bmin.info\/WP\/wp-json\/wp\/v2\/posts\/320\/revisions\/375"}],"wp:attachment":[{"href":"https:\/\/bmin.info\/WP\/wp-json\/wp\/v2\/media?parent=320"}],"wp:term":[{"taxonomy":"category","embeddable":true,"href":"https:\/\/bmin.info\/WP\/wp-json\/wp\/v2\/categories?post=320"},{"taxonomy":"post_tag","embeddable":true,"href":"https:\/\/bmin.info\/WP\/wp-json\/wp\/v2\/tags?post=320"}],"curies":[{"name":"wp","href":"https:\/\/api.w.org\/{rel}","templated":true}]}}