{"id":3455,"date":"2012-05-17T13:12:35","date_gmt":"2012-05-17T12:12:35","guid":{"rendered":"http:\/\/bd4039d6-69e9-4c43-8872-f6783690a5ba"},"modified":"2019-04-26T12:07:05","modified_gmt":"2019-04-26T11:07:05","slug":"land-niedersterreich-hebt-barrierefreiheit-auf","status":"publish","type":"post","link":"https:\/\/bmin.info\/WP\/2012\/05\/17\/land-niedersterreich-hebt-barrierefreiheit-auf\/","title":{"rendered":"Land Nieder\u00f6sterreich hebt Barrierefreiheit auf"},"content":{"rendered":"\n<p>Voraussichtlich f\u00fcr den Zeitraum eines halben Jahres beabsichtigt das\u00a0<a rel=\"noreferrer noopener\" aria-label=\" (\u00f6ffnet in neuem Tab)\" href=\"http:\/\/www.noe.gv.at\/\" target=\"_blank\">Land Nieder\u00f6sterreich<\/a>\u00a0aus Spargr\u00fcnden die Barrierefreiheit bei der\u00a0<a rel=\"noreferrer noopener\" aria-label=\" (\u00f6ffnet in neuem Tab)\" href=\"http:\/\/www.noe.gv.at\/Bezirke\/BH-Bruck-a-d-Leitha.html\" target=\"_blank\">Bezirkshauptmannschaft Bruck an der Leitha<\/a>\u00a0aufzuheben. Bereits seit Februar ist diese Ma\u00dfnahme zum Leid und Nachteil Tausender B\u00fcrger des Verwaltungsbezirkes in Kraft; davon betroffen sind jedoch nicht nur Menschen mit Behinderung, sondern der \u00fcberwiegende Anteil aller B\u00fcrger, Besucher und Hilfesuchenden der Beh\u00f6rde. Der Bezirkshauptmannschaft sind die H\u00e4nde gebunden, denn die Ursache liegt an den Fehlentscheidungen der zust\u00e4ndigen Fachabteilung LAD3, vom Amt der N\u00d6 Landesregierung. Dessen Leiter,\u00a0<a href=\"http:\/\/www.noe.gv.at\/politik-verwaltung\/landesverwaltung\/amt-der-noe-landesregierung\/lv_abt_lad3.wai.html\" target=\"_blank\" rel=\"noreferrer noopener\" aria-label=\" (\u00f6ffnet in neuem Tab)\">Dr. Gerhard Tretzm\u00fcller<\/a>\u00a0stellt erst f\u00fcr die kommenden Monate eine Verbesserung in Aussicht \u2013 unfassbar &#8230;<br \/><\/p>\n\n\n\n<p>Direktlink zum Video:\u00a0<a href=\"http:\/\/www.voice.dergloeckel.eu\/2012\/05\/land-niederoesterreich-hebt-barrierefreiheit-auf\/\" target=\"_blank\" rel=\"noreferrer noopener\" aria-label=\" (\u00f6ffnet in neuem Tab)\">Nachrichtenmagazin \u201eDER GL\u00d6CKEL\u201c<\/a><br \/><\/p>\n\n\n\n<p><a href=\"http:\/\/www.bizeps.or.at\/news.php?nr=13217\" target=\"_blank\" rel=\"noreferrer noopener\" aria-label=\" (\u00f6ffnet in neuem Tab)\">N\u00d6: Aus Spargr\u00fcnden barrierefreien Zugang gesperrt<\/a><br \/><\/p>\n\n\n\n<p>Schon seit 3 Monaten ist der barrierefreie Zugang beim Parkplatz des Verwaltungsgeb\u00e4udes der Bezirkshauptmannschaft Bruck an der Leitha gesperrt &#8211; ein Wartungsvertrag f\u00fcr eine automatische T\u00fcre wurde vom Land N\u00d6 gek\u00fcndigt.<br \/><\/p>\n\n\n\n<p><a href=\"http:\/\/www.bizeps.or.at\/news.php?nr=13217\" target=\"_blank\" rel=\"noreferrer noopener\" aria-label=\" (\u00f6ffnet in neuem Tab)\">Direktlink zum Artikel in BIZEPS:<\/a><\/p>\n","protected":false},"excerpt":{"rendered":"<p>Voraussichtlich f\u00fcr den Zeitraum eines halben Jahres beabsichtigt das\u00a0Land Nieder\u00f6sterreich\u00a0aus Spargr\u00fcnden die Barrierefreiheit bei der\u00a0Bezirkshauptmannschaft Bruck an der Leitha\u00a0aufzuheben. Bereits seit Februar ist diese Ma\u00dfnahme zum Leid und Nachteil Tausender B\u00fcrger des Verwaltungsbezirkes in Kraft; davon betroffen sind jedoch nicht nur Menschen mit Behinderung, sondern der \u00fcberwiegende Anteil aller B\u00fcrger, Besucher und Hilfesuchenden der Beh\u00f6rde.&#8230; <a href=\"https:\/\/bmin.info\/WP\/2012\/05\/17\/land-niedersterreich-hebt-barrierefreiheit-auf\/\" class=\"more-link\">Continue reading <span class=\"screen-reader-text\">Land Nieder\u00f6sterreich hebt Barrierefreiheit auf<\/span><\/a><\/p>\n","protected":false},"author":1,"featured_media":0,"comment_status":"closed","ping_status":"closed","sticky":false,"template":"","format":"standard","meta":{"footnotes":""},"categories":[3],"tags":[],"class_list":["post-3455","post","type-post","status-publish","format-standard","hentry","category-info"],"_links":{"self":[{"href":"https:\/\/bmin.info\/WP\/wp-json\/wp\/v2\/posts\/3455","targetHints":{"allow":["GET"]}}],"collection":[{"href":"https:\/\/bmin.info\/WP\/wp-json\/wp\/v2\/posts"}],"about":[{"href":"https:\/\/bmin.info\/WP\/wp-json\/wp\/v2\/types\/post"}],"author":[{"embeddable":true,"href":"https:\/\/bmin.info\/WP\/wp-json\/wp\/v2\/users\/1"}],"replies":[{"embeddable":true,"href":"https:\/\/bmin.info\/WP\/wp-json\/wp\/v2\/comments?post=3455"}],"version-history":[{"count":2,"href":"https:\/\/bmin.info\/WP\/wp-json\/wp\/v2\/posts\/3455\/revisions"}],"predecessor-version":[{"id":6437,"href":"https:\/\/bmin.info\/WP\/wp-json\/wp\/v2\/posts\/3455\/revisions\/6437"}],"wp:attachment":[{"href":"https:\/\/bmin.info\/WP\/wp-json\/wp\/v2\/media?parent=3455"}],"wp:term":[{"taxonomy":"category","embeddable":true,"href":"https:\/\/bmin.info\/WP\/wp-json\/wp\/v2\/categories?post=3455"},{"taxonomy":"post_tag","embeddable":true,"href":"https:\/\/bmin.info\/WP\/wp-json\/wp\/v2\/tags?post=3455"}],"curies":[{"name":"wp","href":"https:\/\/api.w.org\/{rel}","templated":true}]}}