{"id":3456,"date":"2012-05-17T09:30:39","date_gmt":"2012-05-17T08:30:39","guid":{"rendered":"http:\/\/d6f1893f-b8e6-4653-89ae-ccf667193b2f"},"modified":"2019-04-26T12:09:12","modified_gmt":"2019-04-26T11:09:12","slug":"pflegelifter-krankenkasse-muss-zahlen","status":"publish","type":"post","link":"https:\/\/bmin.info\/WP\/2012\/05\/17\/pflegelifter-krankenkasse-muss-zahlen\/","title":{"rendered":"Pflegelifter: Krankenkasse muss zahlen"},"content":{"rendered":"\n<p>Ein 91-j\u00e4hriger Mann, dem der Arzt ein Hilfsmittel verschrieben hatte, siegt vor dem H\u00f6chstgericht.&nbsp;<br \/><\/p>\n\n\n\n<p>Wien\/Aich. Wenn die Bewegungsf\u00e4higkeit eines Menschen so stark eingeschr\u00e4nkt ist, dass er nicht aus eigener Kraft stehen kann, dann hilft ein Pflegelifter. Dieser ist eine Konstruktion mit Tragegurten, mit deren Hilfe Patienten mit einer Restmobilit\u00e4t in eine vertikale Position gebracht werden k\u00f6nnen. Das erleichtert das Wechseln der Kleidung oder die K\u00f6rperpflege. Doch auch wenn der Arzt einem demenzkranken 91-J\u00e4hrigen diese Hilfe verschrieben hatte, wollte die Krankenkasse nicht daf\u00fcr zahlen.<br \/><\/p>\n\n\n\n<p>Der Mann klagte, scheiterte aber zun\u00e4chst vor dem Landesgericht Leoben. Dieses argumentierte damit, dass es sich bei einem Pflegelifter um keinen Heilbehelf handle \u2013 denn er heile ja nichts. Als Hilfsmittel sei der Pflegelifter zwar anzusehen. Im konkreten Fall sei er aber nicht n\u00f6tig, weil er nicht den Mann, sondern vor allem den Pfleger entlaste. Das Oberlandesgericht Graz entschied aber f\u00fcr den Greis. Der Pflegelifter sei ein notwendiges Hilfsmitel, zumal die noch bestehende Restbeweglichkeit des Mannes so \u00fcber einen m\u00f6glichst langen Zeitraum erhalten werden kann.<br \/>Der Oberste Gerichtshof (10 ObS 26\/12i) best\u00e4tigte das Urteil: Solange eine Krankheit durch Heilbehelfe beeinflussbar und eine Verbesserung bzw. eine Stabilisierung der Gesundheit zu erwarten ist, m\u00fcsse die Krankenkasse die Kosten tragen. Und der Pflegelifter dehne die verk\u00fcrzte Muskulatur, zudem wirke sich eine erh\u00f6hte Mobilit\u00e4t g\u00fcnstig auf Begleiterkrankungen der Demenz aus.<\/p>\n\n\n\n<p>(&#8222;Die Presse&#8220;, Print-Ausgabe, 14.05.2012)<br \/><\/p>\n\n\n\n<p><a href=\"http:\/\/diepresse.com\/home\/recht\/rechtallgemein\/757558\/Pflegelifter_Krankenkasse-muss-zahlen\" target=\"_blank\" rel=\"noreferrer noopener\" aria-label=\" (\u00f6ffnet in neuem Tab)\">Link \u201eDie Presse\u201c<\/a><\/p>\n","protected":false},"excerpt":{"rendered":"<p>Ein 91-j\u00e4hriger Mann, dem der Arzt ein Hilfsmittel verschrieben hatte, siegt vor dem H\u00f6chstgericht.&nbsp; Wien\/Aich. Wenn die Bewegungsf\u00e4higkeit eines Menschen so stark eingeschr\u00e4nkt ist, dass er nicht aus eigener Kraft stehen kann, dann hilft ein Pflegelifter. Dieser ist eine Konstruktion mit Tragegurten, mit deren Hilfe Patienten mit einer Restmobilit\u00e4t in eine vertikale Position gebracht werden&#8230; <a href=\"https:\/\/bmin.info\/WP\/2012\/05\/17\/pflegelifter-krankenkasse-muss-zahlen\/\" class=\"more-link\">Continue reading <span class=\"screen-reader-text\">Pflegelifter: Krankenkasse muss zahlen<\/span><\/a><\/p>\n","protected":false},"author":1,"featured_media":0,"comment_status":"closed","ping_status":"closed","sticky":false,"template":"","format":"standard","meta":{"footnotes":""},"categories":[3],"tags":[],"class_list":["post-3456","post","type-post","status-publish","format-standard","hentry","category-info"],"_links":{"self":[{"href":"https:\/\/bmin.info\/WP\/wp-json\/wp\/v2\/posts\/3456","targetHints":{"allow":["GET"]}}],"collection":[{"href":"https:\/\/bmin.info\/WP\/wp-json\/wp\/v2\/posts"}],"about":[{"href":"https:\/\/bmin.info\/WP\/wp-json\/wp\/v2\/types\/post"}],"author":[{"embeddable":true,"href":"https:\/\/bmin.info\/WP\/wp-json\/wp\/v2\/users\/1"}],"replies":[{"embeddable":true,"href":"https:\/\/bmin.info\/WP\/wp-json\/wp\/v2\/comments?post=3456"}],"version-history":[{"count":2,"href":"https:\/\/bmin.info\/WP\/wp-json\/wp\/v2\/posts\/3456\/revisions"}],"predecessor-version":[{"id":6438,"href":"https:\/\/bmin.info\/WP\/wp-json\/wp\/v2\/posts\/3456\/revisions\/6438"}],"wp:attachment":[{"href":"https:\/\/bmin.info\/WP\/wp-json\/wp\/v2\/media?parent=3456"}],"wp:term":[{"taxonomy":"category","embeddable":true,"href":"https:\/\/bmin.info\/WP\/wp-json\/wp\/v2\/categories?post=3456"},{"taxonomy":"post_tag","embeddable":true,"href":"https:\/\/bmin.info\/WP\/wp-json\/wp\/v2\/tags?post=3456"}],"curies":[{"name":"wp","href":"https:\/\/api.w.org\/{rel}","templated":true}]}}