{"id":3462,"date":"2012-05-04T06:06:01","date_gmt":"2012-05-04T05:06:01","guid":{"rendered":"http:\/\/8b2ae02a-8755-404f-8ff9-4a98d2a07339"},"modified":"2019-04-26T11:57:18","modified_gmt":"2019-04-26T10:57:18","slug":"maiaufmarsch-der-wiener-sp-am-1-mai-2012-interviews-zum-thema-barrierefreiheit","status":"publish","type":"post","link":"https:\/\/bmin.info\/WP\/2012\/05\/04\/maiaufmarsch-der-wiener-sp-am-1-mai-2012-interviews-zum-thema-barrierefreiheit\/","title":{"rendered":"Maiaufmarsch der Wiener SP\u00d6 am 1. Mai 2012: Interviews zum Thema Barrierefreiheit"},"content":{"rendered":"\n<div class=\"wp-block-image\"><figure class=\"alignright\"><img loading=\"lazy\" decoding=\"async\" width=\"180\" height=\"135\" src=\"https:\/\/bmin.info\/WP\/wp-content\/uploads\/2019\/04\/image.png\" alt=\"\" class=\"wp-image-6418\" srcset=\"https:\/\/bmin.info\/WP\/wp-content\/uploads\/2019\/04\/image.png 180w, https:\/\/bmin.info\/WP\/wp-content\/uploads\/2019\/04\/image-144x108.png 144w\" sizes=\"auto, (max-width: 180px) 100vw, 180px\" \/><\/figure><\/div>\n\n\n\n<p><a href=\"http:\/\/www.smilerkreativ.at\/bmin\/Behinderte_Menschen_in_Not\/Media\/120501FeuersteinBarrierefr.mp3\"><strong>Mag. Bernadette Feuerstein, Vorsitzende der SLI\u00d6(Selbstbestimmt Leben Initiative)<\/strong><\/a> war von der Rede Kanzler Faymanns beeindruckt, der darin auch das Thema Pflege ansprach. Viel Arbeit der Behindertenbewegung st\u00fcnde noch bevor, damit diese auch in die Arbeitsgruppen miteinbezogen werden.<\/p>\n\n\n\n<p><\/p>\n\n\n\n<p><a href=\"http:\/\/www.smilerkreativ.at\/bmin\/Behinderte_Menschen_in_Not\/Media\/120501Ludwig_Barrierefreih.mp3\"><strong>Dr. Michael Ludwig, Wohnbaustadtrat<\/strong><\/a>, sieht den 1. Mai als gr\u00f6\u00dfte politische Kundgebung in \u00d6sterreich. Informationen zu behindertengerechten Ma\u00dfnahmen kann man sich \u00fcber die Fachstelle f\u00fcr barrierefreies Planen, Bauen und Wohnen in der Muthgasse einholen.<\/p>\n\n\n\n<div class=\"wp-block-image\"><figure class=\"alignright\"><img loading=\"lazy\" decoding=\"async\" width=\"181\" height=\"128\" src=\"https:\/\/bmin.info\/WP\/wp-content\/uploads\/2019\/04\/120501BuresMkl.jpg\" alt=\"\" class=\"wp-image-6420\" srcset=\"https:\/\/bmin.info\/WP\/wp-content\/uploads\/2019\/04\/120501BuresMkl.jpg 181w, https:\/\/bmin.info\/WP\/wp-content\/uploads\/2019\/04\/120501BuresMkl-144x102.jpg 144w\" sizes=\"auto, (max-width: 181px) 100vw, 181px\" \/><\/figure><\/div>\n\n\n\n<p><a href=\"http:\/\/www.smilerkreativ.at\/bmin\/Behinderte_Menschen_in_Not\/Media\/120501BuresBarrierefr.mp3\"><strong>Infrastrukturminister Doris Bures zum Thema Barrierefreiheit:<\/strong><\/a> 100 Bahnh\u00f6fe werden barrierefrei gestaltet, Ziel muss es aber sein alle Bahnh\u00f6fe \u00f6sterreichweit \u201eins 21. Jahrhundert zu bringen\u201c und barrierefrei zu gestalten. Das Ziel (laut Bundesbehindertengleichstellungsgesetz soll bis 2016 der \u00f6ffentliche Raum barrierefrei sein), habe man nicht aus \u201eJux und Tollerei festgeschrieben\u201c, auf einen konkreten Endtermin, wann dieses Ziel erreicht wird, konnte sie sich aber nicht festlegen.<\/p>\n\n\n\n<div class=\"wp-block-image\"><figure class=\"alignright\"><img loading=\"lazy\" decoding=\"async\" width=\"180\" height=\"119\" src=\"https:\/\/bmin.info\/WP\/wp-content\/uploads\/2019\/04\/120501SchickerMakl.jpg\" alt=\"\" class=\"wp-image-6421\" srcset=\"https:\/\/bmin.info\/WP\/wp-content\/uploads\/2019\/04\/120501SchickerMakl.jpg 180w, https:\/\/bmin.info\/WP\/wp-content\/uploads\/2019\/04\/120501SchickerMakl-144x95.jpg 144w\" sizes=\"auto, (max-width: 180px) 100vw, 180px\" \/><\/figure><\/div>\n\n\n\n<p><a href=\"http:\/\/www.smilerkreativ.at\/bmin\/Behinderte_Menschen_in_Not\/Media\/120501SchickerBarrierefr.mp3\"><strong>DI Rudolf Schicker, Klubobmann der SP\u00d6-Wien<\/strong><\/a>, forciert die Rot-Gr\u00fcne Zusammenarbeit auch auf Bundesebene und verteidigt die Parkraumbewirtschaftung. Er ist auf den ULF (Niederflurstra\u00dfenbahn), \u201ePorsche mit Fahrer\u201c f\u00fcr 2 Euro &#8211; und die U-Bahn in Wien stolz.<\/p>\n\n\n\n<div class=\"wp-block-image\"><figure class=\"alignright\"><img loading=\"lazy\" decoding=\"async\" width=\"181\" height=\"151\" src=\"https:\/\/bmin.info\/WP\/wp-content\/uploads\/2019\/04\/Kalina.jpg\" alt=\"\" class=\"wp-image-6422\" srcset=\"https:\/\/bmin.info\/WP\/wp-content\/uploads\/2019\/04\/Kalina.jpg 181w, https:\/\/bmin.info\/WP\/wp-content\/uploads\/2019\/04\/Kalina-144x120.jpg 144w\" sizes=\"auto, (max-width: 181px) 100vw, 181px\" \/><\/figure><\/div>\n\n\n\n<p><a href=\"http:\/\/www.smilerkreativ.at\/bmin\/Behinderte_Menschen_in_Not\/Media\/120501KalinaBarrierefr.mp3\"><strong>Josef Kalina, ehemaliger SP\u00d6-Bundesgesch\u00e4ftsf\u00fchrer<\/strong><\/a>, war jahrelang mit dem Thema Barrierefreiheit (Umbau der Parteizentrale in der L\u00f6welstra\u00dfe) konfrontiert.<\/p>\n\n\n\n<p>Behindertenaktivisten sind mit den Ergebnissen jedoch nicht zufrieden.<\/p>\n\n\n\n<p> <\/p>\n\n\n\n<p> <\/p>\n\n\n\n<div class=\"wp-block-image\"><figure class=\"alignright\"><img loading=\"lazy\" decoding=\"async\" width=\"181\" height=\"181\" src=\"https:\/\/bmin.info\/WP\/wp-content\/uploads\/2019\/04\/120428TillerMeia02kl.jpg\" alt=\"\" class=\"wp-image-6423\" srcset=\"https:\/\/bmin.info\/WP\/wp-content\/uploads\/2019\/04\/120428TillerMeia02kl.jpg 181w, https:\/\/bmin.info\/WP\/wp-content\/uploads\/2019\/04\/120428TillerMeia02kl-150x150.jpg 150w, https:\/\/bmin.info\/WP\/wp-content\/uploads\/2019\/04\/120428TillerMeia02kl-144x144.jpg 144w\" sizes=\"auto, (max-width: 181px) 100vw, 181px\" \/><\/figure><\/div>\n\n\n\n<p><a href=\"http:\/\/www.smilerkreativ.at\/bmin\/Behinderte_Menschen_in_Not\/Media\/120428TillerBarrierefr.mp3\"><strong>Adi\u201c Tiller, Bezirkskaiser von D\u00f6bling<\/strong><\/a>, verteilte Lunchpakete bei einer Oldtimer-Rallye vor dem Q19. Den Vorwurf einer so genannten \u201eBlindenampel\u201c nicht gleich zugestimmt zu haben, entgegnet er: \u201eWenn die Gr\u00fcnen dem Bezirksbudget nicht zustimmen, k\u00f6nnen sie auch an das Budget keine Antr\u00e4ge stellen.\u201c Und weiter: \u201eTiller ist schon acht Mal wiedergew\u00e4hlt worden, die Gr\u00fcnen sind am Holzweg.\u201c Die Vorgaben des Bundesbehindertengleichstellungsgesetzes (Barrierefreiheit bis 2016) k\u00f6nne der Bezirk nicht erf\u00fcllen.<\/p>\n\n\n\n<div class=\"wp-block-image\"><figure class=\"alignright\"><img loading=\"lazy\" decoding=\"async\" width=\"180\" height=\"107\" src=\"https:\/\/bmin.info\/WP\/wp-content\/uploads\/2019\/04\/120502Hieber.jpg\" alt=\"\" class=\"wp-image-6424\" srcset=\"https:\/\/bmin.info\/WP\/wp-content\/uploads\/2019\/04\/120502Hieber.jpg 180w, https:\/\/bmin.info\/WP\/wp-content\/uploads\/2019\/04\/120502Hieber-144x86.jpg 144w\" sizes=\"auto, (max-width: 180px) 100vw, 180px\" \/><\/figure><\/div>\n\n\n\n<p><a href=\"http:\/\/www.smilerkreativ.at\/bmin\/Behinderte_Menschen_in_Not\/Media\/120502HieberBarrierefr.mp3\"><strong>Dr. Heinz Hieber, Klubobmann der D\u00f6blinger Gr\u00fcnen<\/strong><\/a>: \u201eZur Causa \u201eBlindenampel\u201c: Hieber wirft Tiller eine undemokratische Haltung vor. Eine Sehbehindertenorganisation sei an die D\u00f6blinger-Gr\u00fcnen herangetreten, da ein Betroffener die D\u00f6blinger Hauptstra\u00dfe-Billrothstra\u00dfe nur unter gr\u00f6\u00dfter Gefahr \u00fcberqueren kann. Die Ampelanlage ist noch immer nicht mit Lautsignalen ausgestattet. Deshalb stellten die Gr\u00fcnen bei der letzten Sitzung einen diesbez\u00fcglichen Antrag. Darauf entbrannte eine heftige Debatte im Bezirksparlament. BV Tiller warf den Gr\u00fcnen vor, wenn sie dem Bezirksbudget nicht zustimmen, gibt es auch f\u00fcr derartige Ma\u00dfnahmen kein Geld. Hieber f\u00fchrt weiter aus, dass jedes Jahr \u00fcber eine Million vom veranschlagten Bezirksbudget \u00fcberbleibt, da k\u00f6nnte man locker bis 2016 alle Kreuzungen in D\u00f6bling mit Gehsteigabsenkungen, aber auch s\u00e4mtliche Ampeln im Bezirk mit Lautsignalen ausstatten. Es liegt am Willen der \u00d6VP. Dem Antrag wurde dann zwar einstimmig zugestimmt, jedoch ist es fraglich, ob diese behindertengerechte Ma\u00dfnahme, wie die Erfahrung zeigt, tats\u00e4chlich rasch umgesetzt wird. <br \/><\/p>\n","protected":false},"excerpt":{"rendered":"<p>Mag. Bernadette Feuerstein, Vorsitzende der SLI\u00d6(Selbstbestimmt Leben Initiative) war von der Rede Kanzler Faymanns beeindruckt, der darin auch das Thema Pflege ansprach. Viel Arbeit der Behindertenbewegung st\u00fcnde noch bevor, damit diese auch in die Arbeitsgruppen miteinbezogen werden. Dr. Michael Ludwig, Wohnbaustadtrat, sieht den 1. Mai als gr\u00f6\u00dfte politische Kundgebung in \u00d6sterreich. Informationen zu behindertengerechten Ma\u00dfnahmen&#8230; <a href=\"https:\/\/bmin.info\/WP\/2012\/05\/04\/maiaufmarsch-der-wiener-sp-am-1-mai-2012-interviews-zum-thema-barrierefreiheit\/\" class=\"more-link\">Continue reading <span class=\"screen-reader-text\">Maiaufmarsch der Wiener SP\u00d6 am 1. Mai 2012: Interviews zum Thema Barrierefreiheit<\/span><\/a><\/p>\n","protected":false},"author":1,"featured_media":0,"comment_status":"closed","ping_status":"closed","sticky":false,"template":"","format":"standard","meta":{"footnotes":""},"categories":[3],"tags":[],"class_list":["post-3462","post","type-post","status-publish","format-standard","hentry","category-info"],"_links":{"self":[{"href":"https:\/\/bmin.info\/WP\/wp-json\/wp\/v2\/posts\/3462","targetHints":{"allow":["GET"]}}],"collection":[{"href":"https:\/\/bmin.info\/WP\/wp-json\/wp\/v2\/posts"}],"about":[{"href":"https:\/\/bmin.info\/WP\/wp-json\/wp\/v2\/types\/post"}],"author":[{"embeddable":true,"href":"https:\/\/bmin.info\/WP\/wp-json\/wp\/v2\/users\/1"}],"replies":[{"embeddable":true,"href":"https:\/\/bmin.info\/WP\/wp-json\/wp\/v2\/comments?post=3462"}],"version-history":[{"count":5,"href":"https:\/\/bmin.info\/WP\/wp-json\/wp\/v2\/posts\/3462\/revisions"}],"predecessor-version":[{"id":6434,"href":"https:\/\/bmin.info\/WP\/wp-json\/wp\/v2\/posts\/3462\/revisions\/6434"}],"wp:attachment":[{"href":"https:\/\/bmin.info\/WP\/wp-json\/wp\/v2\/media?parent=3462"}],"wp:term":[{"taxonomy":"category","embeddable":true,"href":"https:\/\/bmin.info\/WP\/wp-json\/wp\/v2\/categories?post=3462"},{"taxonomy":"post_tag","embeddable":true,"href":"https:\/\/bmin.info\/WP\/wp-json\/wp\/v2\/tags?post=3462"}],"curies":[{"name":"wp","href":"https:\/\/api.w.org\/{rel}","templated":true}]}}